{"id":46828,"date":"2025-07-27T01:49:59","date_gmt":"2025-07-27T01:49:59","guid":{"rendered":"https:\/\/armstrongyregion.com.ar\/diario\/?p=46828"},"modified":"2025-07-27T01:50:01","modified_gmt":"2025-07-27T01:50:01","slug":"el-senador-verdecchia-continua-las-gestiones-para-frecuencias-de-transporte-interurbano-en-el-departamento-belgrano","status":"publish","type":"post","link":"https:\/\/armstrongyregion.com.ar\/diario\/el-senador-verdecchia-continua-las-gestiones-para-frecuencias-de-transporte-interurbano-en-el-departamento-belgrano\/","title":{"rendered":"El Senador Verdecchia contin\u00faa las gestiones para frecuencias de transporte interurbano en el Departamento Belgrano."},"content":{"rendered":"\n<figure class=\"wp-block-image size-full\"><img loading=\"lazy\" decoding=\"async\" width=\"400\" height=\"320\" src=\"http:\/\/armstrongyregion.com.ar\/diario\/wp-content\/uploads\/2025\/07\/Verdecchia-Transporte-.jpg\" alt=\"\" class=\"wp-image-46829\" srcset=\"https:\/\/armstrongyregion.com.ar\/diario\/wp-content\/uploads\/2025\/07\/Verdecchia-Transporte-.jpg 400w, https:\/\/armstrongyregion.com.ar\/diario\/wp-content\/uploads\/2025\/07\/Verdecchia-Transporte--300x240.jpg 300w\" sizes=\"auto, (max-width: 400px) 100vw, 400px\" \/><\/figure>\n\n\n\n<p>El Senador Pablo Verdecchia mantuvo una reuni\u00f3n con M\u00f3nica Alvarado, Secretaria de Transporte de la Provincia de Santa fe, para continuar trabajando en la ampliaci\u00f3n del servicio de transporte de pasajeros que conecta al Departamento Belgrano con las ciudades de la regi\u00f3n.<\/p>\n\n\n\n<p>El encuentro tuvo como objetivo abordar las necesidades territoriales de cada localidad y trazar soluciones innovadores que permitan dar respuestas a esta problem\u00e1tica.<\/p>\n","protected":false},"excerpt":{"rendered":"<p>El Senador Verdecchia contin\u00faa las gestiones para frecuencias de transporte interurbano en el Departamento Belgrano.<\/p>\n","protected":false},"author":1,"featured_media":46829,"comment_status":"open","ping_status":"open","sticky":false,"template":"","format":"image","meta":{"_jetpack_memberships_contains_paid_content":false,"footnotes":"","jetpack_publicize_message":"","jetpack_publicize_feature_enabled":true,"jetpack_social_post_already_shared":true,"jetpack_social_options":{"image_generator_settings":{"template":"highway","default_image_id":0,"enabled":false},"version":2}},"categories":[8,1,2,7,3],"tags":[10841,5030,11375,11927,8777,238,1090,205],"class_list":["post-46828","post","type-post","status-publish","format-image","has-post-thumbnail","hentry","category-deliberando","category-diario-armstrong","category-locales","category-politica","category-region","tag-departamento-belgrano","tag-diario-armstrong","tag-frecuencias","tag-interurbano-2","tag-lic-graciela-de-la-casa","tag-senador","tag-transporte","tag-verdecchia","post_format-post-format-image"],"jetpack_publicize_connections":[],"jetpack_featured_media_url":"https:\/\/armstrongyregion.com.ar\/diario\/wp-content\/uploads\/2025\/07\/Verdecchia-Transporte-.jpg","jetpack_shortlink":"https:\/\/wp.me\/p62QDO-cbi","jetpack_sharing_enabled":true,"amp_enabled":true,"_links":{"self":[{"href":"https:\/\/armstrongyregion.com.ar\/diario\/wp-json\/wp\/v2\/posts\/46828","targetHints":{"allow":["GET"]}}],"collection":[{"href":"https:\/\/armstrongyregion.com.ar\/diario\/wp-json\/wp\/v2\/posts"}],"about":[{"href":"https:\/\/armstrongyregion.com.ar\/diario\/wp-json\/wp\/v2\/types\/post"}],"author":[{"embeddable":true,"href":"https:\/\/armstrongyregion.com.ar\/diario\/wp-json\/wp\/v2\/users\/1"}],"replies":[{"embeddable":true,"href":"https:\/\/armstrongyregion.com.ar\/diario\/wp-json\/wp\/v2\/comments?post=46828"}],"version-history":[{"count":1,"href":"https:\/\/armstrongyregion.com.ar\/diario\/wp-json\/wp\/v2\/posts\/46828\/revisions"}],"predecessor-version":[{"id":46830,"href":"https:\/\/armstrongyregion.com.ar\/diario\/wp-json\/wp\/v2\/posts\/46828\/revisions\/46830"}],"wp:featuredmedia":[{"embeddable":true,"href":"https:\/\/armstrongyregion.com.ar\/diario\/wp-json\/wp\/v2\/media\/46829"}],"wp:attachment":[{"href":"https:\/\/armstrongyregion.com.ar\/diario\/wp-json\/wp\/v2\/media?parent=46828"}],"wp:term":[{"taxonomy":"category","embeddable":true,"href":"https:\/\/armstrongyregion.com.ar\/diario\/wp-json\/wp\/v2\/categories?post=46828"},{"taxonomy":"post_tag","embeddable":true,"href":"https:\/\/armstrongyregion.com.ar\/diario\/wp-json\/wp\/v2\/tags?post=46828"}],"curies":[{"name":"wp","href":"https:\/\/api.w.org\/{rel}","templated":true}]}}