{"id":46818,"date":"2025-07-23T23:08:36","date_gmt":"2025-07-23T23:08:36","guid":{"rendered":"https:\/\/armstrongyregion.com.ar\/diario\/?p=46818"},"modified":"2025-07-23T23:08:38","modified_gmt":"2025-07-23T23:08:38","slug":"armstrong-charla-sobre-gestion-de-energia-en-industrias-y-mas","status":"publish","type":"post","link":"https:\/\/armstrongyregion.com.ar\/diario\/armstrong-charla-sobre-gestion-de-energia-en-industrias-y-mas\/","title":{"rendered":"Armstrong. Charla sobre gesti\u00f3n de energ\u00eda en industrias y m\u00e1s."},"content":{"rendered":"\n<figure class=\"wp-block-image size-full\"><img loading=\"lazy\" decoding=\"async\" width=\"504\" height=\"378\" src=\"http:\/\/armstrongyregion.com.ar\/diario\/wp-content\/uploads\/2025\/07\/ENERGIA-1-A-.jpg\" alt=\"\" class=\"wp-image-46821\" srcset=\"https:\/\/armstrongyregion.com.ar\/diario\/wp-content\/uploads\/2025\/07\/ENERGIA-1-A-.jpg 504w, https:\/\/armstrongyregion.com.ar\/diario\/wp-content\/uploads\/2025\/07\/ENERGIA-1-A--300x225.jpg 300w\" sizes=\"auto, (max-width: 504px) 100vw, 504px\" \/><\/figure>\n\n\n\n<p>El d\u00eda viernes 18 de julio, en el auditorio Delmo Dar\u00f3 de la Municipalidad de Armstrong se realiz\u00f3<br>una charla sobre gesti\u00f3n de energ\u00eda en industrias y m\u00e1s donde la Secretar\u00eda de Energ\u00eda y de<br>Desarrollo Industrial del Ministerio de Desarrollo Productivo present\u00f3 los programas de energ\u00edas<br>renovables y eficiencia energ\u00e9tica y la nueva ley de parques productivos.<\/p>\n\n\n\n<figure class=\"wp-block-image size-full\"><img loading=\"lazy\" decoding=\"async\" width=\"520\" height=\"390\" src=\"http:\/\/armstrongyregion.com.ar\/diario\/wp-content\/uploads\/2025\/07\/ENERGIA-2-B.jpg\" alt=\"\" class=\"wp-image-46822\" srcset=\"https:\/\/armstrongyregion.com.ar\/diario\/wp-content\/uploads\/2025\/07\/ENERGIA-2-B.jpg 520w, https:\/\/armstrongyregion.com.ar\/diario\/wp-content\/uploads\/2025\/07\/ENERGIA-2-B-300x225.jpg 300w\" sizes=\"auto, (max-width: 520px) 100vw, 520px\" \/><\/figure>\n\n\n\n<p><br>Los disertantes fueron el director provincial de eficiencia energ\u00e9tica Marcos Massachesi, y el director<br>de infraestructura y fortalecimiento industrial Pablo Bonetto.<\/p>\n\n\n\n<figure class=\"wp-block-image size-full\"><img loading=\"lazy\" decoding=\"async\" width=\"504\" height=\"378\" src=\"http:\/\/armstrongyregion.com.ar\/diario\/wp-content\/uploads\/2025\/07\/ENERGIA-3-C.jpg\" alt=\"\" class=\"wp-image-46823\" srcset=\"https:\/\/armstrongyregion.com.ar\/diario\/wp-content\/uploads\/2025\/07\/ENERGIA-3-C.jpg 504w, https:\/\/armstrongyregion.com.ar\/diario\/wp-content\/uploads\/2025\/07\/ENERGIA-3-C-300x225.jpg 300w\" sizes=\"auto, (max-width: 504px) 100vw, 504px\" \/><\/figure>\n\n\n\n<p><br>El programa Prosumidores 4.0 en Santa Fe\u00a0busca impulsar la generaci\u00f3n distribuida de energ\u00eda<br>renovable, permitiendo a usuarios residenciales, comerciales e industriales generar su propia<br>electricidad y conectarla a la red.\u00a0Los \u00abprosumidores\u00bb pueden reducir su consumo de energ\u00eda de la<br>red y obtener ahorros econ\u00f3micos, adem\u00e1s de contribuir a la sostenibilidad ambiental al reducir<br>emisiones de gases de efecto invernadero.<br>En cuanto a eficiencia energ\u00e9tica, fue orientado al sector industrial y comercial con un novedoso<br>explicativo sin costo, que s\u00f3lo requiere identificaci\u00f3n ciudadana y que permite que cada<br>establecimiento, industria o comercio, pueda llevar adelante su propio reporte energ\u00e9tico y saber<br>d\u00f3nde y cu\u00e1nto ahorrar, m\u00e1s otros contenidos referidos a fasc\u00edculos t\u00e9cnicos para industrias, y<br>formaci\u00f3n de profesionales.<\/p>\n","protected":false},"excerpt":{"rendered":"<p>Armstrong. Charla sobre gesti\u00f3n de energ\u00eda en industrias y m\u00e1s.<\/p>\n","protected":false},"author":1,"featured_media":46821,"comment_status":"open","ping_status":"open","sticky":false,"template":"","format":"image","meta":{"_jetpack_memberships_contains_paid_content":false,"footnotes":"","jetpack_publicize_message":"","jetpack_publicize_feature_enabled":true,"jetpack_social_post_already_shared":true,"jetpack_social_options":{"image_generator_settings":{"template":"highway","default_image_id":0,"enabled":false},"version":2}},"categories":[8,1,2,7,3],"tags":[20,432,5030,1800,1297,10269,8777],"class_list":["post-46818","post","type-post","status-publish","format-image","has-post-thumbnail","hentry","category-deliberando","category-diario-armstrong","category-locales","category-politica","category-region","tag-armstrong","tag-charla","tag-diario-armstrong","tag-energia","tag-gestion","tag-industrias","tag-lic-graciela-de-la-casa","post_format-post-format-image"],"jetpack_publicize_connections":[],"jetpack_featured_media_url":"https:\/\/armstrongyregion.com.ar\/diario\/wp-content\/uploads\/2025\/07\/ENERGIA-1-A-.jpg","jetpack_shortlink":"https:\/\/wp.me\/p62QDO-cb8","jetpack_sharing_enabled":true,"amp_enabled":true,"_links":{"self":[{"href":"https:\/\/armstrongyregion.com.ar\/diario\/wp-json\/wp\/v2\/posts\/46818","targetHints":{"allow":["GET"]}}],"collection":[{"href":"https:\/\/armstrongyregion.com.ar\/diario\/wp-json\/wp\/v2\/posts"}],"about":[{"href":"https:\/\/armstrongyregion.com.ar\/diario\/wp-json\/wp\/v2\/types\/post"}],"author":[{"embeddable":true,"href":"https:\/\/armstrongyregion.com.ar\/diario\/wp-json\/wp\/v2\/users\/1"}],"replies":[{"embeddable":true,"href":"https:\/\/armstrongyregion.com.ar\/diario\/wp-json\/wp\/v2\/comments?post=46818"}],"version-history":[{"count":1,"href":"https:\/\/armstrongyregion.com.ar\/diario\/wp-json\/wp\/v2\/posts\/46818\/revisions"}],"predecessor-version":[{"id":46824,"href":"https:\/\/armstrongyregion.com.ar\/diario\/wp-json\/wp\/v2\/posts\/46818\/revisions\/46824"}],"wp:featuredmedia":[{"embeddable":true,"href":"https:\/\/armstrongyregion.com.ar\/diario\/wp-json\/wp\/v2\/media\/46821"}],"wp:attachment":[{"href":"https:\/\/armstrongyregion.com.ar\/diario\/wp-json\/wp\/v2\/media?parent=46818"}],"wp:term":[{"taxonomy":"category","embeddable":true,"href":"https:\/\/armstrongyregion.com.ar\/diario\/wp-json\/wp\/v2\/categories?post=46818"},{"taxonomy":"post_tag","embeddable":true,"href":"https:\/\/armstrongyregion.com.ar\/diario\/wp-json\/wp\/v2\/tags?post=46818"}],"curies":[{"name":"wp","href":"https:\/\/api.w.org\/{rel}","templated":true}]}}