{"id":46812,"date":"2025-07-23T17:46:30","date_gmt":"2025-07-23T17:46:30","guid":{"rendered":"https:\/\/armstrongyregion.com.ar\/diario\/?p=46812"},"modified":"2025-07-23T17:46:32","modified_gmt":"2025-07-23T17:46:32","slug":"fischer-pide-un-reductor-de-velocidad-y-cuestiona-la-falta-de-respuestas-a-los-vecinos","status":"publish","type":"post","link":"https:\/\/armstrongyregion.com.ar\/diario\/fischer-pide-un-reductor-de-velocidad-y-cuestiona-la-falta-de-respuestas-a-los-vecinos\/","title":{"rendered":"Fischer pide un reductor de velocidad y cuestiona la falta de respuestas a los vecinos."},"content":{"rendered":"\n<figure class=\"wp-block-image size-large\"><img loading=\"lazy\" decoding=\"async\" width=\"484\" height=\"480\" src=\"http:\/\/armstrongyregion.com.ar\/diario\/wp-content\/uploads\/2025\/07\/LUZ-MARINA-FISCHER-1-07-25--484x480.jpg\" alt=\"\" class=\"wp-image-46690\" srcset=\"https:\/\/armstrongyregion.com.ar\/diario\/wp-content\/uploads\/2025\/07\/LUZ-MARINA-FISCHER-1-07-25--484x480.jpg 484w, https:\/\/armstrongyregion.com.ar\/diario\/wp-content\/uploads\/2025\/07\/LUZ-MARINA-FISCHER-1-07-25--300x297.jpg 300w, https:\/\/armstrongyregion.com.ar\/diario\/wp-content\/uploads\/2025\/07\/LUZ-MARINA-FISCHER-1-07-25--150x150.jpg 150w, https:\/\/armstrongyregion.com.ar\/diario\/wp-content\/uploads\/2025\/07\/LUZ-MARINA-FISCHER-1-07-25-.jpg 553w\" sizes=\"auto, (max-width: 484px) 100vw, 484px\" \/><\/figure>\n\n\n\n<h2 class=\"wp-block-heading\">\u00a0La concejal Luz Marina Fischer, del bloque \u00abAvancemos\u00bb, se refiri\u00f3 a las primeras iniciativas de su espacio tras el receso legislativo y ofreci\u00f3 un balance cr\u00edtico sobre la relaci\u00f3n entre los pol\u00edticos y los ciudadanos. En la reciente sesi\u00f3n del Concejo Deliberante, Fischer present\u00f3 un pedido al municipio para la\u00a0<strong>colocaci\u00f3n de un reductor de velocidad en la calle Villa Mar\u00eda al 900<\/strong>, entre Radical y Elisa<\/h2>\n\n\n\n<p>Seg\u00fan explic\u00f3 la edila, en ese tramo ya exist\u00eda un \u00ablomo de burro\u00bb que fue retirado durante las obras de cord\u00f3n cuneta y nunca fue repuesto. <strong>\u00abEs un pedido de los vecinos que ya fueron a la municipalidad a solicitarlo en reiteradas oportunidades y no han tenido respuestas\u00bb<\/strong>, se\u00f1al\u00f3 la concejal, quien sostuvo que los residentes de la zona est\u00e1n preocupados por la alta velocidad a la que circulan veh\u00edculos, especialmente de noche.<\/p>\n\n\n\n<p>Fischer lament\u00f3 que no sea el primer caso en el que se solicita la reinstalaci\u00f3n de reductores de velocidad retirados por obras municipales y los pedidos no son atendidos.<strong> \u00abLos vecinos ya estaban acostumbrados y ve\u00edan los beneficios del reductor de velocidad\u00bb, <\/strong>afirm\u00f3, y agreg\u00f3 que la falta de respuestas por parte del ejecutivo genera una <strong>\u00abdistancia profunda\u00bb entre la gente y los pol\u00edticos.<\/strong><\/p>\n\n\n\n<p>En un an\u00e1lisis m\u00e1s amplio de la coyuntura pol\u00edtica, la concejal relacion\u00f3 esta falta de di\u00e1logo con la baja participaci\u00f3n en las \u00faltimas elecciones. Para Fischer, el escaso 50% de votantes revela una <strong>crisis de representaci\u00f3n<\/strong>. <strong>\u00abLa gente ya ni siquiera va a votar\u00bb, sentenci\u00f3, e hizo hincapi\u00e9 en que esta apat\u00eda es consecuencia de promesas incumplidas y una gesti\u00f3n que a menudo deja a los ciudadanos sin soluciones claras.<\/strong><\/p>\n\n\n\n<p><strong>\u00abLa pol\u00edtica no es mala, los que son malos son algunos pol\u00edticos\u00bb<\/strong>, afirm\u00f3 Fischer, y agreg\u00f3 que es fundamental que los funcionarios comiencen a dar respuestas concretas a los reclamos de la gente.<strong> \u00abSi el municipio evalu\u00f3 que en esa calle no se debe poner un lomo de burro, que se lo digan a la gente y le den un motivo\u00bb<\/strong>, pidi\u00f3 la concejal, remarcando que es la obligaci\u00f3n del intendente y su equipo contestar a los ciudadanos, ya que <strong>\u00ablas palabras solas se las lleva el viento\u00bb<\/strong>. <strong>La concejal concluy\u00f3 su intervenci\u00f3n haciendo un llamado a sus pares para empezar a cambiar el contexto pol\u00edtico y restaurar la confianza de la ciudadan\u00eda.<\/strong><\/p>\n\n\n\n<p><\/p>\n","protected":false},"excerpt":{"rendered":"<p>Fischer pide un reductor de velocidad y cuestiona la falta de respuestas a los vecinos.<\/p>\n","protected":false},"author":1,"featured_media":46690,"comment_status":"open","ping_status":"open","sticky":false,"template":"","format":"image","meta":{"_jetpack_memberships_contains_paid_content":false,"footnotes":"","jetpack_publicize_message":"","jetpack_publicize_feature_enabled":true,"jetpack_social_post_already_shared":true,"jetpack_social_options":{"image_generator_settings":{"template":"highway","default_image_id":0,"enabled":false},"version":2}},"categories":[6,8,1,2,7,3],"tags":[11770,5030,8777,9811,11923,11924,344],"class_list":["post-46812","post","type-post","status-publish","format-image","has-post-thumbnail","hentry","category-cultura-entretenimiento","category-deliberando","category-diario-armstrong","category-locales","category-politica","category-region","tag-avancemos","tag-diario-armstrong","tag-lic-graciela-de-la-casa","tag-luz-fischer","tag-reductor-de-velocidad","tag-respuestas","tag-vecinos","post_format-post-format-image"],"jetpack_publicize_connections":[],"jetpack_featured_media_url":"https:\/\/armstrongyregion.com.ar\/diario\/wp-content\/uploads\/2025\/07\/LUZ-MARINA-FISCHER-1-07-25-.jpg","jetpack_shortlink":"https:\/\/wp.me\/p62QDO-cb2","jetpack_sharing_enabled":true,"amp_enabled":true,"_links":{"self":[{"href":"https:\/\/armstrongyregion.com.ar\/diario\/wp-json\/wp\/v2\/posts\/46812","targetHints":{"allow":["GET"]}}],"collection":[{"href":"https:\/\/armstrongyregion.com.ar\/diario\/wp-json\/wp\/v2\/posts"}],"about":[{"href":"https:\/\/armstrongyregion.com.ar\/diario\/wp-json\/wp\/v2\/types\/post"}],"author":[{"embeddable":true,"href":"https:\/\/armstrongyregion.com.ar\/diario\/wp-json\/wp\/v2\/users\/1"}],"replies":[{"embeddable":true,"href":"https:\/\/armstrongyregion.com.ar\/diario\/wp-json\/wp\/v2\/comments?post=46812"}],"version-history":[{"count":1,"href":"https:\/\/armstrongyregion.com.ar\/diario\/wp-json\/wp\/v2\/posts\/46812\/revisions"}],"predecessor-version":[{"id":46813,"href":"https:\/\/armstrongyregion.com.ar\/diario\/wp-json\/wp\/v2\/posts\/46812\/revisions\/46813"}],"wp:featuredmedia":[{"embeddable":true,"href":"https:\/\/armstrongyregion.com.ar\/diario\/wp-json\/wp\/v2\/media\/46690"}],"wp:attachment":[{"href":"https:\/\/armstrongyregion.com.ar\/diario\/wp-json\/wp\/v2\/media?parent=46812"}],"wp:term":[{"taxonomy":"category","embeddable":true,"href":"https:\/\/armstrongyregion.com.ar\/diario\/wp-json\/wp\/v2\/categories?post=46812"},{"taxonomy":"post_tag","embeddable":true,"href":"https:\/\/armstrongyregion.com.ar\/diario\/wp-json\/wp\/v2\/tags?post=46812"}],"curies":[{"name":"wp","href":"https:\/\/api.w.org\/{rel}","templated":true}]}}