{"id":4681,"date":"2015-10-23T13:24:23","date_gmt":"2015-10-23T13:24:23","guid":{"rendered":"https:\/\/armstrongyregion.com.ar\/diario\/?p=4681"},"modified":"2015-10-23T13:24:23","modified_gmt":"2015-10-23T13:24:23","slug":"apreciaciones-politicas-de-la-diputada-claudia-giaccone-respecto-las-elecciones-presidenciales","status":"publish","type":"post","link":"https:\/\/armstrongyregion.com.ar\/diario\/apreciaciones-politicas-de-la-diputada-claudia-giaccone-respecto-las-elecciones-presidenciales\/","title":{"rendered":"Apreciaciones pol\u00edticas de la diputada Claudia Giaccone respecto las elecciones presidenciales."},"content":{"rendered":"<p><a href=\"http:\/\/armstrongyregion.com.ar\/diario\/wp-content\/uploads\/2015\/10\/giaccone-claudia-mic2.jpg\"><img loading=\"lazy\" decoding=\"async\" class=\"alignnone size-medium wp-image-4682\" src=\"http:\/\/armstrongyregion.com.ar\/diario\/wp-content\/uploads\/2015\/10\/giaccone-claudia-mic2-300x228.jpg\" alt=\"giaccone-claudia-mic2\" width=\"300\" height=\"228\" srcset=\"https:\/\/armstrongyregion.com.ar\/diario\/wp-content\/uploads\/2015\/10\/giaccone-claudia-mic2-300x228.jpg 300w, https:\/\/armstrongyregion.com.ar\/diario\/wp-content\/uploads\/2015\/10\/giaccone-claudia-mic2.jpg 768w\" sizes=\"auto, (max-width: 300px) 100vw, 300px\" \/><\/a>\u201cDesde la legislatura nos proponemos ser facilitadores para que las politicas p\u00fablicas lleguen con plenitud a Santa Fe\u00bb.<\/p>\n<p>La actual diputada nacional del Frente para la Victoria (FPV), Claudia Giaccone \u2013quien desde el 10 de diciembre pr\u00f3ximo asume como legisladora provincial en Santa Fe- brind\u00f3 algunas algunas apreciaciones sobre el escenario pol\u00edtico que se viene para el pa\u00eds y para la provincia, ante un triunfo de Daniel Scioli este pr\u00f3ximo domingo en las elecciones presidenciales<br \/>\n\u00bfPiensa que Daniel Scioli ganar\u00e1 las elecciones? \u00bfLo piensa en primera vuelta?<br \/>\nEstoy convencida y entusiasmada en que este domingo se pueda resolver un triunfo del Frente para la Victoria, con Daniel Scioli y Carlos Zanini, para que sean gobierno los pr\u00f3ximos cuatro a\u00f1os en Argentina. Seguramente la poblaci\u00f3n acompa\u00f1ara la f\u00f3rmula presidencial para no poner en riesgo lo conseguido en estos \u00faltimos doce a\u00f1os, donde hemos logrado con mucho esfuerzo la ampliaci\u00f3n de derechos de muchos argentinos siendo necesario seguir por este camino con un proyecto de pa\u00eds inclusivo, y no elegir una opci\u00f3n que solo quiere ir hacia atr\u00e1s, mas all\u00e1 de que disfrace un poco sus propuestas. En realidad son la opci\u00f3n del ajuste, con las consignas de un nuevo endeudamiento, y donde la existencia de m\u00e1s derechos y garant\u00edas para la poblaci\u00f3n no lo entienden como inclusi\u00f3n sino como gastos. Por eso es importante ganar, y hacerlo este domingo para no propiciar un escenario de balotaje que ponga en riesgo el futuro de todos los argentinos.<\/p>\n<p>\u00bfEst\u00e1 convencida que con Daniel Scioli se viene la etapa del desarrollo?`<br \/>\nSi. Porque \u00e9l mismo ha asegurado que ser\u00e1 prioridad en su gobierno. De hecho siempre fue la actitud fuerte de un gobierno nacional que prioriz\u00f3 la industria, el agregado de valor. Y en esta etapa es importante desarrollar nuevos nichos; sobre todo de tecnolog\u00eda, aboc\u00e1ndose tambi\u00e9n a mejorar la competitividad en los sectores industriales. Estoy convencida que se viene una atapa de mayor desarrollo con mayor inclusi\u00f3n<\/p>\n<p>\u00bfCon respecto al gobierno provincial: lo ve en sinton\u00eda con una posible presidencia del Frente para la Victoria?<br \/>\nLo veo absolutamente necesario. Es imprescindible de que el gobierno de Miguel Lifschitz est\u00e9 en sinton\u00eda fina con Naci\u00f3n. De esa manera se podr\u00e1 hacer mucho en Santa Fe, y los legisladores de la oposici\u00f3n en la legislatura provincial tambi\u00e9n podemos hacer mucho. En mi caso presentaremos proyectos en el inicio del mandato que van en ese sentido. Tenemos que fortalecer much\u00edsimo las \u00e1reas industriales y dejar de estar perdiendo, como sucedi\u00f3 en estos a\u00f1os. Terminar con Santa Fe desaprovechando las pol\u00edticas p\u00fablicas nacionales. Hay que remarcar que nuestra provincia tiene grandes recursos nacionales y una enorme posibilidad de ser altamente industrializada, su tradici\u00f3n lo marca. Por eso creemos necesario grandes inversiones en ese campo para potenciarla y generar nuevos puestos de trabajo. Pretendemos una etapa donde colocar a Santa fe en un polo de atracci\u00f3n a nivel internacional, y por eso tambi\u00e9n es vital invertir en tecnolog\u00eda, en las universidades y en todos los \u00e1mbitos educativos<br \/>\n\u00bfQue proyectos ya tiene pensado promover en su inicio como legisladora provincial?<br \/>\nSon varios. Nosotros hemos trabajado en el Congreso Nacional muchas iniciativas vinculadas al deporte, a la agricultura familiar. De hecho pretendemos en Santa fe adaptar la ley nacional de agricultura familiar de la cual soy autora, entendiendo las caracter\u00edsticas de la provincia. Y en otro orden implementar los tribunales provinciales de justicia deportiva. En dichas \u00e1reas presentar\u00e9 las primeras iniciativas en la legislatura<br \/>\n\u00bfY como piensa el trabajo en la legislatura entendiendo que son minor\u00eda en la c\u00e1mara de diputados?<br \/>\nEntendiendo que la sociedad santafesina nos eligi\u00f3 como oposici\u00f3n, estoy convencida que hay que trabajar en las cosas concretas sobre las cuales tenemos que conseguir los consensos necesarios para que a Santa Fe le sirvan las leyes, las propuestas, los proyectos en diversas \u00e1reas. No queremos ir a poner palos en la rueda. Si vamos a controlar, a decir no a lo que consideremos negativo, y fundamentalmente poner en debate temas que la provincia, creo, necesita con urgencia. Est\u00e1 claro la identificaci\u00f3n que nuestro bloque tiene con el gobierno nacional y de hecho con el que seguro saldr\u00e1 electo este domingo encabezado por Daniel Scioli. Por eso nos propondremos como puente y facilitadores para que las pol\u00edticas p\u00fablicas nacionales lleguen con plenitud a Santa Fe.<br \/>\n\u00bfSobre sus propuestas vinculadas al deporte. Nos podr\u00eda ampliar?<br \/>\nComo vicepresidenta de la comisi\u00f3n de deportes en la C\u00e1mara de Diputados de la Naci\u00f3n he presentado muchas iniciativas. Ahora estamos con mucha expectativa en estos \u00faltimos meses del a\u00f1o de que se apruebe el proyecto de Ley de Derechos Formativos en el Deporte, que ser\u00e1 un antes y un despu\u00e9s con respecto al reconocimiento a los clubes formadores de deportistas que pasan al \u00e1mbito profesional. Tambi\u00e9n el proyecto de asignaci\u00f3n universal deportiva est\u00e1 contemplado dentro de una de las dos leyes que estamos trabajando y que sancionamos en diputados, y esperamos su aprobaci\u00f3n en el senado. Asimismo, seguimos trabajando con otros proyectos que tienen que ver con rescatar la labor de contenci\u00f3n que hacen los clubes de barrio, as\u00ed como la promoci\u00f3n del deporte no solo de alto rendimiento sino tambi\u00e9n el deporte social federaliz\u00e1ndolo y democratiz\u00e1ndolo m\u00e1s, y buscando nuevos recursos<br \/>\n\u00bfY con respecto a crear un Ministerio de Deportes a nivel nacional?<br \/>\nEl hecho de crear un Ministerio de Turismo y Deportes a nivel nacional nos parece excelente, en virtud de vincular ambos sectores y trabajarlos en conjunto, ya que jerarquiza el \u00e1rea. Ahora ser\u00e1 importante hacerlo con distinta institucionalidad, incluso desde el instituto que se est\u00e1 creando y que est\u00e1 en una de las dos leyes. Tambi\u00e9n con el Consejo nacional fortalecido como est\u00e1 en la actuaclizaci\u00f3n de la Ley Nacional del Deporte, es decir que tengamos distintas instancias de participaci\u00f3n de todos los actores vinculados al deporte .<\/p>\n","protected":false},"excerpt":{"rendered":"<p>\u201cDesde la legislatura nos proponemos ser facilitadores para que las politicas p\u00fablicas lleguen con plenitud a Santa Fe\u00bb. La actual diputada nacional del Frente para la Victoria (FPV), Claudia Giaccone \u2013quien desde el 10 de diciembre pr\u00f3ximo asume como legisladora provincial en Santa Fe- brind\u00f3 algunas algunas apreciaciones sobre el escenario pol\u00edtico que se viene <a href=\"https:\/\/armstrongyregion.com.ar\/diario\/apreciaciones-politicas-de-la-diputada-claudia-giaccone-respecto-las-elecciones-presidenciales\/\" title=\"Read more\" >&#8230;<\/a><\/p>\n","protected":false},"author":2,"featured_media":4682,"comment_status":"open","ping_status":"open","sticky":false,"template":"","format":"standard","meta":{"_jetpack_memberships_contains_paid_content":false,"footnotes":"","jetpack_publicize_message":"","jetpack_publicize_feature_enabled":true,"jetpack_social_post_already_shared":false,"jetpack_social_options":{"image_generator_settings":{"template":"highway","default_image_id":0,"enabled":false},"version":2}},"categories":[1,2819,7,3],"tags":[3002],"class_list":["post-4681","post","type-post","status-publish","format-standard","has-post-thumbnail","hentry","category-diario-armstrong","category-el-pais","category-politica","category-region","tag-apreciaciones-politicas-de-la-diputada-claudia-giaccone-respecto-las-elecciones-presidenciales"],"jetpack_publicize_connections":[],"jetpack_featured_media_url":"https:\/\/armstrongyregion.com.ar\/diario\/wp-content\/uploads\/2015\/10\/giaccone-claudia-mic2.jpg","jetpack_shortlink":"https:\/\/wp.me\/p62QDO-1dv","jetpack_sharing_enabled":true,"amp_enabled":true,"_links":{"self":[{"href":"https:\/\/armstrongyregion.com.ar\/diario\/wp-json\/wp\/v2\/posts\/4681","targetHints":{"allow":["GET"]}}],"collection":[{"href":"https:\/\/armstrongyregion.com.ar\/diario\/wp-json\/wp\/v2\/posts"}],"about":[{"href":"https:\/\/armstrongyregion.com.ar\/diario\/wp-json\/wp\/v2\/types\/post"}],"author":[{"embeddable":true,"href":"https:\/\/armstrongyregion.com.ar\/diario\/wp-json\/wp\/v2\/users\/2"}],"replies":[{"embeddable":true,"href":"https:\/\/armstrongyregion.com.ar\/diario\/wp-json\/wp\/v2\/comments?post=4681"}],"version-history":[{"count":0,"href":"https:\/\/armstrongyregion.com.ar\/diario\/wp-json\/wp\/v2\/posts\/4681\/revisions"}],"wp:featuredmedia":[{"embeddable":true,"href":"https:\/\/armstrongyregion.com.ar\/diario\/wp-json\/wp\/v2\/media\/4682"}],"wp:attachment":[{"href":"https:\/\/armstrongyregion.com.ar\/diario\/wp-json\/wp\/v2\/media?parent=4681"}],"wp:term":[{"taxonomy":"category","embeddable":true,"href":"https:\/\/armstrongyregion.com.ar\/diario\/wp-json\/wp\/v2\/categories?post=4681"},{"taxonomy":"post_tag","embeddable":true,"href":"https:\/\/armstrongyregion.com.ar\/diario\/wp-json\/wp\/v2\/tags?post=4681"}],"curies":[{"name":"wp","href":"https:\/\/api.w.org\/{rel}","templated":true}]}}