{"id":46809,"date":"2025-07-23T17:25:59","date_gmt":"2025-07-23T17:25:59","guid":{"rendered":"https:\/\/armstrongyregion.com.ar\/diario\/?p=46809"},"modified":"2025-07-23T17:26:01","modified_gmt":"2025-07-23T17:26:01","slug":"el-concejo-deliberante-de-armstrong-abre-concurso-para-cubrir-el-cargo-de-prosecretario","status":"publish","type":"post","link":"https:\/\/armstrongyregion.com.ar\/diario\/el-concejo-deliberante-de-armstrong-abre-concurso-para-cubrir-el-cargo-de-prosecretario\/","title":{"rendered":"El Concejo deliberante de Armstrong abre concurso para cubrir el cargo de Prosecretario."},"content":{"rendered":"\n<figure class=\"wp-block-image size-large\"><img loading=\"lazy\" decoding=\"async\" width=\"519\" height=\"480\" src=\"http:\/\/armstrongyregion.com.ar\/diario\/wp-content\/uploads\/2025\/07\/concurso--519x480.jpg\" alt=\"\" class=\"wp-image-46810\" srcset=\"https:\/\/armstrongyregion.com.ar\/diario\/wp-content\/uploads\/2025\/07\/concurso--519x480.jpg 519w, https:\/\/armstrongyregion.com.ar\/diario\/wp-content\/uploads\/2025\/07\/concurso--300x277.jpg 300w, https:\/\/armstrongyregion.com.ar\/diario\/wp-content\/uploads\/2025\/07\/concurso-.jpg 645w\" sizes=\"auto, (max-width: 519px) 100vw, 519px\" \/><\/figure>\n\n\n\n<h2 class=\"wp-block-heading\">El Concejo Municipal de Armstrong ha anunciado el llamado a concurso para cubrir el cargo de Prosecretario. La decisi\u00f3n se tom\u00f3 luego de que el escalaf\u00f3n del concurso anterior, realizado en 2021, venciera en 2023.<\/h2>\n\n\n\n<p>Seg\u00fan explic\u00f3 el Presidente del Concejo, Alejandro Pertusati, se ha revisado la din\u00e1mica del concurso anterior para optimizar el proceso, que ahora constar\u00e1 de tres instancias: una prueba escrita, una oral y una entrevista. \u00abEntre la escrita y la oral se evaluar\u00e1 la capacidad en Word y Excel\u00bb, detall\u00f3 el concejal.<\/p>\n\n\n\n<p>Los requisitos para los aspirantes son:<\/p>\n\n\n\n<ul class=\"wp-block-list\">\n<li>Tener entre 21 y 50 a\u00f1os.<\/li>\n\n\n\n<li>Ser argentino o nacionalizado con 5 a\u00f1os de residencia en Armstrong.<\/li>\n\n\n\n<li>Poseer estudios secundarios completos.<\/li>\n\n\n\n<li>Presentar el certificado de \u00abficha limpia\u00bb (disponible a trav\u00e9s de la aplicaci\u00f3n \u00abMi Argentina\u00bb).<\/li>\n<\/ul>\n\n\n\n<p>Pertusati subray\u00f3 que el Concejo est\u00e1 buscando un perfil distinto al del concurso de 2021, ya que \u00abla din\u00e1mica del Concejo ha cambiado y mucho\u00bb. Actualmente, se trabaja con un 80% de digitalizaci\u00f3n, por lo que se priorizar\u00e1n las habilidades digitales. Para garantizar la transparencia, el jurado estar\u00e1 compuesto por concejales actuales y miembros de la comunidad, con la valiosa colaboraci\u00f3n de la <strong>Escuela N\u00b033<\/strong>, que se puso a disposici\u00f3n para el proceso.<\/p>\n\n\n\n<p>Las inscripciones estar\u00e1n abiertas <strong>hasta el 8 de agosto<\/strong>. Los interesados pueden acceder a las bases y condiciones, as\u00ed como a los formularios de inscripci\u00f3n, en la p\u00e1gina web del Concejo Municipal: <strong>www.consejoarmstrong.gob.ar<\/strong>. Tambi\u00e9n podr\u00e1n encontrar la informaci\u00f3n a trav\u00e9s de un c\u00f3digo QR en las publicaciones de las redes sociales del Concejo. Para consultas presenciales, pueden dirigirse a las oficinas en Piochodi 228.<\/p>\n\n\n\n<p>\u00abEsperamos que haya muchos participantes, porque eso nos da m\u00e1s transparencia y nos obliga a ser m\u00e1s serios a\u00fan de lo que estamos siendo en este concurso\u00bb, concluy\u00f3 Pertusati.<\/p>\n","protected":false},"excerpt":{"rendered":"<p>El Concejo deliberante de Armstrong abre concurso para cubrir el cargo de Prosecretario.<\/p>\n","protected":false},"author":1,"featured_media":46810,"comment_status":"open","ping_status":"open","sticky":false,"template":"","format":"image","meta":{"_jetpack_memberships_contains_paid_content":false,"footnotes":"","jetpack_publicize_message":"","jetpack_publicize_feature_enabled":true,"jetpack_social_post_already_shared":true,"jetpack_social_options":{"image_generator_settings":{"template":"highway","default_image_id":0,"enabled":false},"version":2}},"categories":[6,8,1,2,7,3],"tags":[20,1719,9934,661,8777,11922],"class_list":["post-46809","post","type-post","status-publish","format-image","has-post-thumbnail","hentry","category-cultura-entretenimiento","category-deliberando","category-diario-armstrong","category-locales","category-politica","category-region","tag-armstrong","tag-cargo","tag-concejo-deliberante","tag-concurso","tag-lic-graciela-de-la-casa","tag-prosecretario","post_format-post-format-image"],"jetpack_publicize_connections":[],"jetpack_featured_media_url":"https:\/\/armstrongyregion.com.ar\/diario\/wp-content\/uploads\/2025\/07\/concurso-.jpg","jetpack_shortlink":"https:\/\/wp.me\/p62QDO-caZ","jetpack_sharing_enabled":true,"amp_enabled":true,"_links":{"self":[{"href":"https:\/\/armstrongyregion.com.ar\/diario\/wp-json\/wp\/v2\/posts\/46809","targetHints":{"allow":["GET"]}}],"collection":[{"href":"https:\/\/armstrongyregion.com.ar\/diario\/wp-json\/wp\/v2\/posts"}],"about":[{"href":"https:\/\/armstrongyregion.com.ar\/diario\/wp-json\/wp\/v2\/types\/post"}],"author":[{"embeddable":true,"href":"https:\/\/armstrongyregion.com.ar\/diario\/wp-json\/wp\/v2\/users\/1"}],"replies":[{"embeddable":true,"href":"https:\/\/armstrongyregion.com.ar\/diario\/wp-json\/wp\/v2\/comments?post=46809"}],"version-history":[{"count":1,"href":"https:\/\/armstrongyregion.com.ar\/diario\/wp-json\/wp\/v2\/posts\/46809\/revisions"}],"predecessor-version":[{"id":46811,"href":"https:\/\/armstrongyregion.com.ar\/diario\/wp-json\/wp\/v2\/posts\/46809\/revisions\/46811"}],"wp:featuredmedia":[{"embeddable":true,"href":"https:\/\/armstrongyregion.com.ar\/diario\/wp-json\/wp\/v2\/media\/46810"}],"wp:attachment":[{"href":"https:\/\/armstrongyregion.com.ar\/diario\/wp-json\/wp\/v2\/media?parent=46809"}],"wp:term":[{"taxonomy":"category","embeddable":true,"href":"https:\/\/armstrongyregion.com.ar\/diario\/wp-json\/wp\/v2\/categories?post=46809"},{"taxonomy":"post_tag","embeddable":true,"href":"https:\/\/armstrongyregion.com.ar\/diario\/wp-json\/wp\/v2\/tags?post=46809"}],"curies":[{"name":"wp","href":"https:\/\/api.w.org\/{rel}","templated":true}]}}