{"id":46806,"date":"2025-07-23T17:13:11","date_gmt":"2025-07-23T17:13:11","guid":{"rendered":"https:\/\/armstrongyregion.com.ar\/diario\/?p=46806"},"modified":"2025-07-23T17:13:12","modified_gmt":"2025-07-23T17:13:12","slug":"acceso-a-armstrong-proyectan-que-la-obra-este-terminada-en-menos-de-dos-meses-anticipo-el-ministro-enrico","status":"publish","type":"post","link":"https:\/\/armstrongyregion.com.ar\/diario\/acceso-a-armstrong-proyectan-que-la-obra-este-terminada-en-menos-de-dos-meses-anticipo-el-ministro-enrico\/","title":{"rendered":"Acceso a Armstrong: proyectan que la obra est\u00e9 terminada en menos de dos meses, anticip\u00f3 el ministro Enrico."},"content":{"rendered":"\n<figure class=\"wp-block-image size-full\"><img loading=\"lazy\" decoding=\"async\" width=\"570\" height=\"320\" src=\"http:\/\/armstrongyregion.com.ar\/diario\/wp-content\/uploads\/2025\/07\/Armstrong-ingreso15.jpg\" alt=\"\" class=\"wp-image-46807\" srcset=\"https:\/\/armstrongyregion.com.ar\/diario\/wp-content\/uploads\/2025\/07\/Armstrong-ingreso15.jpg 570w, https:\/\/armstrongyregion.com.ar\/diario\/wp-content\/uploads\/2025\/07\/Armstrong-ingreso15-300x168.jpg 300w\" sizes=\"auto, (max-width: 570px) 100vw, 570px\" \/><\/figure>\n\n\n\n<h2 class=\"wp-block-heading\">El titular de Obras P\u00fablicas confirm\u00f3 que los trabajos ya superan el 85% de ejecuci\u00f3n. La inversi\u00f3n provincial supera los $1.300 millones.<\/h2>\n\n\n\n<p>El Gobierno de la Provincia de Santa Fe, a trav\u00e9s de la Direcci\u00f3n Provincial de Vialidad (DPV), avanza con la renovaci\u00f3n del acceso a Armstrong, en el departamento Belgrano, sobre la Ruta Provincial N\u00b0 15. La intervenci\u00f3n forma parte del plan de infraestructura vial que ejecuta la gesti\u00f3n del gobernador Maximiliano Pullaro en distintos puntos del territorio provincial. La inversi\u00f3n supera los $1.343 millones.<\/p>\n\n\n\n<p>El ministro de Obras P\u00fablicas, Lisandro Enrico, destac\u00f3: \u201cEn esta gesti\u00f3n del gobernador Pullaro estamos ampliando el ancho de la calzada con dos carriles y mejorando las posibilidades de giro en el cruce de la Ruta 15 y calle Schaer, al suroeste de Armstrong. La obra ya presenta un 85% de avance y, si no surgen imprevistos, estar\u00e1 terminada entre agosto y septiembre\u201d.<\/p>\n\n\n\n<p>Adem\u00e1s, Enrico se\u00f1al\u00f3 que se trata de una intervenci\u00f3n coordinada junto al senador Pablo Verdecchia y el intendente Guillermo Luzzi. \u201cEste tipo de obras mejoran la transitabilidad y elevan los est\u00e1ndares de seguridad vial en zonas claves para la producci\u00f3n y el desarrollo local\u201d, remarc\u00f3.<\/p>\n\n\n\n<p>Por su parte, el administrador general de la DPV, Pablo Seghezzo, explic\u00f3 que los trabajos se realizan sobre el acceso suroeste a la ciudad, donde se ampl\u00eda la calzada existente de 6,80 metros \u2014con dos carriles\u2014 a dos calzadas separadas por un cantero central, cada una con dos carriles.<\/p>\n\n\n\n<p>\u201cLos trabajos incluyen carriles de aceleraci\u00f3n y desaceleraci\u00f3n, que mejoran las posibilidades de acceso y egreso a la ciudad. Adem\u00e1s, se incorporan una d\u00e1rsena de giro a la izquierda sobre la Ruta 15 para el ingreso a Armstrong y una d\u00e1rsena de espera con giro a la izquierda para quienes se incorporen desde la calle principal en direcci\u00f3n sur\u201d, detall\u00f3 Seghezzo.<\/p>\n\n\n\n<figure class=\"wp-block-table\"><table><tbody><tr><td>La obra se completa con se\u00f1alizaci\u00f3n horizontal y vertical, mejoras en la iluminaci\u00f3n mediante nuevas columnas, barandas met\u00e1licas de seguridad vehicular, limpieza de cunetas y la construcci\u00f3n de una bicisenda de 1.800 metros, separada de la calzada principal. Los trabajos est\u00e1n a cargo de la empresa Conylog SRL.<img decoding=\"async\" alt=\"\" src=\"https:\/\/ci3.googleusercontent.com\/meips\/ADKq_NY3CJsSpWlRMbBjV6J53pHl2nUoMICUckU6Ay7cc4YqDAlBMW7Ugr4Zxnlb262mrkIrjuhEjBVBpAEd3EV21g-Sh8iY820kB-LYN_6DyYjL-su7aZQ9EnZBXf-qUVyS7FDI5dSg6r0TfeQ-Yn4=s0-d-e1-ft#https:\/\/www.santafe.gov.ar\/noticias\/recursos\/fotos\/2025\/07\/2025-07-22NID_283598O_2.jpeg\"><img decoding=\"async\" alt=\"\" src=\"https:\/\/ci3.googleusercontent.com\/meips\/ADKq_NYkVFIkOWGL1FCfLhlhE4LAQNRhp0qprFcpavwK85owPlsyItHUN1AUKxMbVuZp0W_DrDNWeDgNiq1ZGAU5sh0NmHEk4Lj5ePxAaWglyw5yNHiWHXLeyNJ46Z9ebfIRtmLRaMWWLHwGHG0T8XI=s0-d-e1-ft#https:\/\/www.santafe.gov.ar\/noticias\/recursos\/fotos\/2025\/07\/2025-07-22NID_283598O_3.jpeg\"><img decoding=\"async\" alt=\"\" src=\"https:\/\/ci3.googleusercontent.com\/meips\/ADKq_NZ-ydIt7OW9GgcHdpFNb_YgwlTvyh_TyJpuwnbJ1WeKZd2JDDOV_9f5oLe4toi3pmkNX3d2G8wMf8NPVRbukopkzWImItpxN8WRukUsYxzU-V7we6cxcNtgmksK-JnV6uXH1FzAIU_zwz6ZEiM=s0-d-e1-ft#https:\/\/www.santafe.gov.ar\/noticias\/recursos\/fotos\/2025\/07\/2025-07-22NID_283598O_4.jpeg\">&nbsp;<\/td><td>&nbsp;<\/td><\/tr><\/tbody><\/table><\/figure>\n\n\n\n<figure class=\"wp-block-table\"><table><tbody><tr><td>&nbsp;<\/td><td>&nbsp;<\/td><\/tr><\/tbody><\/table><\/figure>\n","protected":false},"excerpt":{"rendered":"<p>Acceso a Armstrong: proyectan que la obra est\u00e9 terminada en menos de dos meses, anticip\u00f3 el ministro Enrico.<\/p>\n","protected":false},"author":1,"featured_media":46807,"comment_status":"open","ping_status":"open","sticky":false,"template":"","format":"image","meta":{"_jetpack_memberships_contains_paid_content":false,"footnotes":"","jetpack_publicize_message":"","jetpack_publicize_feature_enabled":true,"jetpack_social_post_already_shared":true,"jetpack_social_options":{"image_generator_settings":{"template":"highway","default_image_id":0,"enabled":false},"version":2}},"categories":[6,8,1,2,7,3],"tags":[2194,20,5030,11921,2905],"class_list":["post-46806","post","type-post","status-publish","format-image","has-post-thumbnail","hentry","category-cultura-entretenimiento","category-deliberando","category-diario-armstrong","category-locales","category-politica","category-region","tag-acceso","tag-armstrong","tag-diario-armstrong","tag-obras-publicas","tag-ruta-15","post_format-post-format-image"],"jetpack_publicize_connections":[],"jetpack_featured_media_url":"https:\/\/armstrongyregion.com.ar\/diario\/wp-content\/uploads\/2025\/07\/Armstrong-ingreso15.jpg","jetpack_shortlink":"https:\/\/wp.me\/p62QDO-caW","jetpack_sharing_enabled":true,"amp_enabled":true,"_links":{"self":[{"href":"https:\/\/armstrongyregion.com.ar\/diario\/wp-json\/wp\/v2\/posts\/46806","targetHints":{"allow":["GET"]}}],"collection":[{"href":"https:\/\/armstrongyregion.com.ar\/diario\/wp-json\/wp\/v2\/posts"}],"about":[{"href":"https:\/\/armstrongyregion.com.ar\/diario\/wp-json\/wp\/v2\/types\/post"}],"author":[{"embeddable":true,"href":"https:\/\/armstrongyregion.com.ar\/diario\/wp-json\/wp\/v2\/users\/1"}],"replies":[{"embeddable":true,"href":"https:\/\/armstrongyregion.com.ar\/diario\/wp-json\/wp\/v2\/comments?post=46806"}],"version-history":[{"count":1,"href":"https:\/\/armstrongyregion.com.ar\/diario\/wp-json\/wp\/v2\/posts\/46806\/revisions"}],"predecessor-version":[{"id":46808,"href":"https:\/\/armstrongyregion.com.ar\/diario\/wp-json\/wp\/v2\/posts\/46806\/revisions\/46808"}],"wp:featuredmedia":[{"embeddable":true,"href":"https:\/\/armstrongyregion.com.ar\/diario\/wp-json\/wp\/v2\/media\/46807"}],"wp:attachment":[{"href":"https:\/\/armstrongyregion.com.ar\/diario\/wp-json\/wp\/v2\/media?parent=46806"}],"wp:term":[{"taxonomy":"category","embeddable":true,"href":"https:\/\/armstrongyregion.com.ar\/diario\/wp-json\/wp\/v2\/categories?post=46806"},{"taxonomy":"post_tag","embeddable":true,"href":"https:\/\/armstrongyregion.com.ar\/diario\/wp-json\/wp\/v2\/tags?post=46806"}],"curies":[{"name":"wp","href":"https:\/\/api.w.org\/{rel}","templated":true}]}}