{"id":46804,"date":"2025-07-23T17:08:55","date_gmt":"2025-07-23T17:08:55","guid":{"rendered":"https:\/\/armstrongyregion.com.ar\/diario\/?p=46804"},"modified":"2025-07-23T17:08:57","modified_gmt":"2025-07-23T17:08:57","slug":"el-concejo-aprobo-exenciones-para-obras-de-pavimento-y-nombro-una-nueva-calle-en-la-ciudad","status":"publish","type":"post","link":"https:\/\/armstrongyregion.com.ar\/diario\/el-concejo-aprobo-exenciones-para-obras-de-pavimento-y-nombro-una-nueva-calle-en-la-ciudad\/","title":{"rendered":"El Concejo aprob\u00f3 exenciones para obras de pavimento y nombr\u00f3 una nueva calle en la ciudad."},"content":{"rendered":"\n<figure class=\"wp-block-image size-full\"><img loading=\"lazy\" decoding=\"async\" width=\"756\" height=\"598\" src=\"http:\/\/armstrongyregion.com.ar\/diario\/wp-content\/uploads\/2024\/07\/Prof.Ale-Pertusati-.jpg\" alt=\"\" class=\"wp-image-43340\" srcset=\"https:\/\/armstrongyregion.com.ar\/diario\/wp-content\/uploads\/2024\/07\/Prof.Ale-Pertusati-.jpg 756w, https:\/\/armstrongyregion.com.ar\/diario\/wp-content\/uploads\/2024\/07\/Prof.Ale-Pertusati--300x237.jpg 300w\" sizes=\"auto, (max-width: 756px) 100vw, 756px\" \/><\/figure>\n\n\n\n<p>Tras la \u00faltima sesi\u00f3n ordinaria, el Presidente del Concejo Municipal, Alejandro Pertusati, se refiri\u00f3 a los proyectos aprobados por el cuerpo legislativo, destacando la <strong>aprobaci\u00f3n un\u00e1nime de la exenci\u00f3n de pago de la obra de pavimento para el Club Defensores, as\u00ed como el nombramiento de una nueva calle en la ciudad.<\/strong><\/p>\n\n\n\n<p>Pertusati explic\u00f3 que la exenci\u00f3n del pago de pavimento para los clubes es una pr\u00e1ctica que la actual gesti\u00f3n municipal viene implementando desde hace tiempo. <strong>\u00abEs una pr\u00e1ctica que se est\u00e1 haciendo normal en esta gesti\u00f3n\u00bb,<\/strong> afirm\u00f3 el concejal, recordando casos anteriores como los clubes Barraca y Estudiantes.<strong> \u00abLa exenci\u00f3n del pago es un alivio a las cuentas del club Defensores, que ocupa mucho espacio y tiene muchos metros de frente\u00bb.<\/strong><\/p>\n\n\n\n<p>El Presidente del Concejo resalt\u00f3 que esta medida no solo beneficia a las instituciones, sino que tambi\u00e9n es un reflejo de la buena administraci\u00f3n p\u00fablica. \u00abComo bien dijo la Concejal Garc\u00eda en la sesi\u00f3n, tambi\u00e9n tiene que ver con las cuentas claras y la buena administraci\u00f3n p\u00fablica que lleva adelante esta gesti\u00f3n, que puede eximir del pago a un club como en este caso a Defensores\u00bb, agreg\u00f3.<\/p>\n\n\n\n<p>Adem\u00e1s, Pertusati inform\u00f3 sobre la aprobaci\u00f3n de otro proyecto de ordenanza que designa el nombre de <strong>Ren\u00e9 Favaloro<\/strong> a la calle p\u00fablica que bordea las v\u00edas del tren, la cual conduce al Paseo Saludable que tambi\u00e9n lleva el nombre del reconocido m\u00e9dico. \u00abEs importante que un chico cuando pase por ah\u00ed vea que se llama Ren\u00e9 Favaloro, pregunte qui\u00e9n es y todos sepamos decirle qui\u00e9n fue el maestro\u00bb, manifest\u00f3 Pertusati, destacando la importancia de seguir homenajeando a las grandes figuras de nuestro pa\u00eds.<\/p>\n","protected":false},"excerpt":{"rendered":"<p>El Concejo aprob\u00f3 exenciones para obras de pavimento y nombr\u00f3 una nueva calle en la ciudad.<\/p>\n","protected":false},"author":1,"featured_media":43340,"comment_status":"open","ping_status":"open","sticky":false,"template":"","format":"image","meta":{"_jetpack_memberships_contains_paid_content":false,"footnotes":"","jetpack_publicize_message":"","jetpack_publicize_feature_enabled":true,"jetpack_social_post_already_shared":true,"jetpack_social_options":{"image_generator_settings":{"template":"highway","default_image_id":0,"enabled":false},"version":2}},"categories":[6,8,1,2,7,3],"tags":[868,9934,5030,10971],"class_list":["post-46804","post","type-post","status-publish","format-image","has-post-thumbnail","hentry","category-cultura-entretenimiento","category-deliberando","category-diario-armstrong","category-locales","category-politica","category-region","tag-concejo","tag-concejo-deliberante","tag-diario-armstrong","tag-prof-alejandro-pertusati","post_format-post-format-image"],"jetpack_publicize_connections":[],"jetpack_featured_media_url":"https:\/\/armstrongyregion.com.ar\/diario\/wp-content\/uploads\/2024\/07\/Prof.Ale-Pertusati-.jpg","jetpack_shortlink":"https:\/\/wp.me\/p62QDO-caU","jetpack_sharing_enabled":true,"amp_enabled":true,"_links":{"self":[{"href":"https:\/\/armstrongyregion.com.ar\/diario\/wp-json\/wp\/v2\/posts\/46804","targetHints":{"allow":["GET"]}}],"collection":[{"href":"https:\/\/armstrongyregion.com.ar\/diario\/wp-json\/wp\/v2\/posts"}],"about":[{"href":"https:\/\/armstrongyregion.com.ar\/diario\/wp-json\/wp\/v2\/types\/post"}],"author":[{"embeddable":true,"href":"https:\/\/armstrongyregion.com.ar\/diario\/wp-json\/wp\/v2\/users\/1"}],"replies":[{"embeddable":true,"href":"https:\/\/armstrongyregion.com.ar\/diario\/wp-json\/wp\/v2\/comments?post=46804"}],"version-history":[{"count":1,"href":"https:\/\/armstrongyregion.com.ar\/diario\/wp-json\/wp\/v2\/posts\/46804\/revisions"}],"predecessor-version":[{"id":46805,"href":"https:\/\/armstrongyregion.com.ar\/diario\/wp-json\/wp\/v2\/posts\/46804\/revisions\/46805"}],"wp:featuredmedia":[{"embeddable":true,"href":"https:\/\/armstrongyregion.com.ar\/diario\/wp-json\/wp\/v2\/media\/43340"}],"wp:attachment":[{"href":"https:\/\/armstrongyregion.com.ar\/diario\/wp-json\/wp\/v2\/media?parent=46804"}],"wp:term":[{"taxonomy":"category","embeddable":true,"href":"https:\/\/armstrongyregion.com.ar\/diario\/wp-json\/wp\/v2\/categories?post=46804"},{"taxonomy":"post_tag","embeddable":true,"href":"https:\/\/armstrongyregion.com.ar\/diario\/wp-json\/wp\/v2\/tags?post=46804"}],"curies":[{"name":"wp","href":"https:\/\/api.w.org\/{rel}","templated":true}]}}