{"id":46798,"date":"2025-07-22T13:16:37","date_gmt":"2025-07-22T13:16:37","guid":{"rendered":"https:\/\/armstrongyregion.com.ar\/diario\/?p=46798"},"modified":"2025-07-22T13:16:39","modified_gmt":"2025-07-22T13:16:39","slug":"deliberando-hoy-javier-meyer-un-intendente-y-constituyente-que-marca-el-rumbo","status":"publish","type":"post","link":"https:\/\/armstrongyregion.com.ar\/diario\/deliberando-hoy-javier-meyer-un-intendente-y-constituyente-que-marca-el-rumbo\/","title":{"rendered":"Deliberando: Hoy Javier Meyer: Un Intendente y Constituyente que Marca el Rumbo."},"content":{"rendered":"\n<figure class=\"wp-block-image size-large\"><img loading=\"lazy\" decoding=\"async\" width=\"614\" height=\"480\" src=\"http:\/\/armstrongyregion.com.ar\/diario\/wp-content\/uploads\/2025\/07\/Meyer-22-7-25--614x480.jpg\" alt=\"\" class=\"wp-image-46799\" srcset=\"https:\/\/armstrongyregion.com.ar\/diario\/wp-content\/uploads\/2025\/07\/Meyer-22-7-25--614x480.jpg 614w, https:\/\/armstrongyregion.com.ar\/diario\/wp-content\/uploads\/2025\/07\/Meyer-22-7-25--300x234.jpg 300w, https:\/\/armstrongyregion.com.ar\/diario\/wp-content\/uploads\/2025\/07\/Meyer-22-7-25-.jpg 640w\" sizes=\"auto, (max-width: 614px) 100vw, 614px\" \/><\/figure>\n\n\n\n<p><strong>El programa \u00abDeliberando\u00bb se prepara para su estreno esta noche, a las 21 horas, con la presencia de Javier Meyer, Intendente de Las Rosas y Convencional Constituyente por el Departamento Belgrano. En un di\u00e1logo que promete ser revelador, Meyer abordar\u00e1 tanto los desaf\u00edos y logros de su gesti\u00f3n al frente del municipio, como su crucial papel en la reforma de la Constituci\u00f3n Provincial.<\/strong><\/p>\n\n\n\n<p>Durante la entrevista, el Intendente Meyer ofrecer\u00e1 detalles sobre los principales desaf\u00edos enfrentados al asumir su cargo, destacando las&nbsp;<strong>obras y proyectos significativos<\/strong>&nbsp;que han impulsado el desarrollo local. En un contexto econ\u00f3mico complejo, explicar\u00e1 c\u00f3mo la Municipalidad de Las Rosas ha logrado&nbsp;<strong>optimizar recursos<\/strong>&nbsp;y afrontar la situaci\u00f3n actual, priorizando la&nbsp;<strong>seguridad ciudadana<\/strong>&nbsp;con acciones conjuntas con las fuerzas de seguridad.<\/p>\n\n\n\n<p>La conversaci\u00f3n tambi\u00e9n se centrar\u00e1 en <strong> el desarrollo local<\/strong>, subrayando la importancia de la\u00a0<strong>participaci\u00f3n ciudadana<\/strong>\u00a0como pilar de su gesti\u00f3n. Meyer compartir\u00e1 su visi\u00f3n sobre el futuro de Las Rosas a mediano y largo plazo, identificando tanto desaf\u00edos como oportunidades para el crecimiento. Adem\u00e1s, se abordar\u00e1n iniciativas en\u00a0<strong>salud y educaci\u00f3n<\/strong>, y el Intendente revelar\u00e1 el proyecto del que se siente m\u00e1s orgulloso.<\/p>\n\n\n\n<p>En su rol como Convencional Constituyente, Meyer desglosar\u00e1 la relevancia de esta funci\u00f3n para Santa Fe, compartiendo su perspectiva sobre el\u00a0<strong>principal objetivo de la reforma constitucional<\/strong>. Analizar\u00e1 los\u00a0<strong>temas fundamentales<\/strong>\u00a0que, a su criterio, deben ser abordados o modificados en la Carta Magna Provincial, y brindar\u00e1 un panorama sobre el proceso de trabajo dentro de la convenci\u00f3n, incluyendo los consensos y divergencias entre los distintos sectores.<\/p>\n\n\n\n<p> Un programa imperdible para entender el presente y futuro de la provincia. Martes 22 de Julio, 21hs. Por Cable Imagen Armstrong- Conducci\u00f3n: Lic. Graciela De la Casa- Oscar Crispino.<\/p>\n","protected":false},"excerpt":{"rendered":"<p>Deliberando: Hoy Javier Meyer: Un Intendente y Constituyente que Marca el Rumbo.<\/p>\n","protected":false},"author":1,"featured_media":46799,"comment_status":"open","ping_status":"open","sticky":false,"template":"","format":"image","meta":{"_jetpack_memberships_contains_paid_content":false,"footnotes":"","jetpack_publicize_message":"","jetpack_publicize_feature_enabled":true,"jetpack_social_post_already_shared":true,"jetpack_social_options":{"image_generator_settings":{"template":"highway","default_image_id":0,"enabled":false},"version":2}},"categories":[8,1,2,7,3],"tags":[44,5030,8503,9783],"class_list":["post-46798","post","type-post","status-publish","format-image","has-post-thumbnail","hentry","category-deliberando","category-diario-armstrong","category-locales","category-politica","category-region","tag-deliberando-2","tag-diario-armstrong","tag-intendente-2","tag-javier-meyer","post_format-post-format-image"],"jetpack_publicize_connections":[],"jetpack_featured_media_url":"https:\/\/armstrongyregion.com.ar\/diario\/wp-content\/uploads\/2025\/07\/Meyer-22-7-25-.jpg","jetpack_shortlink":"https:\/\/wp.me\/p62QDO-caO","jetpack_sharing_enabled":true,"amp_enabled":true,"_links":{"self":[{"href":"https:\/\/armstrongyregion.com.ar\/diario\/wp-json\/wp\/v2\/posts\/46798","targetHints":{"allow":["GET"]}}],"collection":[{"href":"https:\/\/armstrongyregion.com.ar\/diario\/wp-json\/wp\/v2\/posts"}],"about":[{"href":"https:\/\/armstrongyregion.com.ar\/diario\/wp-json\/wp\/v2\/types\/post"}],"author":[{"embeddable":true,"href":"https:\/\/armstrongyregion.com.ar\/diario\/wp-json\/wp\/v2\/users\/1"}],"replies":[{"embeddable":true,"href":"https:\/\/armstrongyregion.com.ar\/diario\/wp-json\/wp\/v2\/comments?post=46798"}],"version-history":[{"count":1,"href":"https:\/\/armstrongyregion.com.ar\/diario\/wp-json\/wp\/v2\/posts\/46798\/revisions"}],"predecessor-version":[{"id":46800,"href":"https:\/\/armstrongyregion.com.ar\/diario\/wp-json\/wp\/v2\/posts\/46798\/revisions\/46800"}],"wp:featuredmedia":[{"embeddable":true,"href":"https:\/\/armstrongyregion.com.ar\/diario\/wp-json\/wp\/v2\/media\/46799"}],"wp:attachment":[{"href":"https:\/\/armstrongyregion.com.ar\/diario\/wp-json\/wp\/v2\/media?parent=46798"}],"wp:term":[{"taxonomy":"category","embeddable":true,"href":"https:\/\/armstrongyregion.com.ar\/diario\/wp-json\/wp\/v2\/categories?post=46798"},{"taxonomy":"post_tag","embeddable":true,"href":"https:\/\/armstrongyregion.com.ar\/diario\/wp-json\/wp\/v2\/tags?post=46798"}],"curies":[{"name":"wp","href":"https:\/\/api.w.org\/{rel}","templated":true}]}}