{"id":46786,"date":"2025-07-21T21:19:06","date_gmt":"2025-07-21T21:19:06","guid":{"rendered":"https:\/\/armstrongyregion.com.ar\/diario\/?p=46786"},"modified":"2025-07-21T21:19:08","modified_gmt":"2025-07-21T21:19:08","slug":"pablo-verdecchia-presento-un-amparo-en-la-justicia-federal-para-exigir-la-reparacion-urgente-de-la-ruta-nacional-n-178","status":"publish","type":"post","link":"https:\/\/armstrongyregion.com.ar\/diario\/pablo-verdecchia-presento-un-amparo-en-la-justicia-federal-para-exigir-la-reparacion-urgente-de-la-ruta-nacional-n-178\/","title":{"rendered":"Pablo Verdecchia present\u00f3 un amparo en la Justicia Federal para exigir la reparaci\u00f3n urgente de la Ruta Nacional N\u00b0 178."},"content":{"rendered":"\n<figure class=\"wp-block-image size-full\"><img loading=\"lazy\" decoding=\"async\" width=\"400\" height=\"300\" src=\"http:\/\/armstrongyregion.com.ar\/diario\/wp-content\/uploads\/2025\/07\/Pablo-Verdecchia-21-7-25.jpg\" alt=\"\" class=\"wp-image-46787\" srcset=\"https:\/\/armstrongyregion.com.ar\/diario\/wp-content\/uploads\/2025\/07\/Pablo-Verdecchia-21-7-25.jpg 400w, https:\/\/armstrongyregion.com.ar\/diario\/wp-content\/uploads\/2025\/07\/Pablo-Verdecchia-21-7-25-300x225.jpg 300w\" sizes=\"auto, (max-width: 400px) 100vw, 400px\" \/><\/figure>\n\n\n\n<p>En sinton\u00eda con el Gobierno de la Provincia de Santa Fe, el Senador Departamental Pablo Verdecchia formaliz\u00f3 una acci\u00f3n judicial para exigir que el Gobierno Nacional repare de manera urgente la Ruta Nacional N\u00b0 178.<\/p>\n\n\n\n<figure class=\"wp-block-image size-full\"><img loading=\"lazy\" decoding=\"async\" width=\"400\" height=\"267\" src=\"http:\/\/armstrongyregion.com.ar\/diario\/wp-content\/uploads\/2025\/07\/pablo-verdecchia-21-7-25-b.jpg\" alt=\"\" class=\"wp-image-46788\" srcset=\"https:\/\/armstrongyregion.com.ar\/diario\/wp-content\/uploads\/2025\/07\/pablo-verdecchia-21-7-25-b.jpg 400w, https:\/\/armstrongyregion.com.ar\/diario\/wp-content\/uploads\/2025\/07\/pablo-verdecchia-21-7-25-b-300x200.jpg 300w\" sizes=\"auto, (max-width: 400px) 100vw, 400px\" \/><\/figure>\n\n\n\n<p>\u201cLos vecinos del departamento Belgrano confiaron en que \u00edbamos a defender sus intereses, y no vamos a mirar para otro lado\u201d, expres\u00f3.<\/p>\n\n\n\n<p>Este lunes, el Senador present\u00f3 ante la Justicia un recurso de amparo con medida cautelar para exigir al Estado Nacional la reparaci\u00f3n inmediata del tramo que atraviesa el departamento Belgrano, hoy en un estado cr\u00edtico que representa un riesgo diario para la vida y la seguridad de miles de santafesinos.<\/p>\n\n\n\n<p>Esta acci\u00f3n se present\u00f3 en los Tribunales Federales con asiento en la ciudad de Rosario. Dicha demanda se fundamenta en la omisi\u00f3n sistem\u00e1tica del Estado Nacional y en la vulneraci\u00f3n de derechos constitucionales fundamentales.<\/p>\n\n\n\n<p>Verdecchia, remarc\u00f3 que esta iniciativa no es una medida simb\u00f3lica, sino un paso legal concreto para defender el bienestar y la seguridad de los ciudadanos del departamento: \u201cPresentar este amparo es una obligaci\u00f3n moral, pol\u00edtica y legal. Esta ruta es clave para el desarrollo productivo, para la conectividad, para la educaci\u00f3n, la salud y el trabajo de nuestra gente. Vamos a insistir hasta que la Naci\u00f3n cumpla con su deber\u201d.<\/p>\n\n\n\n<p>La Ruta Nacional 178, que arranca en la localidad bonaerense de Pergamino y finaliza en Las Rosas, atraviesa de punta a punta el departamento Belgrano y conecta con corredores estrat\u00e9gicos como las rutas 9 y la autopista Rosario \u2013 C\u00f3rdoba. Su deterioro afecta de forma directa a estudiantes, trabajadores, productores, comerciantes y familias enteras que dependen de ella todos los d\u00edas.<\/p>\n\n\n\n<p>Lee el documento completo del recurso de amparo ingresado en la Justicia aqu\u00ed:&nbsp;<a href=\"https:\/\/drive.google.com\/file\/d\/1LRhBqI4mhvzSwNVETI7Sp0vRogyyDzHi\/view?usp=sharing\" target=\"_blank\" rel=\"noreferrer noopener\">https:\/\/drive.google.com\/file\/d\/1LRhBqI4mhvzSwNVETI7Sp0vRogyyDzHi\/view?usp=sharing<\/a><\/p>\n","protected":false},"excerpt":{"rendered":"<p>Pablo Verdecchia present\u00f3 un amparo en la Justicia Federal para exigir la reparaci\u00f3n urgente de la Ruta Nacional N\u00b0 178.<\/p>\n","protected":false},"author":1,"featured_media":46787,"comment_status":"open","ping_status":"open","sticky":false,"template":"","format":"image","meta":{"_jetpack_memberships_contains_paid_content":false,"footnotes":"","jetpack_publicize_message":"","jetpack_publicize_feature_enabled":true,"jetpack_social_post_already_shared":true,"jetpack_social_options":{"image_generator_settings":{"template":"highway","default_image_id":0,"enabled":false},"version":2}},"categories":[6,8,1,2,7,3],"tags":[4113,5030,11118,2646,25,11917],"class_list":["post-46786","post","type-post","status-publish","format-image","has-post-thumbnail","hentry","category-cultura-entretenimiento","category-deliberando","category-diario-armstrong","category-locales","category-politica","category-region","tag-amparo","tag-diario-armstrong","tag-justicia-federal","tag-pablo-verdecchia","tag-presento","tag-ruta-nacional-n178","post_format-post-format-image"],"jetpack_publicize_connections":[],"jetpack_featured_media_url":"https:\/\/armstrongyregion.com.ar\/diario\/wp-content\/uploads\/2025\/07\/Pablo-Verdecchia-21-7-25.jpg","jetpack_shortlink":"https:\/\/wp.me\/p62QDO-caC","jetpack_sharing_enabled":true,"amp_enabled":true,"_links":{"self":[{"href":"https:\/\/armstrongyregion.com.ar\/diario\/wp-json\/wp\/v2\/posts\/46786","targetHints":{"allow":["GET"]}}],"collection":[{"href":"https:\/\/armstrongyregion.com.ar\/diario\/wp-json\/wp\/v2\/posts"}],"about":[{"href":"https:\/\/armstrongyregion.com.ar\/diario\/wp-json\/wp\/v2\/types\/post"}],"author":[{"embeddable":true,"href":"https:\/\/armstrongyregion.com.ar\/diario\/wp-json\/wp\/v2\/users\/1"}],"replies":[{"embeddable":true,"href":"https:\/\/armstrongyregion.com.ar\/diario\/wp-json\/wp\/v2\/comments?post=46786"}],"version-history":[{"count":1,"href":"https:\/\/armstrongyregion.com.ar\/diario\/wp-json\/wp\/v2\/posts\/46786\/revisions"}],"predecessor-version":[{"id":46789,"href":"https:\/\/armstrongyregion.com.ar\/diario\/wp-json\/wp\/v2\/posts\/46786\/revisions\/46789"}],"wp:featuredmedia":[{"embeddable":true,"href":"https:\/\/armstrongyregion.com.ar\/diario\/wp-json\/wp\/v2\/media\/46787"}],"wp:attachment":[{"href":"https:\/\/armstrongyregion.com.ar\/diario\/wp-json\/wp\/v2\/media?parent=46786"}],"wp:term":[{"taxonomy":"category","embeddable":true,"href":"https:\/\/armstrongyregion.com.ar\/diario\/wp-json\/wp\/v2\/categories?post=46786"},{"taxonomy":"post_tag","embeddable":true,"href":"https:\/\/armstrongyregion.com.ar\/diario\/wp-json\/wp\/v2\/tags?post=46786"}],"curies":[{"name":"wp","href":"https:\/\/api.w.org\/{rel}","templated":true}]}}