{"id":46756,"date":"2025-07-11T15:28:31","date_gmt":"2025-07-11T15:28:31","guid":{"rendered":"https:\/\/armstrongyregion.com.ar\/diario\/?p=46756"},"modified":"2025-07-11T15:28:33","modified_gmt":"2025-07-11T15:28:33","slug":"armstrong-celebro-un-nuevo-aniversario-de-la-independencia","status":"publish","type":"post","link":"https:\/\/armstrongyregion.com.ar\/diario\/armstrong-celebro-un-nuevo-aniversario-de-la-independencia\/","title":{"rendered":"Armstrong celebr\u00f3 un nuevo aniversario de la Independencia."},"content":{"rendered":"\n<figure class=\"wp-block-image size-large\"><img loading=\"lazy\" decoding=\"async\" width=\"640\" height=\"427\" src=\"http:\/\/armstrongyregion.com.ar\/diario\/wp-content\/uploads\/2025\/07\/aniversario-1-e--640x427.jpg\" alt=\"\" class=\"wp-image-46757\" srcset=\"https:\/\/armstrongyregion.com.ar\/diario\/wp-content\/uploads\/2025\/07\/aniversario-1-e--640x427.jpg 640w, https:\/\/armstrongyregion.com.ar\/diario\/wp-content\/uploads\/2025\/07\/aniversario-1-e--300x200.jpg 300w, https:\/\/armstrongyregion.com.ar\/diario\/wp-content\/uploads\/2025\/07\/aniversario-1-e-.jpg 734w\" sizes=\"auto, (max-width: 640px) 100vw, 640px\" \/><\/figure>\n\n\n\n<p>La comunidad de Armstrong celebr\u00f3 un nuevo aniversario de la Independencia de nuestro pa\u00eds con<br>un acto oficial realizado en el sal\u00f3n Delmo Dar\u00f3 con la presencia de autoridades y representantes de<br>instituciones.<\/p>\n\n\n\n<figure class=\"wp-block-image size-large\"><img loading=\"lazy\" decoding=\"async\" width=\"640\" height=\"427\" src=\"http:\/\/armstrongyregion.com.ar\/diario\/wp-content\/uploads\/2025\/07\/aniversario-1-a--640x427.jpg\" alt=\"\" class=\"wp-image-46758\" srcset=\"https:\/\/armstrongyregion.com.ar\/diario\/wp-content\/uploads\/2025\/07\/aniversario-1-a--640x427.jpg 640w, https:\/\/armstrongyregion.com.ar\/diario\/wp-content\/uploads\/2025\/07\/aniversario-1-a--300x200.jpg 300w, https:\/\/armstrongyregion.com.ar\/diario\/wp-content\/uploads\/2025\/07\/aniversario-1-a-.jpg 735w\" sizes=\"auto, (max-width: 640px) 100vw, 640px\" \/><\/figure>\n\n\n\n<p><br>En un fragmento de su discurso, el Intendente Guillermo Luzzi dijo: \u201cLa Independencia se defiende<br>cada d\u00eda: cuando peleamos por una educaci\u00f3n que forme ciudadanos libres. Cuando trabajamos por<br>una justicia que garantice derechos para todos y cuestionamos los privilegios de algunos.<\/p>\n\n\n\n<figure class=\"wp-block-image size-large\"><img loading=\"lazy\" decoding=\"async\" width=\"640\" height=\"426\" src=\"http:\/\/armstrongyregion.com.ar\/diario\/wp-content\/uploads\/2025\/07\/aniversario-1-b--640x426.jpg\" alt=\"\" class=\"wp-image-46759\" srcset=\"https:\/\/armstrongyregion.com.ar\/diario\/wp-content\/uploads\/2025\/07\/aniversario-1-b--640x426.jpg 640w, https:\/\/armstrongyregion.com.ar\/diario\/wp-content\/uploads\/2025\/07\/aniversario-1-b--300x200.jpg 300w, https:\/\/armstrongyregion.com.ar\/diario\/wp-content\/uploads\/2025\/07\/aniversario-1-b-.jpg 728w\" sizes=\"auto, (max-width: 640px) 100vw, 640px\" \/><\/figure>\n\n\n\n<p> Cuando priorizamos lo colectivo por sobre lo individual. Cuando no nos rendimos ante la desesperanza. Ni nos acostumbramos a la desigualdad. Cuando elegimos el bien com\u00fan por encima de los intereses de<br>unos pocos\u201d.<\/p>\n\n\n\n<figure class=\"wp-block-image size-large\"><img loading=\"lazy\" decoding=\"async\" width=\"640\" height=\"427\" src=\"http:\/\/armstrongyregion.com.ar\/diario\/wp-content\/uploads\/2025\/07\/aniversario-1-c-640x427.jpg\" alt=\"\" class=\"wp-image-46760\" srcset=\"https:\/\/armstrongyregion.com.ar\/diario\/wp-content\/uploads\/2025\/07\/aniversario-1-c-640x427.jpg 640w, https:\/\/armstrongyregion.com.ar\/diario\/wp-content\/uploads\/2025\/07\/aniversario-1-c-300x200.jpg 300w, https:\/\/armstrongyregion.com.ar\/diario\/wp-content\/uploads\/2025\/07\/aniversario-1-c.jpg 684w\" sizes=\"auto, (max-width: 640px) 100vw, 640px\" \/><\/figure>\n\n\n\n<p><br>Se disfrut\u00f3 de las presentaciones del Ensamble Folcl\u00f3rico dirigido por el Maestro Cristian Guzm\u00e1n,<br>uno de los elencos del Conservatorio Municipal de M\u00fasica, que interpret\u00f3 el Himno Nacional y, m\u00e1s<br>tarde, un huayno, y del Grupo \u201cAires de Tradici\u00f3n\u201d bajo la direcci\u00f3n de la Prof. Glenda Pieve cuando<br>sus integrantes bailaron danzas tradicionales argentinas como lo son la arunguita, la chacarera y el<br>escondido.<\/p>\n\n\n\n<figure class=\"wp-block-image size-large\"><img loading=\"lazy\" decoding=\"async\" width=\"640\" height=\"427\" src=\"http:\/\/armstrongyregion.com.ar\/diario\/wp-content\/uploads\/2025\/07\/aniversario-1-d--640x427.jpg\" alt=\"\" class=\"wp-image-46761\" srcset=\"https:\/\/armstrongyregion.com.ar\/diario\/wp-content\/uploads\/2025\/07\/aniversario-1-d--640x427.jpg 640w, https:\/\/armstrongyregion.com.ar\/diario\/wp-content\/uploads\/2025\/07\/aniversario-1-d--300x200.jpg 300w, https:\/\/armstrongyregion.com.ar\/diario\/wp-content\/uploads\/2025\/07\/aniversario-1-d-.jpg 726w\" sizes=\"auto, (max-width: 640px) 100vw, 640px\" \/><\/figure>\n","protected":false},"excerpt":{"rendered":"<p>Armstrong celebr\u00f3 un nuevo aniversario de la Independencia.<\/p>\n","protected":false},"author":1,"featured_media":46757,"comment_status":"open","ping_status":"open","sticky":false,"template":"","format":"image","meta":{"_jetpack_memberships_contains_paid_content":false,"footnotes":"","jetpack_publicize_message":"","jetpack_publicize_feature_enabled":true,"jetpack_social_post_already_shared":true,"jetpack_social_options":{"image_generator_settings":{"template":"highway","default_image_id":0,"enabled":false},"version":2}},"categories":[6,8,1,2,7,3],"tags":[18,20,2040,5030,4169],"class_list":["post-46756","post","type-post","status-publish","format-image","has-post-thumbnail","hentry","category-cultura-entretenimiento","category-deliberando","category-diario-armstrong","category-locales","category-politica","category-region","tag-aniversario","tag-armstrong","tag-celebro","tag-diario-armstrong","tag-independencia","post_format-post-format-image"],"jetpack_publicize_connections":[],"jetpack_featured_media_url":"https:\/\/armstrongyregion.com.ar\/diario\/wp-content\/uploads\/2025\/07\/aniversario-1-e-.jpg","jetpack_shortlink":"https:\/\/wp.me\/p62QDO-ca8","jetpack_sharing_enabled":true,"amp_enabled":true,"_links":{"self":[{"href":"https:\/\/armstrongyregion.com.ar\/diario\/wp-json\/wp\/v2\/posts\/46756","targetHints":{"allow":["GET"]}}],"collection":[{"href":"https:\/\/armstrongyregion.com.ar\/diario\/wp-json\/wp\/v2\/posts"}],"about":[{"href":"https:\/\/armstrongyregion.com.ar\/diario\/wp-json\/wp\/v2\/types\/post"}],"author":[{"embeddable":true,"href":"https:\/\/armstrongyregion.com.ar\/diario\/wp-json\/wp\/v2\/users\/1"}],"replies":[{"embeddable":true,"href":"https:\/\/armstrongyregion.com.ar\/diario\/wp-json\/wp\/v2\/comments?post=46756"}],"version-history":[{"count":1,"href":"https:\/\/armstrongyregion.com.ar\/diario\/wp-json\/wp\/v2\/posts\/46756\/revisions"}],"predecessor-version":[{"id":46762,"href":"https:\/\/armstrongyregion.com.ar\/diario\/wp-json\/wp\/v2\/posts\/46756\/revisions\/46762"}],"wp:featuredmedia":[{"embeddable":true,"href":"https:\/\/armstrongyregion.com.ar\/diario\/wp-json\/wp\/v2\/media\/46757"}],"wp:attachment":[{"href":"https:\/\/armstrongyregion.com.ar\/diario\/wp-json\/wp\/v2\/media?parent=46756"}],"wp:term":[{"taxonomy":"category","embeddable":true,"href":"https:\/\/armstrongyregion.com.ar\/diario\/wp-json\/wp\/v2\/categories?post=46756"},{"taxonomy":"post_tag","embeddable":true,"href":"https:\/\/armstrongyregion.com.ar\/diario\/wp-json\/wp\/v2\/tags?post=46756"}],"curies":[{"name":"wp","href":"https:\/\/api.w.org\/{rel}","templated":true}]}}