{"id":46753,"date":"2025-07-10T21:54:58","date_gmt":"2025-07-10T21:54:58","guid":{"rendered":"https:\/\/armstrongyregion.com.ar\/diario\/?p=46753"},"modified":"2025-07-10T21:55:02","modified_gmt":"2025-07-10T21:55:02","slug":"prevencion-y-salud-explora-los-secretos-de-la-armonizacion-facial-en-invierno-con-la-dra-debora-velazquez","status":"publish","type":"post","link":"https:\/\/armstrongyregion.com.ar\/diario\/prevencion-y-salud-explora-los-secretos-de-la-armonizacion-facial-en-invierno-con-la-dra-debora-velazquez\/","title":{"rendered":"\u00abPrevenci\u00f3n y Salud\u00bb Explora los Secretos de la Armonizaci\u00f3n Facial en Invierno con la Dra. D\u00e9bora Vel\u00e1zquez."},"content":{"rendered":"\n<figure class=\"wp-block-image size-full\"><img loading=\"lazy\" decoding=\"async\" width=\"504\" height=\"378\" src=\"http:\/\/armstrongyregion.com.ar\/diario\/wp-content\/uploads\/2025\/07\/Graciela-De-la-Casa-Debora-Velazquez-10-7-25-.jpg\" alt=\"\" class=\"wp-image-46754\" srcset=\"https:\/\/armstrongyregion.com.ar\/diario\/wp-content\/uploads\/2025\/07\/Graciela-De-la-Casa-Debora-Velazquez-10-7-25-.jpg 504w, https:\/\/armstrongyregion.com.ar\/diario\/wp-content\/uploads\/2025\/07\/Graciela-De-la-Casa-Debora-Velazquez-10-7-25--300x225.jpg 300w\" sizes=\"auto, (max-width: 504px) 100vw, 504px\" \/><\/figure>\n\n\n\n<p>En su pr\u00f3xima emisi\u00f3n, el reconocido espacio televisivo recibir\u00e1 a una invitada de lujo: la Dra. D\u00e9bora Vel\u00e1zquez, destacada especialista que desentra\u00f1ar\u00e1 todos los misterios de la armonizaci\u00f3n facial, el b\u00f3tox y el \u00e1cido hialur\u00f3nico, con un enfoque especial en los tratamientos ideales para esta \u00e9poca invernal.<\/p>\n\n\n\n<p><strong>\u00bfPor qu\u00e9 el invierno es la estaci\u00f3n perfecta para embellecerse?<\/strong><\/p>\n\n\n\n<p>\u00abHoy en nuestro programa, vamos a hablar de un tema que a muchos les interesa: los tratamientos est\u00e9ticos, y en particular, aquellos que son ideales para realizar durante el invierno\u00bb, anticipan desde la producci\u00f3n de \u00abPrevenci\u00f3n y Salud\u00bb. Para desmitificar y conocer m\u00e1s a fondo estas opciones, la Dra. D\u00e9bora Vel\u00e1zquez, m\u00e9dica esteticista, nos acompa\u00f1ar\u00e1 para responder a las preguntas clave que se hacen los televidentes.<\/p>\n\n\n\n<p>La Dra. Vel\u00e1zquez abordar\u00e1 la raz\u00f3n por la cual el invierno se presenta como la estaci\u00f3n ideal para realizar ciertos tratamientos est\u00e9ticos. Explorar\u00e1 las ventajas que ofrece esta \u00e9poca del a\u00f1o, como la menor exposici\u00f3n solar, una mejor recuperaci\u00f3n de la piel y el tiempo suficiente para ver resultados \u00f3ptimos antes de la llegada del verano. Adem\u00e1s, revelar\u00e1 cu\u00e1les son los tratamientos espec\u00edficos m\u00e1s recomendados y efectivos durante los meses fr\u00edos.<\/p>\n\n\n\n<p><strong>B\u00f3tox y \u00c1cido Hialur\u00f3nico: Despejando Dudas con la Experta<\/strong><\/p>\n\n\n\n<p>Uno de los puntos centrales de la entrevista girar\u00e1 en torno al b\u00f3tox, uno de los tratamientos m\u00e1s conocidos en el campo de la est\u00e9tica. La Dra. Vel\u00e1zquez explicar\u00e1 qu\u00e9 es la toxina botul\u00ednica, c\u00f3mo funciona para atenuar las arrugas, en qu\u00e9 zonas del rostro es m\u00e1s efectivo (frente, entrecejo, patas de gallo) y cu\u00e1l es la duraci\u00f3n de sus efectos, as\u00ed como la frecuencia recomendada para su aplicaci\u00f3n. Tambi\u00e9n se abordar\u00e1n las contraindicaciones y posibles efectos secundarios para que los televidentes tomen decisiones informadas.<\/p>\n\n\n\n<p>Por otro lado, el \u00e1cido hialur\u00f3nico ser\u00e1 otro de los protagonistas de la jornada. La Dra. D\u00e9bora Vel\u00e1zquez detallar\u00e1 la principal diferencia entre este y el b\u00f3tox, y para qu\u00e9 tipo de preocupaciones est\u00e9ticas se utiliza, haciendo hincapi\u00e9 en su capacidad para rellenar vol\u00famenes, hidratar y suavizar arrugas est\u00e1ticas. Se explorar\u00e1n las \u00e1reas del rostro o cuerpo donde se aplica con mayor frecuencia (labios, p\u00f3mulos, surcos nasogenianos, ojeras, l\u00edneas de marioneta), la duraci\u00f3n de sus resultados y si es un tratamiento que requiere mantenimiento. Al igual que con el b\u00f3tox, se analizar\u00e1n los riesgos y consideraciones importantes para los pacientes.<\/p>\n\n\n\n<p><strong>No te lo pierdas:<\/strong><\/p>\n\n\n\n<p>Prep\u00e1rate para una charla enriquecedora y repleta de informaci\u00f3n valiosa que te ayudar\u00e1 a comprender mejor el mundo de la armonizaci\u00f3n facial y los tratamientos est\u00e9ticos.<\/p>\n\n\n\n<p><strong>Sintoniza \u00abPrevenci\u00f3n y Salud\u00bb con la Dra. D\u00e9bora Vel\u00e1zquez este jueves a las 20:30 hs y en su reiteraci\u00f3n el s\u00e1bado a las 12:30 hs.<\/strong> \u00a1Una oportunidad \u00fanica para cuidar tu salud y belleza de la mano de una experta!<\/p>\n","protected":false},"excerpt":{"rendered":"<p>\u00abPrevenci\u00f3n y Salud\u00bb Explora los Secretos de la Armonizaci\u00f3n Facial en Invierno con la Dra. D\u00e9bora Vel\u00e1zquez.<\/p>\n","protected":false},"author":1,"featured_media":46754,"comment_status":"open","ping_status":"open","sticky":false,"template":"","format":"image","meta":{"_jetpack_memberships_contains_paid_content":false,"footnotes":"","jetpack_publicize_message":"","jetpack_publicize_feature_enabled":true,"jetpack_social_post_already_shared":true,"jetpack_social_options":{"image_generator_settings":{"template":"highway","default_image_id":0,"enabled":false},"version":2}},"categories":[8,1,2,4,3],"tags":[11909,11910,5030,8777,11911,9204,11908],"class_list":["post-46753","post","type-post","status-publish","format-image","has-post-thumbnail","hentry","category-deliberando","category-diario-armstrong","category-locales","category-prevencion-salud","category-region","tag-armonizacion-facial","tag-debora-velazquez","tag-diario-armstrong","tag-lic-graciela-de-la-casa","tag-medica-esteticista","tag-prevencion-y-salud","tag-secretos","post_format-post-format-image"],"jetpack_publicize_connections":[],"jetpack_featured_media_url":"https:\/\/armstrongyregion.com.ar\/diario\/wp-content\/uploads\/2025\/07\/Graciela-De-la-Casa-Debora-Velazquez-10-7-25-.jpg","jetpack_shortlink":"https:\/\/wp.me\/p62QDO-ca5","jetpack_sharing_enabled":true,"amp_enabled":true,"_links":{"self":[{"href":"https:\/\/armstrongyregion.com.ar\/diario\/wp-json\/wp\/v2\/posts\/46753","targetHints":{"allow":["GET"]}}],"collection":[{"href":"https:\/\/armstrongyregion.com.ar\/diario\/wp-json\/wp\/v2\/posts"}],"about":[{"href":"https:\/\/armstrongyregion.com.ar\/diario\/wp-json\/wp\/v2\/types\/post"}],"author":[{"embeddable":true,"href":"https:\/\/armstrongyregion.com.ar\/diario\/wp-json\/wp\/v2\/users\/1"}],"replies":[{"embeddable":true,"href":"https:\/\/armstrongyregion.com.ar\/diario\/wp-json\/wp\/v2\/comments?post=46753"}],"version-history":[{"count":1,"href":"https:\/\/armstrongyregion.com.ar\/diario\/wp-json\/wp\/v2\/posts\/46753\/revisions"}],"predecessor-version":[{"id":46755,"href":"https:\/\/armstrongyregion.com.ar\/diario\/wp-json\/wp\/v2\/posts\/46753\/revisions\/46755"}],"wp:featuredmedia":[{"embeddable":true,"href":"https:\/\/armstrongyregion.com.ar\/diario\/wp-json\/wp\/v2\/media\/46754"}],"wp:attachment":[{"href":"https:\/\/armstrongyregion.com.ar\/diario\/wp-json\/wp\/v2\/media?parent=46753"}],"wp:term":[{"taxonomy":"category","embeddable":true,"href":"https:\/\/armstrongyregion.com.ar\/diario\/wp-json\/wp\/v2\/categories?post=46753"},{"taxonomy":"post_tag","embeddable":true,"href":"https:\/\/armstrongyregion.com.ar\/diario\/wp-json\/wp\/v2\/tags?post=46753"}],"curies":[{"name":"wp","href":"https:\/\/api.w.org\/{rel}","templated":true}]}}