{"id":46745,"date":"2025-07-09T00:29:43","date_gmt":"2025-07-09T00:29:43","guid":{"rendered":"https:\/\/armstrongyregion.com.ar\/diario\/?p=46745"},"modified":"2025-07-09T00:29:46","modified_gmt":"2025-07-09T00:29:46","slug":"de-cerca-y-con-propuestas-verdecchia-visito-instituciones-de-bouquet","status":"publish","type":"post","link":"https:\/\/armstrongyregion.com.ar\/diario\/de-cerca-y-con-propuestas-verdecchia-visito-instituciones-de-bouquet\/","title":{"rendered":"De Cerca y Con Propuestas: Verdecchia Visit\u00f3 Instituciones de Bouquet."},"content":{"rendered":"\n<figure class=\"wp-block-image size-large\"><img loading=\"lazy\" decoding=\"async\" width=\"640\" height=\"480\" src=\"http:\/\/armstrongyregion.com.ar\/diario\/wp-content\/uploads\/2025\/07\/Verdecchia-Bouquet-1--640x480.jpg\" alt=\"\" class=\"wp-image-46746\" srcset=\"https:\/\/armstrongyregion.com.ar\/diario\/wp-content\/uploads\/2025\/07\/Verdecchia-Bouquet-1--640x480.jpg 640w, https:\/\/armstrongyregion.com.ar\/diario\/wp-content\/uploads\/2025\/07\/Verdecchia-Bouquet-1--300x225.jpg 300w, https:\/\/armstrongyregion.com.ar\/diario\/wp-content\/uploads\/2025\/07\/Verdecchia-Bouquet-1--768x576.jpg 768w, https:\/\/armstrongyregion.com.ar\/diario\/wp-content\/uploads\/2025\/07\/Verdecchia-Bouquet-1-.jpg 800w\" sizes=\"auto, (max-width: 640px) 100vw, 640px\" \/><\/figure>\n\n\n\n<h2 class=\"wp-block-heading\">El Senador Pablo Verdecchia desarroll\u00f3 una intensa agenda de trabajo en la localidad de Bouquet, donde recorri\u00f3 diversas instituciones para acompa\u00f1ar sus proyectos, entregar aportes y dialogar con sus referentes sobre los desaf\u00edos actuales.<\/h2>\n\n\n\n<p><\/p>\n\n\n\n<figure class=\"wp-block-image size-large\"><img loading=\"lazy\" decoding=\"async\" width=\"640\" height=\"480\" src=\"http:\/\/armstrongyregion.com.ar\/diario\/wp-content\/uploads\/2025\/07\/Verdecchia-Bouquet-2--640x480.jpg\" alt=\"\" class=\"wp-image-46747\" srcset=\"https:\/\/armstrongyregion.com.ar\/diario\/wp-content\/uploads\/2025\/07\/Verdecchia-Bouquet-2--640x480.jpg 640w, https:\/\/armstrongyregion.com.ar\/diario\/wp-content\/uploads\/2025\/07\/Verdecchia-Bouquet-2--300x225.jpg 300w, https:\/\/armstrongyregion.com.ar\/diario\/wp-content\/uploads\/2025\/07\/Verdecchia-Bouquet-2--768x576.jpg 768w, https:\/\/armstrongyregion.com.ar\/diario\/wp-content\/uploads\/2025\/07\/Verdecchia-Bouquet-2-.jpg 800w\" sizes=\"auto, (max-width: 640px) 100vw, 640px\" \/><\/figure>\n\n\n\n<p>La jornada comenz\u00f3 en la Asociaci\u00f3n Civil Medio Ambiente Bouquet, donde se est\u00e1 impulsando la compra de herramientas y la refacci\u00f3n del galp\u00f3n de reciclaje, gracias a gestiones realizadas junto a la Secretar\u00eda de Ambiente de la Provincia.<\/p>\n\n\n\n<figure class=\"wp-block-image size-large\"><img loading=\"lazy\" decoding=\"async\" width=\"640\" height=\"480\" src=\"http:\/\/armstrongyregion.com.ar\/diario\/wp-content\/uploads\/2025\/07\/Verdecchia-Bouquet-3-640x480.jpg\" alt=\"\" class=\"wp-image-46748\" srcset=\"https:\/\/armstrongyregion.com.ar\/diario\/wp-content\/uploads\/2025\/07\/Verdecchia-Bouquet-3-640x480.jpg 640w, https:\/\/armstrongyregion.com.ar\/diario\/wp-content\/uploads\/2025\/07\/Verdecchia-Bouquet-3-300x225.jpg 300w, https:\/\/armstrongyregion.com.ar\/diario\/wp-content\/uploads\/2025\/07\/Verdecchia-Bouquet-3-768x576.jpg 768w, https:\/\/armstrongyregion.com.ar\/diario\/wp-content\/uploads\/2025\/07\/Verdecchia-Bouquet-3.jpg 800w\" sizes=\"auto, (max-width: 640px) 100vw, 640px\" \/><\/figure>\n\n\n\n<p>Luego, Verdecchia visit\u00f3 el SAMCo local, donde fue recibido por la Comisi\u00f3n Directiva. All\u00ed se concret\u00f3 un aporte destinado al mantenimiento de la Unidad de Traslado, y se convers\u00f3 sobre los proyectos de ampliaci\u00f3n del \u00e1rea de enfermer\u00eda y el shockroom, fundamentales para seguir mejorando la atenci\u00f3n de la comunidad.<\/p>\n\n\n\n<p>\u201cCada instituci\u00f3n cumple un rol central en la vida de nuestros pueblos. Por eso estamos cerca, sin dejar a nadie afuera, tirando todos para el mismo lado y gestionando para que puedan crecer y fortalecerse\u201d, expres\u00f3 el Senador.<\/p>\n\n\n\n<p>La recorrida continu\u00f3 en el Centro de Jubilados, donde se entreg\u00f3 un aporte econ\u00f3mico para avanzar con la refacci\u00f3n del sal\u00f3n de eventos, y culmin\u00f3 en el Club Bouquet. All\u00ed, junto a miembros de la comisi\u00f3n directiva, se repasaron los avances de la obra del nuevo Sal\u00f3n de Usos M\u00faltiples en el polideportivo, una iniciativa que ampliar\u00e1 la infraestructura del club y mejorar\u00e1 los servicios que brinda a ni\u00f1os, j\u00f3venes y familias de la localidad.<\/p>\n\n\n\n<p>\u201cEstos espacios nos representan, son parte de nuestra identidad. Necesitamos que cada instituci\u00f3n pueda proyectarse hacia el futuro, brindar mejores servicios y seguir siendo un punto de encuentro para toda la comuna\u201d, afirm\u00f3 Verdecchia.<\/p>\n","protected":false},"excerpt":{"rendered":"<p>De Cerca y Con Propuestas: Verdecchia Visit\u00f3 Instituciones de Bouquet.<\/p>\n","protected":false},"author":1,"featured_media":46746,"comment_status":"open","ping_status":"open","sticky":false,"template":"","format":"image","meta":{"_jetpack_memberships_contains_paid_content":false,"footnotes":"","jetpack_publicize_message":"","jetpack_publicize_feature_enabled":true,"jetpack_social_post_already_shared":true,"jetpack_social_options":{"image_generator_settings":{"template":"highway","default_image_id":0,"enabled":false},"version":2}},"categories":[6,8,1,2,7,3],"tags":[8843,5030,8593,8777,205,210],"class_list":["post-46745","post","type-post","status-publish","format-image","has-post-thumbnail","hentry","category-cultura-entretenimiento","category-deliberando","category-diario-armstrong","category-locales","category-politica","category-region","tag-bouquet-2","tag-diario-armstrong","tag-instituciones-2","tag-lic-graciela-de-la-casa","tag-verdecchia","tag-visito","post_format-post-format-image"],"jetpack_publicize_connections":[],"jetpack_featured_media_url":"https:\/\/armstrongyregion.com.ar\/diario\/wp-content\/uploads\/2025\/07\/Verdecchia-Bouquet-1-.jpg","jetpack_shortlink":"https:\/\/wp.me\/p62QDO-c9X","jetpack_sharing_enabled":true,"amp_enabled":true,"_links":{"self":[{"href":"https:\/\/armstrongyregion.com.ar\/diario\/wp-json\/wp\/v2\/posts\/46745","targetHints":{"allow":["GET"]}}],"collection":[{"href":"https:\/\/armstrongyregion.com.ar\/diario\/wp-json\/wp\/v2\/posts"}],"about":[{"href":"https:\/\/armstrongyregion.com.ar\/diario\/wp-json\/wp\/v2\/types\/post"}],"author":[{"embeddable":true,"href":"https:\/\/armstrongyregion.com.ar\/diario\/wp-json\/wp\/v2\/users\/1"}],"replies":[{"embeddable":true,"href":"https:\/\/armstrongyregion.com.ar\/diario\/wp-json\/wp\/v2\/comments?post=46745"}],"version-history":[{"count":1,"href":"https:\/\/armstrongyregion.com.ar\/diario\/wp-json\/wp\/v2\/posts\/46745\/revisions"}],"predecessor-version":[{"id":46749,"href":"https:\/\/armstrongyregion.com.ar\/diario\/wp-json\/wp\/v2\/posts\/46745\/revisions\/46749"}],"wp:featuredmedia":[{"embeddable":true,"href":"https:\/\/armstrongyregion.com.ar\/diario\/wp-json\/wp\/v2\/media\/46746"}],"wp:attachment":[{"href":"https:\/\/armstrongyregion.com.ar\/diario\/wp-json\/wp\/v2\/media?parent=46745"}],"wp:term":[{"taxonomy":"category","embeddable":true,"href":"https:\/\/armstrongyregion.com.ar\/diario\/wp-json\/wp\/v2\/categories?post=46745"},{"taxonomy":"post_tag","embeddable":true,"href":"https:\/\/armstrongyregion.com.ar\/diario\/wp-json\/wp\/v2\/tags?post=46745"}],"curies":[{"name":"wp","href":"https:\/\/api.w.org\/{rel}","templated":true}]}}