{"id":46738,"date":"2025-07-09T00:25:27","date_gmt":"2025-07-09T00:25:27","guid":{"rendered":"https:\/\/armstrongyregion.com.ar\/diario\/?p=46738"},"modified":"2025-07-09T00:25:29","modified_gmt":"2025-07-09T00:25:29","slug":"armstrong-se-realizo-la-presentacion-oficial-del-medio-maraton-2025","status":"publish","type":"post","link":"https:\/\/armstrongyregion.com.ar\/diario\/armstrong-se-realizo-la-presentacion-oficial-del-medio-maraton-2025\/","title":{"rendered":"Armstrong. Se realiz\u00f3 la presentaci\u00f3n oficial del medio marat\u00f3n 2025."},"content":{"rendered":"\n<figure class=\"wp-block-image size-large\"><img loading=\"lazy\" decoding=\"async\" width=\"640\" height=\"427\" src=\"http:\/\/armstrongyregion.com.ar\/diario\/wp-content\/uploads\/2025\/07\/maraton-1--640x427.jpg\" alt=\"\" class=\"wp-image-46739\" srcset=\"https:\/\/armstrongyregion.com.ar\/diario\/wp-content\/uploads\/2025\/07\/maraton-1--640x427.jpg 640w, https:\/\/armstrongyregion.com.ar\/diario\/wp-content\/uploads\/2025\/07\/maraton-1--300x200.jpg 300w, https:\/\/armstrongyregion.com.ar\/diario\/wp-content\/uploads\/2025\/07\/maraton-1-.jpg 694w\" sizes=\"auto, (max-width: 640px) 100vw, 640px\" \/><\/figure>\n\n\n\n<p>Con la presencia de autoridades, atletas y una sobrina, la Municipalidad de Armstrong realiz\u00f3 la<br>presentaci\u00f3n oficial de la vig\u00e9simo primera edici\u00f3n del medio marat\u00f3n homenaje a Delfo Cabrera, en<br>el predio que lleva su nombre.<\/p>\n\n\n\n<figure class=\"wp-block-image size-large\"><img loading=\"lazy\" decoding=\"async\" width=\"640\" height=\"427\" src=\"http:\/\/armstrongyregion.com.ar\/diario\/wp-content\/uploads\/2025\/07\/maraton-2-25-640x427.jpg\" alt=\"\" class=\"wp-image-46740\" srcset=\"https:\/\/armstrongyregion.com.ar\/diario\/wp-content\/uploads\/2025\/07\/maraton-2-25-640x427.jpg 640w, https:\/\/armstrongyregion.com.ar\/diario\/wp-content\/uploads\/2025\/07\/maraton-2-25-300x200.jpg 300w, https:\/\/armstrongyregion.com.ar\/diario\/wp-content\/uploads\/2025\/07\/maraton-2-25.jpg 740w\" sizes=\"auto, (max-width: 640px) 100vw, 640px\" \/><\/figure>\n\n\n\n<p><br>La convocatoria es para el domingo 3 de agosto, en sus categor\u00edas competitivas de 10 Km y 21 km,<br>con circuito certificado por la Confederaci\u00f3n Argentina de Atletismo, y los 6 km. Integrativos, con<br>largada a las 9 hs, en Plaza Flotron.<\/p>\n\n\n\n<figure class=\"wp-block-image size-large\"><img loading=\"lazy\" decoding=\"async\" width=\"640\" height=\"426\" src=\"http:\/\/armstrongyregion.com.ar\/diario\/wp-content\/uploads\/2025\/07\/maraton-3-25-640x426.jpg\" alt=\"\" class=\"wp-image-46741\" srcset=\"https:\/\/armstrongyregion.com.ar\/diario\/wp-content\/uploads\/2025\/07\/maraton-3-25-640x426.jpg 640w, https:\/\/armstrongyregion.com.ar\/diario\/wp-content\/uploads\/2025\/07\/maraton-3-25-300x200.jpg 300w, https:\/\/armstrongyregion.com.ar\/diario\/wp-content\/uploads\/2025\/07\/maraton-3-25.jpg 695w\" sizes=\"auto, (max-width: 640px) 100vw, 640px\" \/><\/figure>\n\n\n\n<p><br>Los sponsors de este a\u00f1o son: Hormib\u00f3n, Cadal, La Segunda, Avalian, Desarrolladora Life e Industrias<br>Erca.<br>La organizaci\u00f3n general es realizada por el municipio, la competencia estar\u00e1 fiscalizada \u00edntegramente<br>por la Asociaci\u00f3n Rosarina de Atletismo (A.R.D.A), y no se suspende por lluvia.<\/p>\n\n\n\n<figure class=\"wp-block-image size-large\"><img loading=\"lazy\" decoding=\"async\" width=\"640\" height=\"427\" src=\"http:\/\/armstrongyregion.com.ar\/diario\/wp-content\/uploads\/2025\/07\/maraton-4-25-640x427.jpg\" alt=\"\" class=\"wp-image-46742\" srcset=\"https:\/\/armstrongyregion.com.ar\/diario\/wp-content\/uploads\/2025\/07\/maraton-4-25-640x427.jpg 640w, https:\/\/armstrongyregion.com.ar\/diario\/wp-content\/uploads\/2025\/07\/maraton-4-25-300x200.jpg 300w, https:\/\/armstrongyregion.com.ar\/diario\/wp-content\/uploads\/2025\/07\/maraton-4-25.jpg 739w\" sizes=\"auto, (max-width: 640px) 100vw, 640px\" \/><\/figure>\n\n\n\n<p><br>Las inscripciones de 10 y 21 km. se realizan a trav\u00e9s de www.eventick.com.ar., hasta el mi\u00e9rcoles 30<br>de julio del corriente a\u00f1o, a las 23:59 hs., y para aquellos atletas que quieran inscribirse<br>personalmente podr\u00e1n hacerlo en Plaza Flotron el s\u00e1bado 2 de agosto, de 13 hs a 18 hs. y el<br>domingo 3, hasta una hora antes de la largada, horarios donde tambi\u00e9n podr\u00e1n retirar el kit<br>compuesto por una remera, n\u00famero oficial del corredor y el chip correspondiente para la toma de<br>tiempo.<\/p>\n\n\n\n<figure class=\"wp-block-image size-large\"><img loading=\"lazy\" decoding=\"async\" width=\"640\" height=\"427\" src=\"http:\/\/armstrongyregion.com.ar\/diario\/wp-content\/uploads\/2025\/07\/maraton-6-25-640x427.jpg\" alt=\"\" class=\"wp-image-46743\" srcset=\"https:\/\/armstrongyregion.com.ar\/diario\/wp-content\/uploads\/2025\/07\/maraton-6-25-640x427.jpg 640w, https:\/\/armstrongyregion.com.ar\/diario\/wp-content\/uploads\/2025\/07\/maraton-6-25-300x200.jpg 300w, https:\/\/armstrongyregion.com.ar\/diario\/wp-content\/uploads\/2025\/07\/maraton-6-25.jpg 711w\" sizes=\"auto, (max-width: 640px) 100vw, 640px\" \/><\/figure>\n\n\n\n<p><br>Para ello, el atleta oficialmente inscripto en 10 K, deber\u00e1 presentar el cup\u00f3n de pago; y el atleta<br>oficialmente inscripto en 21 K, deber\u00e1 presentar el apto m\u00e9dico, junto al cup\u00f3n de pago, sin<br>excepci\u00f3n.<br>A lo largo del recorrido habr\u00e1 Comisarios Deportivos, fiscales y\/o banderilleros del ente organizador<br>y del ente fiscalizador, ARDA, orientando a los corredores y supervisando para evitar infracciones.<br>Las categor\u00edas, tanto en damas como en caballeros, son:<br>Juveniles de 16* a 19 a\u00f1os<br>Mayores de 20 a 29 a\u00f1os<br>Pre Veteranos A de 30 a 34 a\u00f1os<br>Pre Veteranos B de 35 a 39 a\u00f1os<br>Veteranos A de 40 a 44 a\u00f1os<br>Veteranos B de 45 a 49 a\u00f1os<br>Veteranos C de 50 a 54 a\u00f1os<br>Veteranos D de 55 a 59 a\u00f1os<br>Veteranos E de 60 a 64 a\u00f1os<br>Veteranos F de 65 a 69 a\u00f1os<br>Veteranos G m\u00e1s de 70 a\u00f1os<br>Los menores de 16 a 18 deber\u00e1n inscribirse con autorizaci\u00f3n escrita de padres o tutores.<br>16* Corresponde a\u00f1o calendario (al 31\/12\/2025)<\/p>\n\n\n\n<p>Se entregar\u00e1n medallas a todos los participantes que arriben a la meta, trofeos del 1\u00b0 al 5\u00b0 puesto de<br>cada categor\u00eda de 10 y 21 k, y en la general, damas y caballeros, y premios en efectivo, seg\u00fan se<br>indica a continuaci\u00f3n:<br>GENERAL 10 K DAMAS\/CABALLEROS 21 K DAMAS\/CABALLEROS<br>1\u00ba $ 160.000.- $ 260.000.-<br>2\u00ba $ 100.000.- $ 180.000.-<br>3\u00ba $ 80.000.- $ 120.000.-<br>4\u00ba $ 50.000.- $ 90.000.-<br>5\u00ba $ 40.000.- $ 60.000.-<br>Habr\u00e1 ba\u00f1os qu\u00edmicos destinados al uso de los atletas, el servicio de guardarropa ser\u00e1 gratuito y s\u00f3lo<br>se recibir\u00e1n bolsas cerradas.<br>Puestos de hidrataci\u00f3n en el recorrido del circuito (cada 3,5 Km aproximadamente) y al finalizar la<br>competencia.<br>Los resultados podr\u00e1n ser\u00e1n consultados en la p\u00e1gina web de la Asociaci\u00f3n Rosarina de Atletismo, a<br>partir del lunes 5 de agosto. Tambi\u00e9n en Facebook Marat\u00f3n Delfo Cabrera Armstrong y p\u00e1gina web<br>www.eventick.com.ar<br>Se contar\u00e1 con el servicio m\u00e9dico de urgencias SUSAMCO, Bomberos Voluntarios, \u00c1rea de Orden<br>P\u00fablico con autoridades y agentes de tr\u00e1nsito, grupo de maestranza y equipos de trabajo de las<br>distintas \u00e1reas del municipio.<br>En la presentaci\u00f3n, algunos de los presentes participaron de una largada simb\u00f3lica, comenzando as\u00ed<br>a vibrar esta prueba deportiva que tanto nos enorgullece a los armstronenses.<\/p>\n","protected":false},"excerpt":{"rendered":"<p>Armstrong. Se realiz\u00f3 la presentaci\u00f3n oficial del medio marat\u00f3n 2025.<\/p>\n","protected":false},"author":1,"featured_media":46739,"comment_status":"open","ping_status":"open","sticky":false,"template":"","format":"image","meta":{"_jetpack_memberships_contains_paid_content":false,"footnotes":"","jetpack_publicize_message":"","jetpack_publicize_feature_enabled":true,"jetpack_social_post_already_shared":true,"jetpack_social_options":{"image_generator_settings":{"template":"highway","default_image_id":0,"enabled":false},"version":2}},"categories":[6,8,5,1,2,7,3],"tags":[20,5030,11907,8777,11906,937,581,9426],"class_list":["post-46738","post","type-post","status-publish","format-image","has-post-thumbnail","hentry","category-cultura-entretenimiento","category-deliberando","category-deportes","category-diario-armstrong","category-locales","category-politica","category-region","tag-armstrong","tag-diario-armstrong","tag-int-guillermo-luzzi","tag-lic-graciela-de-la-casa","tag-maraton-delfo-cabrera-2025","tag-oficial","tag-presentacion","tag-rosana-siri","post_format-post-format-image"],"jetpack_publicize_connections":[],"jetpack_featured_media_url":"https:\/\/armstrongyregion.com.ar\/diario\/wp-content\/uploads\/2025\/07\/maraton-1-.jpg","jetpack_shortlink":"https:\/\/wp.me\/p62QDO-c9Q","jetpack_sharing_enabled":true,"amp_enabled":true,"_links":{"self":[{"href":"https:\/\/armstrongyregion.com.ar\/diario\/wp-json\/wp\/v2\/posts\/46738","targetHints":{"allow":["GET"]}}],"collection":[{"href":"https:\/\/armstrongyregion.com.ar\/diario\/wp-json\/wp\/v2\/posts"}],"about":[{"href":"https:\/\/armstrongyregion.com.ar\/diario\/wp-json\/wp\/v2\/types\/post"}],"author":[{"embeddable":true,"href":"https:\/\/armstrongyregion.com.ar\/diario\/wp-json\/wp\/v2\/users\/1"}],"replies":[{"embeddable":true,"href":"https:\/\/armstrongyregion.com.ar\/diario\/wp-json\/wp\/v2\/comments?post=46738"}],"version-history":[{"count":1,"href":"https:\/\/armstrongyregion.com.ar\/diario\/wp-json\/wp\/v2\/posts\/46738\/revisions"}],"predecessor-version":[{"id":46744,"href":"https:\/\/armstrongyregion.com.ar\/diario\/wp-json\/wp\/v2\/posts\/46738\/revisions\/46744"}],"wp:featuredmedia":[{"embeddable":true,"href":"https:\/\/armstrongyregion.com.ar\/diario\/wp-json\/wp\/v2\/media\/46739"}],"wp:attachment":[{"href":"https:\/\/armstrongyregion.com.ar\/diario\/wp-json\/wp\/v2\/media?parent=46738"}],"wp:term":[{"taxonomy":"category","embeddable":true,"href":"https:\/\/armstrongyregion.com.ar\/diario\/wp-json\/wp\/v2\/categories?post=46738"},{"taxonomy":"post_tag","embeddable":true,"href":"https:\/\/armstrongyregion.com.ar\/diario\/wp-json\/wp\/v2\/tags?post=46738"}],"curies":[{"name":"wp","href":"https:\/\/api.w.org\/{rel}","templated":true}]}}