{"id":46731,"date":"2025-07-09T00:18:18","date_gmt":"2025-07-09T00:18:18","guid":{"rendered":"https:\/\/armstrongyregion.com.ar\/diario\/?p=46731"},"modified":"2025-07-09T00:18:21","modified_gmt":"2025-07-09T00:18:21","slug":"quedo-inaugurada-la-primera-muestra-de-seba-pancheri-en-el-mhm","status":"publish","type":"post","link":"https:\/\/armstrongyregion.com.ar\/diario\/quedo-inaugurada-la-primera-muestra-de-seba-pancheri-en-el-mhm\/","title":{"rendered":"Qued\u00f3 inaugurada la primera muestra de Seba Pancheri en el MHM."},"content":{"rendered":"\n<figure class=\"wp-block-image size-large\"><img loading=\"lazy\" decoding=\"async\" width=\"640\" height=\"426\" src=\"http:\/\/armstrongyregion.com.ar\/diario\/wp-content\/uploads\/2025\/07\/seba-pancheri-1--640x426.jpg\" alt=\"\" class=\"wp-image-46732\" srcset=\"https:\/\/armstrongyregion.com.ar\/diario\/wp-content\/uploads\/2025\/07\/seba-pancheri-1--640x426.jpg 640w, https:\/\/armstrongyregion.com.ar\/diario\/wp-content\/uploads\/2025\/07\/seba-pancheri-1--300x200.jpg 300w, https:\/\/armstrongyregion.com.ar\/diario\/wp-content\/uploads\/2025\/07\/seba-pancheri-1-.jpg 719w\" sizes=\"auto, (max-width: 640px) 100vw, 640px\" \/><\/figure>\n\n\n\n<p>El pasado 4 de julio, en el sum del Museo Hist\u00f3rico Municipal qued\u00f3 habilitada la muestra<br>fotogr\u00e1fica \u201cRetratos del territorio interno\u201d de Sebasti\u00e1n Pancheri, que estar\u00e1 a disposici\u00f3n del<br>p\u00fablico hasta el domingo 3 de agosto.<\/p>\n\n\n\n<figure class=\"wp-block-image size-large\"><img loading=\"lazy\" decoding=\"async\" width=\"640\" height=\"427\" src=\"http:\/\/armstrongyregion.com.ar\/diario\/wp-content\/uploads\/2025\/07\/seba-panchieri-2--640x427.jpg\" alt=\"\" class=\"wp-image-46733\" srcset=\"https:\/\/armstrongyregion.com.ar\/diario\/wp-content\/uploads\/2025\/07\/seba-panchieri-2--640x427.jpg 640w, https:\/\/armstrongyregion.com.ar\/diario\/wp-content\/uploads\/2025\/07\/seba-panchieri-2--300x200.jpg 300w, https:\/\/armstrongyregion.com.ar\/diario\/wp-content\/uploads\/2025\/07\/seba-panchieri-2-.jpg 732w\" sizes=\"auto, (max-width: 640px) 100vw, 640px\" \/><\/figure>\n\n\n\n<p><br>Rodeado de familiares y amigos, y visiblemente emocionado, Sebasti\u00e1n cont\u00f3 que es su primera<br>exposici\u00f3n despu\u00e9s de m\u00e1s de 15 a\u00f1os de estar dedicado a la fotograf\u00eda art\u00edstica y documental.<br>\u201cFue una noche muy especial, repleta de abrazos, de devoluciones hermosas y tambi\u00e9n de muchas<br>l\u00e1grimas de emoci\u00f3n. Es una alegr\u00eda inmensa haber instalado esta muestra en Armstrong, la ciudad<br>donde nac\u00ed y que me vi\u00f3 crecer\u201d, manifest\u00f3.<\/p>\n\n\n\n<figure class=\"wp-block-image size-large\"><img loading=\"lazy\" decoding=\"async\" width=\"640\" height=\"427\" src=\"http:\/\/armstrongyregion.com.ar\/diario\/wp-content\/uploads\/2025\/07\/seba-panchieri-3-640x427.jpg\" alt=\"\" class=\"wp-image-46734\" srcset=\"https:\/\/armstrongyregion.com.ar\/diario\/wp-content\/uploads\/2025\/07\/seba-panchieri-3-640x427.jpg 640w, https:\/\/armstrongyregion.com.ar\/diario\/wp-content\/uploads\/2025\/07\/seba-panchieri-3-300x200.jpg 300w, https:\/\/armstrongyregion.com.ar\/diario\/wp-content\/uploads\/2025\/07\/seba-panchieri-3.jpg 715w\" sizes=\"auto, (max-width: 640px) 100vw, 640px\" \/><\/figure>\n\n\n\n<p><br>Con respecto a la muestra dijo: \u201cRetratos del Territorio Interno es una invitaci\u00f3n a mirar con otros<br>ojos, a reconocernos en los dem\u00e1s. En un mundo donde la ternura, la sencillez, y las peque\u00f1as cosas<br>est\u00e1n cada vez m\u00e1s invisibilizadas, estas 30 fotograf\u00edas intentan transmitir que necesitamos de todo<br>eso, para seguir sinti\u00e9ndonos m\u00e1s humanos\u201d.<\/p>\n\n\n\n<figure class=\"wp-block-image size-large\"><img loading=\"lazy\" decoding=\"async\" width=\"640\" height=\"427\" src=\"http:\/\/armstrongyregion.com.ar\/diario\/wp-content\/uploads\/2025\/07\/seba-panchieri-4-640x427.jpg\" alt=\"\" class=\"wp-image-46735\" srcset=\"https:\/\/armstrongyregion.com.ar\/diario\/wp-content\/uploads\/2025\/07\/seba-panchieri-4-640x427.jpg 640w, https:\/\/armstrongyregion.com.ar\/diario\/wp-content\/uploads\/2025\/07\/seba-panchieri-4-300x200.jpg 300w, https:\/\/armstrongyregion.com.ar\/diario\/wp-content\/uploads\/2025\/07\/seba-panchieri-4.jpg 690w\" sizes=\"auto, (max-width: 640px) 100vw, 640px\" \/><\/figure>\n\n\n\n<p><br>\u201cRetratos del territorio interno\u201d se puede visitar de lunes a viernes de 7 a 13 hs. y todos los<br>domingos del mes de julio, de 14:30 a 17:30 hs., con entrada libre y gratuita.<\/p>\n\n\n\n<figure class=\"wp-block-image size-large\"><img loading=\"lazy\" decoding=\"async\" width=\"640\" height=\"427\" src=\"http:\/\/armstrongyregion.com.ar\/diario\/wp-content\/uploads\/2025\/07\/seba-panchieri-5--640x427.jpg\" alt=\"\" class=\"wp-image-46736\" srcset=\"https:\/\/armstrongyregion.com.ar\/diario\/wp-content\/uploads\/2025\/07\/seba-panchieri-5--640x427.jpg 640w, https:\/\/armstrongyregion.com.ar\/diario\/wp-content\/uploads\/2025\/07\/seba-panchieri-5--300x200.jpg 300w, https:\/\/armstrongyregion.com.ar\/diario\/wp-content\/uploads\/2025\/07\/seba-panchieri-5-.jpg 698w\" sizes=\"auto, (max-width: 640px) 100vw, 640px\" \/><\/figure>\n","protected":false},"excerpt":{"rendered":"<p>Qued\u00f3 inaugurada la primera muestra de Seba Pancheri en el MHM.<\/p>\n","protected":false},"author":1,"featured_media":46736,"comment_status":"open","ping_status":"open","sticky":false,"template":"","format":"image","meta":{"_jetpack_memberships_contains_paid_content":false,"footnotes":"","jetpack_publicize_message":"","jetpack_publicize_feature_enabled":true,"jetpack_social_post_already_shared":true,"jetpack_social_options":{"image_generator_settings":{"template":"highway","default_image_id":0,"enabled":false},"version":2}},"categories":[6,8,1,2,7,3],"tags":[5030,15,2768,8777,1358,11904,1661,11905],"class_list":["post-46731","post","type-post","status-publish","format-image","has-post-thumbnail","hentry","category-cultura-entretenimiento","category-deliberando","category-diario-armstrong","category-locales","category-politica","category-region","tag-diario-armstrong","tag-en","tag-inaugurada","tag-lic-graciela-de-la-casa","tag-muestra","tag-museo-historico-municipal","tag-quedo","tag-seba-panchieri","post_format-post-format-image"],"jetpack_publicize_connections":[],"jetpack_featured_media_url":"https:\/\/armstrongyregion.com.ar\/diario\/wp-content\/uploads\/2025\/07\/seba-panchieri-5-.jpg","jetpack_shortlink":"https:\/\/wp.me\/p62QDO-c9J","jetpack_sharing_enabled":true,"amp_enabled":true,"_links":{"self":[{"href":"https:\/\/armstrongyregion.com.ar\/diario\/wp-json\/wp\/v2\/posts\/46731","targetHints":{"allow":["GET"]}}],"collection":[{"href":"https:\/\/armstrongyregion.com.ar\/diario\/wp-json\/wp\/v2\/posts"}],"about":[{"href":"https:\/\/armstrongyregion.com.ar\/diario\/wp-json\/wp\/v2\/types\/post"}],"author":[{"embeddable":true,"href":"https:\/\/armstrongyregion.com.ar\/diario\/wp-json\/wp\/v2\/users\/1"}],"replies":[{"embeddable":true,"href":"https:\/\/armstrongyregion.com.ar\/diario\/wp-json\/wp\/v2\/comments?post=46731"}],"version-history":[{"count":1,"href":"https:\/\/armstrongyregion.com.ar\/diario\/wp-json\/wp\/v2\/posts\/46731\/revisions"}],"predecessor-version":[{"id":46737,"href":"https:\/\/armstrongyregion.com.ar\/diario\/wp-json\/wp\/v2\/posts\/46731\/revisions\/46737"}],"wp:featuredmedia":[{"embeddable":true,"href":"https:\/\/armstrongyregion.com.ar\/diario\/wp-json\/wp\/v2\/media\/46736"}],"wp:attachment":[{"href":"https:\/\/armstrongyregion.com.ar\/diario\/wp-json\/wp\/v2\/media?parent=46731"}],"wp:term":[{"taxonomy":"category","embeddable":true,"href":"https:\/\/armstrongyregion.com.ar\/diario\/wp-json\/wp\/v2\/categories?post=46731"},{"taxonomy":"post_tag","embeddable":true,"href":"https:\/\/armstrongyregion.com.ar\/diario\/wp-json\/wp\/v2\/tags?post=46731"}],"curies":[{"name":"wp","href":"https:\/\/api.w.org\/{rel}","templated":true}]}}