{"id":46728,"date":"2025-07-09T00:11:43","date_gmt":"2025-07-09T00:11:43","guid":{"rendered":"https:\/\/armstrongyregion.com.ar\/diario\/?p=46728"},"modified":"2025-07-09T00:11:46","modified_gmt":"2025-07-09T00:11:46","slug":"armstrong-acto-oficial-9-de-julio-de-2025","status":"publish","type":"post","link":"https:\/\/armstrongyregion.com.ar\/diario\/armstrong-acto-oficial-9-de-julio-de-2025\/","title":{"rendered":"Armstrong. Acto oficial 9 de Julio de 2025."},"content":{"rendered":"\n<figure class=\"wp-block-image size-large\"><img loading=\"lazy\" decoding=\"async\" width=\"386\" height=\"480\" src=\"http:\/\/armstrongyregion.com.ar\/diario\/wp-content\/uploads\/2025\/07\/9-07-25-386x480.jpg\" alt=\"\" class=\"wp-image-46729\" srcset=\"https:\/\/armstrongyregion.com.ar\/diario\/wp-content\/uploads\/2025\/07\/9-07-25-386x480.jpg 386w, https:\/\/armstrongyregion.com.ar\/diario\/wp-content\/uploads\/2025\/07\/9-07-25-241x300.jpg 241w, https:\/\/armstrongyregion.com.ar\/diario\/wp-content\/uploads\/2025\/07\/9-07-25.jpg 515w\" sizes=\"auto, (max-width: 386px) 100vw, 386px\" \/><\/figure>\n\n\n\n<p>La Municipalidad de Armstrong invita a compartir el acto oficial por un nuevo aniversario de<br>nuestra Independencia que se realizar\u00e1 el mi\u00e9rcoles 9 de julio a las 11 hs. en el sal\u00f3n<br>auditorio Delmo Dar\u00f3.<br>Participar\u00e1n el grupo de danzas \u201cAires de Tradici\u00f3n\u201d dirigido por la Prof. Glenda Pieve, y el<br>Ensamble Folcl\u00f3rico bajo la direcci\u00f3n del Maestro Cristian Guzm\u00e1n, elenco del Conservatorio<br>Municipal de M\u00fasica.<br>Se invita a embanderar los edificios.<\/p>\n","protected":false},"excerpt":{"rendered":"<p>Armstrong. Acto oficial 9 de Julio de 2025.<\/p>\n","protected":false},"author":1,"featured_media":46729,"comment_status":"open","ping_status":"open","sticky":false,"template":"","format":"image","meta":{"_jetpack_memberships_contains_paid_content":false,"footnotes":"","jetpack_publicize_message":"","jetpack_publicize_feature_enabled":true,"jetpack_social_post_already_shared":true,"jetpack_social_options":{"image_generator_settings":{"template":"highway","default_image_id":0,"enabled":false},"version":2}},"categories":[6,8,1,2,7,3],"tags":[11902,1212,20,11903,5030],"class_list":["post-46728","post","type-post","status-publish","format-image","has-post-thumbnail","hentry","category-cultura-entretenimiento","category-deliberando","category-diario-armstrong","category-locales","category-politica","category-region","tag-9-de-julio","tag-acto","tag-armstrong","tag-delmo-daro","tag-diario-armstrong","post_format-post-format-image"],"jetpack_publicize_connections":[],"jetpack_featured_media_url":"https:\/\/armstrongyregion.com.ar\/diario\/wp-content\/uploads\/2025\/07\/9-07-25.jpg","jetpack_shortlink":"https:\/\/wp.me\/p62QDO-c9G","jetpack_sharing_enabled":true,"amp_enabled":true,"_links":{"self":[{"href":"https:\/\/armstrongyregion.com.ar\/diario\/wp-json\/wp\/v2\/posts\/46728","targetHints":{"allow":["GET"]}}],"collection":[{"href":"https:\/\/armstrongyregion.com.ar\/diario\/wp-json\/wp\/v2\/posts"}],"about":[{"href":"https:\/\/armstrongyregion.com.ar\/diario\/wp-json\/wp\/v2\/types\/post"}],"author":[{"embeddable":true,"href":"https:\/\/armstrongyregion.com.ar\/diario\/wp-json\/wp\/v2\/users\/1"}],"replies":[{"embeddable":true,"href":"https:\/\/armstrongyregion.com.ar\/diario\/wp-json\/wp\/v2\/comments?post=46728"}],"version-history":[{"count":1,"href":"https:\/\/armstrongyregion.com.ar\/diario\/wp-json\/wp\/v2\/posts\/46728\/revisions"}],"predecessor-version":[{"id":46730,"href":"https:\/\/armstrongyregion.com.ar\/diario\/wp-json\/wp\/v2\/posts\/46728\/revisions\/46730"}],"wp:featuredmedia":[{"embeddable":true,"href":"https:\/\/armstrongyregion.com.ar\/diario\/wp-json\/wp\/v2\/media\/46729"}],"wp:attachment":[{"href":"https:\/\/armstrongyregion.com.ar\/diario\/wp-json\/wp\/v2\/media?parent=46728"}],"wp:term":[{"taxonomy":"category","embeddable":true,"href":"https:\/\/armstrongyregion.com.ar\/diario\/wp-json\/wp\/v2\/categories?post=46728"},{"taxonomy":"post_tag","embeddable":true,"href":"https:\/\/armstrongyregion.com.ar\/diario\/wp-json\/wp\/v2\/tags?post=46728"}],"curies":[{"name":"wp","href":"https:\/\/api.w.org\/{rel}","templated":true}]}}