{"id":46725,"date":"2025-07-08T01:45:23","date_gmt":"2025-07-08T01:45:23","guid":{"rendered":"https:\/\/armstrongyregion.com.ar\/diario\/?p=46725"},"modified":"2025-07-08T01:45:25","modified_gmt":"2025-07-08T01:45:25","slug":"deliberando-el-concejo-deliberante-de-canada-de-gomez-una-nueva-mayoria-opositora-en-escena","status":"publish","type":"post","link":"https:\/\/armstrongyregion.com.ar\/diario\/deliberando-el-concejo-deliberante-de-canada-de-gomez-una-nueva-mayoria-opositora-en-escena\/","title":{"rendered":"Deliberando: El Concejo Deliberante de Ca\u00f1ada de G\u00f3mez: Una Nueva Mayor\u00eda Opositora en Escena."},"content":{"rendered":"\n<figure class=\"wp-block-image size-large\"><img loading=\"lazy\" decoding=\"async\" width=\"524\" height=\"480\" src=\"http:\/\/armstrongyregion.com.ar\/diario\/wp-content\/uploads\/2025\/07\/Stella-Clerici-Gaspar-Provera--524x480.jpg\" alt=\"\" class=\"wp-image-46726\" srcset=\"https:\/\/armstrongyregion.com.ar\/diario\/wp-content\/uploads\/2025\/07\/Stella-Clerici-Gaspar-Provera--524x480.jpg 524w, https:\/\/armstrongyregion.com.ar\/diario\/wp-content\/uploads\/2025\/07\/Stella-Clerici-Gaspar-Provera--300x275.jpg 300w, https:\/\/armstrongyregion.com.ar\/diario\/wp-content\/uploads\/2025\/07\/Stella-Clerici-Gaspar-Provera-.jpg 534w\" sizes=\"auto, (max-width: 524px) 100vw, 524px\" \/><\/figure>\n\n\n\n<p>Este <strong>martes 8 de julio a las 21 hs<\/strong>, la pantalla de su televisor se encender\u00e1 con el estreno de \u00abDeliberando\u00bb, el nuevo espacio que promete analizar a fondo la pol\u00edtica de Ca\u00f1ada de G\u00f3mez.<\/p>\n\n\n\n<p> El programa contar\u00e1 con la presencia de dos figuras clave en la reciente reconfiguraci\u00f3n del poder legislativo ca\u00f1adense: la ex intendenta <strong>Stella Cl\u00e9rici<\/strong> y el joven concejal electo <strong>Gaspar Provera<\/strong>. Ambos compartir\u00e1n sus primeras impresiones y la hoja de ruta que trazan para el Concejo Deliberante, que, tras las elecciones del 29 de junio, quedar\u00e1 constituido con una clara <strong>mayor\u00eda opositora al Ejecutivo municipal<\/strong>.<\/p>\n\n\n\n<p><strong>La contundente victoria de Cl\u00e9rici y Provera en las urnas marca un nuevo cap\u00edtulo para la pol\u00edtica de Ca\u00f1ada de G\u00f3mez. En un adelanto exclusivo para \u00abDeliberando\u00bb, los ediles desgranar\u00e1n la \u00abprincipal lectura\u00bb que hacen del \u00abcontundente respaldo\u00bb recibido, un mensaje que, seg\u00fan ellos, el electorado envi\u00f3 con claridad.<\/strong><\/p>\n\n\n\n<p>Con la Dra. Stella Cl\u00e9rici, abordaremos sobre c\u00f3mo su conocimiento desde el Ejecutivo influir\u00e1 en su rol como legisladora, identificando <strong>\u00abproblem\u00e1ticas o \u00e1reas donde la acci\u00f3n legislativa es crucial\u00bb<\/strong>. Por su parte, Gaspar Provera, en su debut como concejal, revelar\u00e1 qu\u00e9 lo motiv\u00f3 a dar este trascendental paso y cu\u00e1les fueron las principales inquietudes de los vecinos que buscar\u00e1 llevar al recinto.<\/p>\n\n\n\n<p><strong>De cara al 10 de diciembre, fecha en que asumir\u00e1n sus bancas, ambos ya tienen en mente el \u00abprimer punto de la agenda\u00bb que impulsar\u00e1n. La din\u00e1mica entre el Ejecutivo y el Concejo ser\u00e1, sin duda, uno de los ejes de la conversaci\u00f3n, ambos coinciden en que seguir\u00e1n velando y resguardando el patrimonio de los ca\u00f1adenses.<\/strong> Provera tambi\u00e9n compartir\u00e1 c\u00f3mo se prepara para este nuevo rol y cu\u00e1les anticipa que ser\u00e1n sus mayores desaf\u00edos.<\/p>\n\n\n\n<p>No se pierda este <strong>martes 8 de julio a las 21 hs<\/strong> el estreno de \u00abDeliberando\u00bb con Stella Cl\u00e9rici y Gaspar Provera, un programa imperdible para entender c\u00f3mo se construir\u00e1 el futuro legislativo de Ca\u00f1ada de G\u00f3mez.<\/p>\n\n\n\n<p><strong>Reiteraciones:<\/strong> Mi\u00e9rcoles 13,30HS Y Domingos 12HS.<\/p>\n\n\n\n<p><strong>Conducci\u00f3n: <\/strong>Lic: Graciela De la Casa- Oscar Crispino-<\/p>\n","protected":false},"excerpt":{"rendered":"<p>Deliberando: El Concejo Deliberante de Ca\u00f1ada de G\u00f3mez: Una Nueva Mayor\u00eda Opositora en Escena.<\/p>\n","protected":false},"author":1,"featured_media":46726,"comment_status":"open","ping_status":"open","sticky":false,"template":"","format":"image","meta":{"_jetpack_memberships_contains_paid_content":false,"footnotes":"","jetpack_publicize_message":"","jetpack_publicize_feature_enabled":true,"jetpack_social_post_already_shared":true,"jetpack_social_options":{"image_generator_settings":{"template":"highway","default_image_id":0,"enabled":false},"version":2}},"categories":[8,1,2,7,3],"tags":[420,9934,44,5030,11901,11900],"class_list":["post-46725","post","type-post","status-publish","format-image","has-post-thumbnail","hentry","category-deliberando","category-diario-armstrong","category-locales","category-politica","category-region","tag-canada-de-gomez","tag-concejo-deliberante","tag-deliberando-2","tag-diario-armstrong","tag-gaspar-provera","tag-stella-clerici","post_format-post-format-image"],"jetpack_publicize_connections":[],"jetpack_featured_media_url":"https:\/\/armstrongyregion.com.ar\/diario\/wp-content\/uploads\/2025\/07\/Stella-Clerici-Gaspar-Provera-.jpg","jetpack_shortlink":"https:\/\/wp.me\/p62QDO-c9D","jetpack_sharing_enabled":true,"amp_enabled":true,"_links":{"self":[{"href":"https:\/\/armstrongyregion.com.ar\/diario\/wp-json\/wp\/v2\/posts\/46725","targetHints":{"allow":["GET"]}}],"collection":[{"href":"https:\/\/armstrongyregion.com.ar\/diario\/wp-json\/wp\/v2\/posts"}],"about":[{"href":"https:\/\/armstrongyregion.com.ar\/diario\/wp-json\/wp\/v2\/types\/post"}],"author":[{"embeddable":true,"href":"https:\/\/armstrongyregion.com.ar\/diario\/wp-json\/wp\/v2\/users\/1"}],"replies":[{"embeddable":true,"href":"https:\/\/armstrongyregion.com.ar\/diario\/wp-json\/wp\/v2\/comments?post=46725"}],"version-history":[{"count":1,"href":"https:\/\/armstrongyregion.com.ar\/diario\/wp-json\/wp\/v2\/posts\/46725\/revisions"}],"predecessor-version":[{"id":46727,"href":"https:\/\/armstrongyregion.com.ar\/diario\/wp-json\/wp\/v2\/posts\/46725\/revisions\/46727"}],"wp:featuredmedia":[{"embeddable":true,"href":"https:\/\/armstrongyregion.com.ar\/diario\/wp-json\/wp\/v2\/media\/46726"}],"wp:attachment":[{"href":"https:\/\/armstrongyregion.com.ar\/diario\/wp-json\/wp\/v2\/media?parent=46725"}],"wp:term":[{"taxonomy":"category","embeddable":true,"href":"https:\/\/armstrongyregion.com.ar\/diario\/wp-json\/wp\/v2\/categories?post=46725"},{"taxonomy":"post_tag","embeddable":true,"href":"https:\/\/armstrongyregion.com.ar\/diario\/wp-json\/wp\/v2\/tags?post=46725"}],"curies":[{"name":"wp","href":"https:\/\/api.w.org\/{rel}","templated":true}]}}