{"id":46709,"date":"2025-07-07T18:42:19","date_gmt":"2025-07-07T18:42:19","guid":{"rendered":"https:\/\/armstrongyregion.com.ar\/diario\/?p=46709"},"modified":"2025-07-07T18:42:21","modified_gmt":"2025-07-07T18:42:21","slug":"asociacion-rosarina-de-ayuda-solidaria-centro-educativo-cuatro-vientos-cambiando-la-realidad-de-los-barrios-carenciados","status":"publish","type":"post","link":"https:\/\/armstrongyregion.com.ar\/diario\/asociacion-rosarina-de-ayuda-solidaria-centro-educativo-cuatro-vientos-cambiando-la-realidad-de-los-barrios-carenciados\/","title":{"rendered":"Asociaci\u00f3n Rosarina de Ayuda Solidaria \u2013 Centro Educativo Cuatro Vientos. Cambiando la realidad de los barrios carenciados."},"content":{"rendered":"\n<figure class=\"wp-block-image size-large\"><img loading=\"lazy\" decoding=\"async\" width=\"640\" height=\"360\" src=\"http:\/\/armstrongyregion.com.ar\/diario\/wp-content\/uploads\/2025\/07\/ARAS-1--640x360.jpg\" alt=\"\" class=\"wp-image-46710\" srcset=\"https:\/\/armstrongyregion.com.ar\/diario\/wp-content\/uploads\/2025\/07\/ARAS-1--640x360.jpg 640w, https:\/\/armstrongyregion.com.ar\/diario\/wp-content\/uploads\/2025\/07\/ARAS-1--300x169.jpg 300w, https:\/\/armstrongyregion.com.ar\/diario\/wp-content\/uploads\/2025\/07\/ARAS-1--768x432.jpg 768w, https:\/\/armstrongyregion.com.ar\/diario\/wp-content\/uploads\/2025\/07\/ARAS-1-.jpg 800w\" sizes=\"auto, (max-width: 640px) 100vw, 640px\" \/><\/figure>\n\n\n\n<p>*EL CENTRO EDUCATIVO CUATRO VIENTOS * es una comunidad conformada por profesionales y voluntarios de distintas edades comprometidas con la educaci\u00f3n de las futuras generaciones. Solo el trabajo integral con la persona desde la ni\u00f1ez pueden poner los cimientos de una sociedad m\u00e1s justa e igualitaria.<\/p>\n\n\n\n<figure class=\"wp-block-image size-full\"><img loading=\"lazy\" decoding=\"async\" width=\"640\" height=\"480\" src=\"http:\/\/armstrongyregion.com.ar\/diario\/wp-content\/uploads\/2025\/07\/ARAS-3-.jpg\" alt=\"\" class=\"wp-image-46711\" srcset=\"https:\/\/armstrongyregion.com.ar\/diario\/wp-content\/uploads\/2025\/07\/ARAS-3-.jpg 640w, https:\/\/armstrongyregion.com.ar\/diario\/wp-content\/uploads\/2025\/07\/ARAS-3--300x225.jpg 300w\" sizes=\"auto, (max-width: 640px) 100vw, 640px\" \/><\/figure>\n\n\n\n<p><br><strong><em>HISTORIA<\/em> ARAS<\/strong> comenz\u00f3 a trabajar informalmente en sus actividades en 1994.<br>Constituida en febrero de 2000, obtuvo la autorizaci\u00f3n formal para su funcionamiento el 29 de mayo de 2001 a trav\u00e9s de la Fiscal\u00eda de Estado de la Provincia de Santa Fe. Registro n\u00famero 371- Las instalaciones est\u00e1n ubicadas en Cab\u00edn 9 P\u00e9rez.<\/p>\n\n\n\n<figure class=\"wp-block-image size-large\"><img loading=\"lazy\" decoding=\"async\" width=\"640\" height=\"426\" src=\"http:\/\/armstrongyregion.com.ar\/diario\/wp-content\/uploads\/2025\/07\/ARAS-2--640x426.jpg\" alt=\"\" class=\"wp-image-46712\" srcset=\"https:\/\/armstrongyregion.com.ar\/diario\/wp-content\/uploads\/2025\/07\/ARAS-2--640x426.jpg 640w, https:\/\/armstrongyregion.com.ar\/diario\/wp-content\/uploads\/2025\/07\/ARAS-2--300x200.jpg 300w, https:\/\/armstrongyregion.com.ar\/diario\/wp-content\/uploads\/2025\/07\/ARAS-2--768x512.jpg 768w, https:\/\/armstrongyregion.com.ar\/diario\/wp-content\/uploads\/2025\/07\/ARAS-2-.jpg 800w\" sizes=\"auto, (max-width: 640px) 100vw, 640px\" \/><\/figure>\n\n\n\n<p><br><em><strong>OBJETIVOS<\/strong><\/em> Recuperar la importancia de la cultura del trabajo como medio<br>realmente efectivo e irremplazable de crecimiento del individuo y de la sociedad<br>donde vive y desarrolla sus actividades.<br><em><strong>ACCIONES- TRABAJO<\/strong><\/em> Aras destina la mayor parte de sus recursos materiales y<br>humanos a diferentes proyectos en ni\u00f1os de 0 a 18 a\u00f1os. En el \u00e1rea de capacitaci\u00f3n<br>laboral se ampl\u00eda el rango etario a adultos j\u00f3venes hasta 40 a\u00f1os.<br>Trabaja fundamentalmente en seis sectores: cuatro relacionados con aspectos sociales o educativos y los restantes se basan en temas de \u00edndole laboral, infraestructuras sociales, escolarizaci\u00f3n de ni\u00f1os, formaci\u00f3n de j\u00f3venes y atenci\u00f3n al g\u00e9nero en la ense\u00f1anza, productividad de los sectores urbano-marginales y preparaci\u00f3n profesional.<br>*La infraestructura est\u00e1 constituida por 3 gabinetes de inform\u00e1tica, 3 aulas-taller para dictado de cursos de oficios, y 15 aulas convencionales que se utilizan fundamentalmente para apoyo escolar en matem\u00e1ticas, computaci\u00f3n y lengua.<br>Sumado al campo de deportes con cancha de f\u00fatbol, b\u00e1squet, v\u00f3ley y handball.<\/p>\n\n\n\n<p><strong><em>COLEGIO TESLA<\/em> <\/strong>por la realizaci\u00f3n de un Convenio con ARAS, funciona en nuestro<br>predio el colegio primario y secundario con orientaci\u00f3n en oficios digitales y una<br>matr\u00edcula de 250 alumnos.<\/p>\n\n\n\n<p>*A trav\u00e9s del<strong> APOYO ESCOLAR <\/strong>se brinda acompa\u00f1amiento pedag\u00f3gico<br>especializado.<br>*<strong>CAPACITACION LABORAL Y BOLSA DE EMPLEO,<\/strong> empoderar a las personas para<br>construir un futuro con m\u00e1s oportunidades.<br>*<strong>ACTIVIDADES RECERATIVAS Y DEPORTIVAS<\/strong> para promover la inclusi\u00f3n y el trabajo<br>en equipo.<br><strong>*INFORMATICA Y PROGRAMACI\u00d3N <\/strong>, acercar herramientas digitales para los<br>desaf\u00edos tecnol\u00f3gicos del ma\u00f1ana.<\/p>\n\n\n\n<ul class=\"wp-block-list\">\n<li>FORMACION EN VALORES, como el respeto, la solidaridad y la responsabilidad.<br>En este momento con la totalidad de las actividades y programas en desarrollo<br>estamos asistiendo a 700 personas.<\/li>\n<\/ul>\n\n\n\n<hr class=\"wp-block-separator has-alpha-channel-opacity\"\/>\n\n\n\n<p><strong>*ACTIVIDADES *<br>-AGOSTO<\/strong><br>Se est\u00e1 preparando el habitual FESTEJO DIA DEL NI\u00d1O que se realizar\u00e1 el<br>VIERNES 29<\/p>\n\n\n\n<p>&#8211;<strong>SEPTIEMBRE<\/strong><br>Ser\u00e1n varias y destacadas las actividades que se llevar\u00e1n a cabo durante este mes.<br>+++ Las \u201cOlimpiadas Matem\u00e1ticas Duplas\u201d en fecha a definir y con la<br>participaci\u00f3n de 400 asistentes.<\/p>\n\n\n\n<p><strong>+++ JUEVES 4 de 14.00 a 17.00 Hs, <\/strong>el Centro Educativo Cuatro Vientos ser\u00e1 sede<br>de la instancia local del Programa AGROMAKER , una iniciativa de la Bolsa de<br>Comercio de Rosario orientada a promover el esp\u00edritu emprendedor y la co-<br>creaci\u00f3n de proyectos entre estudiantes secundarios.<\/p>\n\n\n\n<p>La jornada se desarrollar\u00e1 con la participaci\u00f3n de estudiantes, mentores y<br>referentes de distintos sectores, con el objetivo de impulsar la participaci\u00f3n activa<br>de j\u00f3venes en tem\u00e1ticas de desarrollo sostenible, energ\u00eda y acci\u00f3n clim\u00e1tica,<br>generar espacios de encuentro entre estudiantes, profesionales y referentes del<br>sector p\u00fablico y privado y fomentar el dise\u00f1o de proyectos que respondan a los<br>desaf\u00edos propuestos por el programa.<br>Esta actividad busca ser una instancia formativa, motivadora y con impacto en la<br>comunidad, fortaleciendo los lazos entre j\u00f3venes, instituciones educativas y<br>actores territoriales.<\/p>\n\n\n\n<p><strong>+++VIERNES 19 &#8211; Festejo del D\u00eda del Estudiante<br>Todas las actividades se realizan en nuestras instalaciones de Cab\u00edn 9, Perez.<br>Para acceder a m\u00e1s informaci\u00f3n, \u00e9stos son nuestros sitios \u2026<br>www.aras.org.ar<br>@arascuatrovientos<\/strong><\/p>\n\n\n\n<h2 class=\"wp-block-heading\"><\/h2>\n","protected":false},"excerpt":{"rendered":"<p>Asociaci\u00f3n Rosarina de Ayuda Solidaria \u2013 Centro Educativo Cuatro Vientos. Cambiando la realidad de los barrios carenciados.<\/p>\n","protected":false},"author":1,"featured_media":46710,"comment_status":"open","ping_status":"open","sticky":false,"template":"","format":"image","meta":{"_jetpack_memberships_contains_paid_content":false,"footnotes":"","jetpack_publicize_message":"","jetpack_publicize_feature_enabled":true,"jetpack_social_post_already_shared":true,"jetpack_social_options":{"image_generator_settings":{"template":"highway","default_image_id":0,"enabled":false},"version":2}},"categories":[6,8,1,2,7,3],"tags":[11888,11887,11886,11889,5030],"class_list":["post-46709","post","type-post","status-publish","format-image","has-post-thumbnail","hentry","category-cultura-entretenimiento","category-deliberando","category-diario-armstrong","category-locales","category-politica","category-region","tag-asociacion-rosarina","tag-ayuda-solidaria","tag-barrios-carenciados","tag-cuatro-vientos","tag-diario-armstrong","post_format-post-format-image"],"jetpack_publicize_connections":[],"jetpack_featured_media_url":"https:\/\/armstrongyregion.com.ar\/diario\/wp-content\/uploads\/2025\/07\/ARAS-1-.jpg","jetpack_shortlink":"https:\/\/wp.me\/p62QDO-c9n","jetpack_sharing_enabled":true,"amp_enabled":true,"_links":{"self":[{"href":"https:\/\/armstrongyregion.com.ar\/diario\/wp-json\/wp\/v2\/posts\/46709","targetHints":{"allow":["GET"]}}],"collection":[{"href":"https:\/\/armstrongyregion.com.ar\/diario\/wp-json\/wp\/v2\/posts"}],"about":[{"href":"https:\/\/armstrongyregion.com.ar\/diario\/wp-json\/wp\/v2\/types\/post"}],"author":[{"embeddable":true,"href":"https:\/\/armstrongyregion.com.ar\/diario\/wp-json\/wp\/v2\/users\/1"}],"replies":[{"embeddable":true,"href":"https:\/\/armstrongyregion.com.ar\/diario\/wp-json\/wp\/v2\/comments?post=46709"}],"version-history":[{"count":1,"href":"https:\/\/armstrongyregion.com.ar\/diario\/wp-json\/wp\/v2\/posts\/46709\/revisions"}],"predecessor-version":[{"id":46713,"href":"https:\/\/armstrongyregion.com.ar\/diario\/wp-json\/wp\/v2\/posts\/46709\/revisions\/46713"}],"wp:featuredmedia":[{"embeddable":true,"href":"https:\/\/armstrongyregion.com.ar\/diario\/wp-json\/wp\/v2\/media\/46710"}],"wp:attachment":[{"href":"https:\/\/armstrongyregion.com.ar\/diario\/wp-json\/wp\/v2\/media?parent=46709"}],"wp:term":[{"taxonomy":"category","embeddable":true,"href":"https:\/\/armstrongyregion.com.ar\/diario\/wp-json\/wp\/v2\/categories?post=46709"},{"taxonomy":"post_tag","embeddable":true,"href":"https:\/\/armstrongyregion.com.ar\/diario\/wp-json\/wp\/v2\/tags?post=46709"}],"curies":[{"name":"wp","href":"https:\/\/api.w.org\/{rel}","templated":true}]}}