{"id":46706,"date":"2025-07-03T14:35:11","date_gmt":"2025-07-03T14:35:11","guid":{"rendered":"https:\/\/armstrongyregion.com.ar\/diario\/?p=46706"},"modified":"2025-07-03T14:35:13","modified_gmt":"2025-07-03T14:35:13","slug":"tarombi-y-el-dr-mario-perichon-un-compromiso-con-la-calidad-de-vida-en-la-tercera-edad","status":"publish","type":"post","link":"https:\/\/armstrongyregion.com.ar\/diario\/tarombi-y-el-dr-mario-perichon-un-compromiso-con-la-calidad-de-vida-en-la-tercera-edad\/","title":{"rendered":"Taromb\u00ed y el Dr. Mario Perich\u00f3n: Un Compromiso con la Calidad de Vida en la Tercera Edad."},"content":{"rendered":"\n<figure class=\"wp-block-image size-large\"><img loading=\"lazy\" decoding=\"async\" width=\"448\" height=\"480\" src=\"http:\/\/armstrongyregion.com.ar\/diario\/wp-content\/uploads\/2025\/07\/Dr.-Mario-Perichon-Lic.-Graciela-De-la-Casa--448x480.jpg\" alt=\"\" class=\"wp-image-46707\" srcset=\"https:\/\/armstrongyregion.com.ar\/diario\/wp-content\/uploads\/2025\/07\/Dr.-Mario-Perichon-Lic.-Graciela-De-la-Casa--448x480.jpg 448w, https:\/\/armstrongyregion.com.ar\/diario\/wp-content\/uploads\/2025\/07\/Dr.-Mario-Perichon-Lic.-Graciela-De-la-Casa--280x300.jpg 280w, https:\/\/armstrongyregion.com.ar\/diario\/wp-content\/uploads\/2025\/07\/Dr.-Mario-Perichon-Lic.-Graciela-De-la-Casa-.jpg 536w\" sizes=\"auto, (max-width: 448px) 100vw, 448px\" \/><\/figure>\n\n\n\n<p>El programa \u00abPrevenci\u00f3n y Salud\u00bb recibi\u00f3 la visita de destacadas figuras  dedicadas al bienestar de los adultos mayores: <strong>Analia Areco<\/strong>, directora de la Residencia para Personas de la Tercera Edad Taromb\u00ed, y el <strong>Dr. Mario Perich\u00f3n<\/strong>, ex interventor del PAMI. Ambos compartieron valiosa informaci\u00f3n sobre las claves para un envejecimiento saludable y la importancia de un cuidado integral.<\/p>\n\n\n\n<h3 class=\"wp-block-heading\">Taromb\u00ed: Un Modelo de Cuidado Geri\u00e1trico<\/h3>\n\n\n\n<p>Analia Areco present\u00f3 la filosof\u00eda de <strong>Taromb\u00ed<\/strong>, una residencia que va m\u00e1s all\u00e1 del cuidado b\u00e1sico. Areco detall\u00f3 los <strong>servicios espec\u00edficos<\/strong> que ofrece la instituci\u00f3n, dise\u00f1ados para asegurar la <strong>seguridad y el bienestar<\/strong> de sus residentes. En su exposici\u00f3n, hizo hincapi\u00e9 en el <strong>trabajo colaborativo del equipo<\/strong> de profesionales y la <strong>estrecha relaci\u00f3n con los familiares<\/strong> de los residentes, elementos fundamentales para un abordaje integral.<\/p>\n\n\n\n<p>Un punto destacado fue la <strong>jerarquizaci\u00f3n de la profesi\u00f3n de las cuidadoras<\/strong>, quienes han realizado diversas capacitaciones recientemente, lo que demuestra el compromiso de Taromb\u00ed con la excelencia en el cuidado. Areco comparti\u00f3 <strong>casos de \u00e9xito y testimonios<\/strong> de residentes que experimentaron mejoras significativas en su calidad de vida, evidenciando el impacto positivo de la labor de la residencia.<\/p>\n\n\n\n<h3 class=\"wp-block-heading\">Dr. Perich\u00f3n: Avances y Prevenci\u00f3n en Gerontolog\u00eda<\/h3>\n\n\n\n<p>Por su parte, el <strong>Dr. Mario Perich\u00f3n<\/strong> ofreci\u00f3 una mirada sobre los <strong>avances m\u00e1s importantes en el campo de la gerontolog\u00eda<\/strong>. Subray\u00f3 el papel crucial que juega la <strong>prevenci\u00f3n en el envejecimiento saludable<\/strong>, destacando la importancia de adoptar h\u00e1bitos y cuidados que permitan a las personas mayores mantener su autonom\u00eda y calidad de vida.<\/p>\n\n\n\n<p>El Dr. Perich\u00f3n tambi\u00e9n profundiz\u00f3 en la <strong>importancia de la interacci\u00f3n social y el apoyo familiar<\/strong> en el bienestar de las personas mayores. Su exposici\u00f3n reforz\u00f3 la idea de que el envejecimiento no solo se trata de la salud f\u00edsica, sino tambi\u00e9n de mantener conexiones significativas y un entorno de contenci\u00f3n afectiva.<\/p>\n\n\n\n<p>Ambas presentaciones resaltaron la necesidad de un enfoque hol\u00edstico en el cuidado de la tercera edad, combinando atenci\u00f3n profesional de calidad con el apoyo emocional y social para garantizar una vejez plena y digna.<\/p>\n\n\n\n<p>Fuente: Programa de TV \u00abPrevenci\u00f3n y Salud\u00bb<\/p>\n\n\n\n<p>Lunes 13,30HS\/ Jueves 20HS\/ S\u00e1bados 12,30HS<\/p>\n","protected":false},"excerpt":{"rendered":"<p>Taromb\u00ed y el Dr. Mario Perich\u00f3n: Un Compromiso con la Calidad de Vida en la Tercera Edad.<\/p>\n","protected":false},"author":1,"featured_media":46707,"comment_status":"open","ping_status":"open","sticky":false,"template":"","format":"image","meta":{"_jetpack_memberships_contains_paid_content":false,"footnotes":"","jetpack_publicize_message":"","jetpack_publicize_feature_enabled":true,"jetpack_social_post_already_shared":true,"jetpack_social_options":{"image_generator_settings":{"template":"highway","default_image_id":0,"enabled":false},"version":2}},"categories":[6,8,1,2,4,3],"tags":[11882,11885,5030,11883,11881,11884],"class_list":["post-46706","post","type-post","status-publish","format-image","has-post-thumbnail","hentry","category-cultura-entretenimiento","category-deliberando","category-diario-armstrong","category-locales","category-prevencion-salud","category-region","tag-analia-areco","tag-calida-de-vida","tag-diario-armstrong","tag-dr-mario-perichon","tag-tarombi","tag-tercera-edad","post_format-post-format-image"],"jetpack_publicize_connections":[],"jetpack_featured_media_url":"https:\/\/armstrongyregion.com.ar\/diario\/wp-content\/uploads\/2025\/07\/Dr.-Mario-Perichon-Lic.-Graciela-De-la-Casa-.jpg","jetpack_shortlink":"https:\/\/wp.me\/p62QDO-c9k","jetpack_sharing_enabled":true,"amp_enabled":true,"_links":{"self":[{"href":"https:\/\/armstrongyregion.com.ar\/diario\/wp-json\/wp\/v2\/posts\/46706","targetHints":{"allow":["GET"]}}],"collection":[{"href":"https:\/\/armstrongyregion.com.ar\/diario\/wp-json\/wp\/v2\/posts"}],"about":[{"href":"https:\/\/armstrongyregion.com.ar\/diario\/wp-json\/wp\/v2\/types\/post"}],"author":[{"embeddable":true,"href":"https:\/\/armstrongyregion.com.ar\/diario\/wp-json\/wp\/v2\/users\/1"}],"replies":[{"embeddable":true,"href":"https:\/\/armstrongyregion.com.ar\/diario\/wp-json\/wp\/v2\/comments?post=46706"}],"version-history":[{"count":1,"href":"https:\/\/armstrongyregion.com.ar\/diario\/wp-json\/wp\/v2\/posts\/46706\/revisions"}],"predecessor-version":[{"id":46708,"href":"https:\/\/armstrongyregion.com.ar\/diario\/wp-json\/wp\/v2\/posts\/46706\/revisions\/46708"}],"wp:featuredmedia":[{"embeddable":true,"href":"https:\/\/armstrongyregion.com.ar\/diario\/wp-json\/wp\/v2\/media\/46707"}],"wp:attachment":[{"href":"https:\/\/armstrongyregion.com.ar\/diario\/wp-json\/wp\/v2\/media?parent=46706"}],"wp:term":[{"taxonomy":"category","embeddable":true,"href":"https:\/\/armstrongyregion.com.ar\/diario\/wp-json\/wp\/v2\/categories?post=46706"},{"taxonomy":"post_tag","embeddable":true,"href":"https:\/\/armstrongyregion.com.ar\/diario\/wp-json\/wp\/v2\/tags?post=46706"}],"curies":[{"name":"wp","href":"https:\/\/api.w.org\/{rel}","templated":true}]}}