{"id":46704,"date":"2025-07-03T13:09:23","date_gmt":"2025-07-03T13:09:23","guid":{"rendered":"https:\/\/armstrongyregion.com.ar\/diario\/?p=46704"},"modified":"2025-07-03T13:09:25","modified_gmt":"2025-07-03T13:09:25","slug":"elecciones-en-armstrong-analisis-de-un-resultado-que-refleja-el-trabajo-legislativo-y-la-preocupante-desidia-ciudadana","status":"publish","type":"post","link":"https:\/\/armstrongyregion.com.ar\/diario\/elecciones-en-armstrong-analisis-de-un-resultado-que-refleja-el-trabajo-legislativo-y-la-preocupante-desidia-ciudadana\/","title":{"rendered":"Elecciones en Armstrong: An\u00e1lisis de un Resultado que Refleja el Trabajo Legislativo y la Preocupante Desidia Ciudadana."},"content":{"rendered":"\n<figure class=\"wp-block-image size-full\"><img loading=\"lazy\" decoding=\"async\" width=\"756\" height=\"598\" src=\"http:\/\/armstrongyregion.com.ar\/diario\/wp-content\/uploads\/2024\/07\/Prof.Ale-Pertusati-.jpg\" alt=\"\" class=\"wp-image-43340\" srcset=\"https:\/\/armstrongyregion.com.ar\/diario\/wp-content\/uploads\/2024\/07\/Prof.Ale-Pertusati-.jpg 756w, https:\/\/armstrongyregion.com.ar\/diario\/wp-content\/uploads\/2024\/07\/Prof.Ale-Pertusati--300x237.jpg 300w\" sizes=\"auto, (max-width: 756px) 100vw, 756px\" \/><\/figure>\n\n\n\n<p><strong>Tras el reciente proceso electoral, el presidente del Concejo Deliberante de Armstrong, Prof. Alejandro Pertusati, realiz\u00f3 un exhaustivo balance que abarca tanto los resultados en las urnas como la alarmante baja participaci\u00f3n. Pertusati, quien adem\u00e1s lider\u00f3 una lista con \u00abcaras nuevas\u00bb y el apoyo de j\u00f3venes fiscales, destac\u00f3 la importancia de la formaci\u00f3n de nuevos cuadros pol\u00edticos y expres\u00f3 su inquietud por la apat\u00eda del electorado.<\/strong><\/p>\n\n\n\n<p>El presidente del cuerpo legislativo resalt\u00f3 que en su lista, salvo Noelia Garc\u00eda que encabezaba, el resto eran \u00abtodas personas que no hab\u00edan participado nunca en una lista, que era su primera experiencia\u00bb. Esta apuesta a la renovaci\u00f3n y a la inclusi\u00f3n de j\u00f3venes, incluso menores de 18 a\u00f1os, como fiscales, es vista por Pertusati como un <strong>\u00abprimer aprendizaje\u00bb<\/strong> en la vida democr\u00e1tica.<strong> \u00abEs la diferencia tambi\u00e9n entre democracia y no democracia\u00bb,<\/strong> enfatiz\u00f3, revelando su profunda preocupaci\u00f3n por la baja concurrencia a las urnas.<\/p>\n\n\n\n<p><strong>Preocupaci\u00f3n por la baja participaci\u00f3n:<\/strong><\/p>\n\n\n\n<p>Respecto a la <strong>desidia generalizada<\/strong> en el acto eleccionario, que no solo se observ\u00f3 en Armstrong sino en todo el pa\u00eds, Pertusati atribuy\u00f3 el fen\u00f3meno a <strong>\u00abvarios factores\u00bb<\/strong>. Aunque reconoci\u00f3 que las condiciones clim\u00e1ticas (\u00abno hizo m\u00e1s de 6 grados\u00bb) pudieron haber influido, su principal hip\u00f3tesis apunta a un <strong>\u00abdescreimiento muy grande por todo el orden pol\u00edtico\u00bb<\/strong>.<\/p>\n\n\n\n<p>Pertusati, sin embargo, se mostr\u00f3 optimista respecto al impacto de esta baja participaci\u00f3n en el resultado final:<strong> \u00abcreo que el resultado hubiese sido el mismo con distintos n\u00fameros, con n\u00fameros m\u00e1s altos\u00bb. <\/strong>Asimismo, destac\u00f3 el desempe\u00f1o de su candidata, Noelia, al considerar que<strong> \u00abpodr\u00eda haber acrecentado m\u00e1s la diferencia en ese caso de que haya ido m\u00e1s gente\u00bb<\/strong>, ya que la calific\u00f3 como <strong>\u00abla propuesta m\u00e1s seria que hab\u00eda dentro de los candidatos\u00bb.<\/strong><\/p>\n\n\n\n<p><strong>Elogios a la gesti\u00f3n y la pol\u00edtica limpia:<\/strong><\/p>\n\n\n\n<p>El presidente del Concejo tambi\u00e9n se refiri\u00f3 a la campa\u00f1a electoral, repudiando las<strong> \u00abactitudes para con la campa\u00f1a\u00bb <\/strong>de la concejal reelecta Luz Marina Fischer. En este sentido, afirm\u00f3 que no comparte ni har\u00eda jam\u00e1s una <strong>\u00abcampa\u00f1a con tan pocas propuestas y con solamente ataques a una instituci\u00f3n como el Consejo\u00bb<\/strong>, ya que<strong> \u00abno es buena y no ayuda a que alguien se interese por estar en los lugares que hoy ocupamos\u00bb.<\/strong> De hecho, Pertusati revel\u00f3 haber felicitado a Fischer por su reelecci\u00f3n, destacando la <strong>\u00abempat\u00eda con la otra persona\u00bb<\/strong> tras cuatro a\u00f1os de trabajo conjunto.<\/p>\n\n\n\n<p>Finalmente, Pertusati valor\u00f3 los resultados generales, que ubicaron al oficialismo en primer lugar y a las dos oposiciones que actualmente integran el Concejo en segundo y tercer puesto. Para el presidente, esto<strong> \u00abhabla un poco tambi\u00e9n de que el trabajo que se hace en el concejo es bueno\u00bb<\/strong>. Con una visi\u00f3n siempre orientada a \u00abver siempre el vaso medio lleno\u00bb, Pertusati concluy\u00f3 con un mensaje a los j\u00f3venes que lo acompa\u00f1aron: <strong>\u00abempiecen a participar y a comprometerse\u00bb,<\/strong> ya que su ciclo personal en la banca va llegando a su fin, pero lo fundamental es <strong>\u00abir formando gente nueva\u00bb <\/strong>y no caer en personalismos.<\/p>\n","protected":false},"excerpt":{"rendered":"<p>Elecciones en Armstrong: An\u00e1lisis de un Resultado que Refleja el Trabajo Legislativo y la Preocupante Desidia Ciudadana<\/p>\n","protected":false},"author":1,"featured_media":43340,"comment_status":"open","ping_status":"open","sticky":false,"template":"","format":"image","meta":{"_jetpack_memberships_contains_paid_content":false,"footnotes":"","jetpack_publicize_message":"","jetpack_publicize_feature_enabled":true,"jetpack_social_post_already_shared":true,"jetpack_social_options":{"image_generator_settings":{"template":"highway","default_image_id":0,"enabled":false},"version":2}},"categories":[6,8,1,2,7,3],"tags":[9424,5030,11880,11879],"class_list":["post-46704","post","type-post","status-publish","format-image","has-post-thumbnail","hentry","category-cultura-entretenimiento","category-deliberando","category-diario-armstrong","category-locales","category-politica","category-region","tag-alejandro-pertusati","tag-diario-armstrong","tag-preocupante-desidia-ciudadana","tag-trabajo-legislativo","post_format-post-format-image"],"jetpack_publicize_connections":[],"jetpack_featured_media_url":"https:\/\/armstrongyregion.com.ar\/diario\/wp-content\/uploads\/2024\/07\/Prof.Ale-Pertusati-.jpg","jetpack_shortlink":"https:\/\/wp.me\/p62QDO-c9i","jetpack_sharing_enabled":true,"amp_enabled":true,"_links":{"self":[{"href":"https:\/\/armstrongyregion.com.ar\/diario\/wp-json\/wp\/v2\/posts\/46704","targetHints":{"allow":["GET"]}}],"collection":[{"href":"https:\/\/armstrongyregion.com.ar\/diario\/wp-json\/wp\/v2\/posts"}],"about":[{"href":"https:\/\/armstrongyregion.com.ar\/diario\/wp-json\/wp\/v2\/types\/post"}],"author":[{"embeddable":true,"href":"https:\/\/armstrongyregion.com.ar\/diario\/wp-json\/wp\/v2\/users\/1"}],"replies":[{"embeddable":true,"href":"https:\/\/armstrongyregion.com.ar\/diario\/wp-json\/wp\/v2\/comments?post=46704"}],"version-history":[{"count":1,"href":"https:\/\/armstrongyregion.com.ar\/diario\/wp-json\/wp\/v2\/posts\/46704\/revisions"}],"predecessor-version":[{"id":46705,"href":"https:\/\/armstrongyregion.com.ar\/diario\/wp-json\/wp\/v2\/posts\/46704\/revisions\/46705"}],"wp:featuredmedia":[{"embeddable":true,"href":"https:\/\/armstrongyregion.com.ar\/diario\/wp-json\/wp\/v2\/media\/43340"}],"wp:attachment":[{"href":"https:\/\/armstrongyregion.com.ar\/diario\/wp-json\/wp\/v2\/media?parent=46704"}],"wp:term":[{"taxonomy":"category","embeddable":true,"href":"https:\/\/armstrongyregion.com.ar\/diario\/wp-json\/wp\/v2\/categories?post=46704"},{"taxonomy":"post_tag","embeddable":true,"href":"https:\/\/armstrongyregion.com.ar\/diario\/wp-json\/wp\/v2\/tags?post=46704"}],"curies":[{"name":"wp","href":"https:\/\/api.w.org\/{rel}","templated":true}]}}