{"id":46697,"date":"2025-07-03T12:44:08","date_gmt":"2025-07-03T12:44:08","guid":{"rendered":"https:\/\/armstrongyregion.com.ar\/diario\/?p=46697"},"modified":"2025-07-03T12:44:11","modified_gmt":"2025-07-03T12:44:11","slug":"el-senador-pablo-verdecchia-consolida-el-departamento-belgrano","status":"publish","type":"post","link":"https:\/\/armstrongyregion.com.ar\/diario\/el-senador-pablo-verdecchia-consolida-el-departamento-belgrano\/","title":{"rendered":"El Senador Pablo Verdecchia Consolida el Departamento Belgrano."},"content":{"rendered":"\n<figure class=\"wp-block-image size-full\"><img loading=\"lazy\" decoding=\"async\" width=\"640\" height=\"427\" src=\"http:\/\/armstrongyregion.com.ar\/diario\/wp-content\/uploads\/2025\/07\/PABLO-VERDECCHIA-1-.jpg\" alt=\"\" class=\"wp-image-46698\" srcset=\"https:\/\/armstrongyregion.com.ar\/diario\/wp-content\/uploads\/2025\/07\/PABLO-VERDECCHIA-1-.jpg 640w, https:\/\/armstrongyregion.com.ar\/diario\/wp-content\/uploads\/2025\/07\/PABLO-VERDECCHIA-1--300x200.jpg 300w\" sizes=\"auto, (max-width: 640px) 100vw, 640px\" \/><\/figure>\n\n\n\n<p>Un nuevo mapa pol\u00edtico se consolid\u00f3 en el Departamento Belgrano con el paso de las \u00faltimas elecciones, en este sentido, el Senador Pablo Verdecchia manifest\u00f3 su alegr\u00eda por los logros obtenidos en los diferentes distritos, donde el sello Unidos Para Cambiar Santa Fe, gobernar\u00e1 dos Comunas m\u00e1s a partir del 10 de Diciembre.<\/p>\n\n\n\n<figure class=\"wp-block-image size-full\"><img loading=\"lazy\" decoding=\"async\" width=\"640\" height=\"427\" src=\"http:\/\/armstrongyregion.com.ar\/diario\/wp-content\/uploads\/2025\/07\/PABLO-VERDECCHIA-2-JULIO.jpg\" alt=\"\" class=\"wp-image-46699\" srcset=\"https:\/\/armstrongyregion.com.ar\/diario\/wp-content\/uploads\/2025\/07\/PABLO-VERDECCHIA-2-JULIO.jpg 640w, https:\/\/armstrongyregion.com.ar\/diario\/wp-content\/uploads\/2025\/07\/PABLO-VERDECCHIA-2-JULIO-300x200.jpg 300w\" sizes=\"auto, (max-width: 640px) 100vw, 640px\" \/><\/figure>\n\n\n\n<p>Bouquet y Tortugas se suman a la l\u00ednea pol\u00edtica del Gobernador y el Senador. En Las Parejas, el candidato de Verdecchia, Dami\u00e1n Astegiano, arras\u00f3 con m\u00e1s del 50% de los votos. Por su parte, en Las Rosas, Juan Franco Pietracupa, consolid\u00f3 su banca con m\u00e1s del 30% de los votos, convirti\u00e9ndose en el l\u00edder de la oposici\u00f3n.<\/p>\n\n\n\n<p><strong>\u201cEstos son los resultados del trabajo en equipo, con las instituciones de todo el departamento, sin dejar a nadie afuera. Un trabajo que di\u00f3 sus frutos, con candidatos que supieron estar a la altura de lo que la gente nos ped\u00eda: seriedad, honestidad, y transparencia\u201d<\/strong> declar\u00f3 Verdecchia. Tambi\u00e9n agreg\u00f3,<strong> \u201cLa ciudadan\u00eda supo reconocer la constancia y la seriedad de nuestro trabajo, porque no aparecemos con un cheque en \u00e9poca de campa\u00f1a, nuestro trabajo es constante, y as\u00ed va a seguir siendo, todos los d\u00edas, todo el a\u00f1o, porque promet\u00ed que ven\u00eda cambiar las cosas y as\u00ed lo estamos haciendo.\u201d<\/strong><\/p>\n","protected":false},"excerpt":{"rendered":"<p>El Senador Pablo Verdecchia Consolida el Departamento Belgrano.<\/p>\n","protected":false},"author":1,"featured_media":46698,"comment_status":"open","ping_status":"open","sticky":false,"template":"","format":"image","meta":{"_jetpack_memberships_contains_paid_content":false,"footnotes":"","jetpack_publicize_message":"","jetpack_publicize_feature_enabled":true,"jetpack_social_post_already_shared":true,"jetpack_social_options":{"image_generator_settings":{"template":"highway","default_image_id":0,"enabled":false},"version":2}},"categories":[8,1,2,7,3],"tags":[10841,5030,8777,10733],"class_list":["post-46697","post","type-post","status-publish","format-image","has-post-thumbnail","hentry","category-deliberando","category-diario-armstrong","category-locales","category-politica","category-region","tag-departamento-belgrano","tag-diario-armstrong","tag-lic-graciela-de-la-casa","tag-senador-pablo-verdecchia","post_format-post-format-image"],"jetpack_publicize_connections":[],"jetpack_featured_media_url":"https:\/\/armstrongyregion.com.ar\/diario\/wp-content\/uploads\/2025\/07\/PABLO-VERDECCHIA-1-.jpg","jetpack_shortlink":"https:\/\/wp.me\/p62QDO-c9b","jetpack_sharing_enabled":true,"amp_enabled":true,"_links":{"self":[{"href":"https:\/\/armstrongyregion.com.ar\/diario\/wp-json\/wp\/v2\/posts\/46697","targetHints":{"allow":["GET"]}}],"collection":[{"href":"https:\/\/armstrongyregion.com.ar\/diario\/wp-json\/wp\/v2\/posts"}],"about":[{"href":"https:\/\/armstrongyregion.com.ar\/diario\/wp-json\/wp\/v2\/types\/post"}],"author":[{"embeddable":true,"href":"https:\/\/armstrongyregion.com.ar\/diario\/wp-json\/wp\/v2\/users\/1"}],"replies":[{"embeddable":true,"href":"https:\/\/armstrongyregion.com.ar\/diario\/wp-json\/wp\/v2\/comments?post=46697"}],"version-history":[{"count":1,"href":"https:\/\/armstrongyregion.com.ar\/diario\/wp-json\/wp\/v2\/posts\/46697\/revisions"}],"predecessor-version":[{"id":46700,"href":"https:\/\/armstrongyregion.com.ar\/diario\/wp-json\/wp\/v2\/posts\/46697\/revisions\/46700"}],"wp:featuredmedia":[{"embeddable":true,"href":"https:\/\/armstrongyregion.com.ar\/diario\/wp-json\/wp\/v2\/media\/46698"}],"wp:attachment":[{"href":"https:\/\/armstrongyregion.com.ar\/diario\/wp-json\/wp\/v2\/media?parent=46697"}],"wp:term":[{"taxonomy":"category","embeddable":true,"href":"https:\/\/armstrongyregion.com.ar\/diario\/wp-json\/wp\/v2\/categories?post=46697"},{"taxonomy":"post_tag","embeddable":true,"href":"https:\/\/armstrongyregion.com.ar\/diario\/wp-json\/wp\/v2\/tags?post=46697"}],"curies":[{"name":"wp","href":"https:\/\/api.w.org\/{rel}","templated":true}]}}