{"id":46692,"date":"2025-07-03T12:32:05","date_gmt":"2025-07-03T12:32:05","guid":{"rendered":"https:\/\/armstrongyregion.com.ar\/diario\/?p=46692"},"modified":"2025-07-03T12:37:41","modified_gmt":"2025-07-03T12:37:41","slug":"el-concejo-joven-gana-terreno-en-armstrong-una-apuesta-a-la-participacion-ciudadana-desde-temprana-edad","status":"publish","type":"post","link":"https:\/\/armstrongyregion.com.ar\/diario\/el-concejo-joven-gana-terreno-en-armstrong-una-apuesta-a-la-participacion-ciudadana-desde-temprana-edad\/","title":{"rendered":"El Concejo Joven Gana Terreno en Armstrong: Una Apuesta a la Participaci\u00f3n Ciudadana desde Temprana Edad."},"content":{"rendered":"\n<figure class=\"wp-block-image size-full\"><img loading=\"lazy\" decoding=\"async\" width=\"624\" height=\"412\" src=\"http:\/\/armstrongyregion.com.ar\/diario\/wp-content\/uploads\/2024\/11\/concejo-joven-2024-1-.jpg\" alt=\"\" class=\"wp-image-44689\" srcset=\"https:\/\/armstrongyregion.com.ar\/diario\/wp-content\/uploads\/2024\/11\/concejo-joven-2024-1-.jpg 624w, https:\/\/armstrongyregion.com.ar\/diario\/wp-content\/uploads\/2024\/11\/concejo-joven-2024-1--300x198.jpg 300w\" sizes=\"auto, (max-width: 624px) 100vw, 624px\" \/><\/figure>\n\n\n\n<p>Imagen Concejo Joven 2024-<\/p>\n\n\n\n<p>Con una mirada puesta en el futuro de la participaci\u00f3n ciudadana, el Concejo Deliberante de Armstrong ha fijado la fecha para el Concejo Joven 2025 para el 4 de noviembre. As\u00ed lo anunci\u00f3 el presidente del cuerpo, <strong>Prof. Alejandro Pertusati<\/strong>, quien destac\u00f3 la importancia de esta iniciativa que busca involucrar a los j\u00f3venes en la vida democr\u00e1tica de la ciudad.<\/p>\n\n\n\n<p><strong>\u00abMucha anticipaci\u00f3n\u00bb, reconoci\u00f3 Pertusati sobre la fecha elegida, pero justific\u00f3 la decisi\u00f3n explicando que \u00ablos chicos tambi\u00e9n trabajan en lo que es J\u00f3venes al Senado\u00bb,<\/strong> lo que les permitir\u00e1 organizar sus tiempos y dedicarse a ambos proyectos. La meta es que los participantes puedan<strong> \u00abgenerar los proyectos que m\u00e1s les guste\u00bb y, <\/strong>sobre todo,<strong> \u00abdesearlos\u00bb.<\/strong><\/p>\n\n\n\n<p>El presidente del Concejo celebr\u00f3 los resultados de ediciones anteriores: <strong>\u00ab\u00faltimamente hemos tenido unas sesiones muy lindas del Concejo Joven, muy productivas, con proyectos que hemos tomado, con  se llevan adelante, se concretan\u00bb<\/strong>. Pertusati aspira a que esta tradici\u00f3n<strong> \u00abempiece a influir un poquito m\u00e1s en la participaci\u00f3n de los chicos\u00bb,<\/strong> sentando las bases para una ciudadan\u00eda m\u00e1s comprometida y activa en los asuntos p\u00fablicos de Armstrong.<\/p>\n","protected":false},"excerpt":{"rendered":"<p>El Concejo Joven Gana Terreno en Armstrong: Una Apuesta a la Participaci\u00f3n Ciudadana desde Temprana Edad.<\/p>\n","protected":false},"author":1,"featured_media":44689,"comment_status":"open","ping_status":"open","sticky":false,"template":"","format":"image","meta":{"_jetpack_memberships_contains_paid_content":false,"footnotes":"","jetpack_publicize_message":"","jetpack_publicize_feature_enabled":true,"jetpack_social_post_already_shared":true,"jetpack_social_options":{"image_generator_settings":{"template":"highway","default_image_id":0,"enabled":false},"version":2}},"categories":[6,8,5,1,2,7,3],"tags":[20,9070,10964,5030,15,11636,580,1102],"class_list":["post-46692","post","type-post","status-publish","format-image","has-post-thumbnail","hentry","category-cultura-entretenimiento","category-deliberando","category-deportes","category-diario-armstrong","category-locales","category-politica","category-region","tag-armstrong","tag-ciudadana-2","tag-concejo-joven","tag-diario-armstrong","tag-en","tag-gana","tag-participacion","tag-terreno","post_format-post-format-image"],"jetpack_publicize_connections":[],"jetpack_featured_media_url":"https:\/\/armstrongyregion.com.ar\/diario\/wp-content\/uploads\/2024\/11\/concejo-joven-2024-1-.jpg","jetpack_shortlink":"https:\/\/wp.me\/p62QDO-c96","jetpack_sharing_enabled":true,"amp_enabled":true,"_links":{"self":[{"href":"https:\/\/armstrongyregion.com.ar\/diario\/wp-json\/wp\/v2\/posts\/46692","targetHints":{"allow":["GET"]}}],"collection":[{"href":"https:\/\/armstrongyregion.com.ar\/diario\/wp-json\/wp\/v2\/posts"}],"about":[{"href":"https:\/\/armstrongyregion.com.ar\/diario\/wp-json\/wp\/v2\/types\/post"}],"author":[{"embeddable":true,"href":"https:\/\/armstrongyregion.com.ar\/diario\/wp-json\/wp\/v2\/users\/1"}],"replies":[{"embeddable":true,"href":"https:\/\/armstrongyregion.com.ar\/diario\/wp-json\/wp\/v2\/comments?post=46692"}],"version-history":[{"count":3,"href":"https:\/\/armstrongyregion.com.ar\/diario\/wp-json\/wp\/v2\/posts\/46692\/revisions"}],"predecessor-version":[{"id":46696,"href":"https:\/\/armstrongyregion.com.ar\/diario\/wp-json\/wp\/v2\/posts\/46692\/revisions\/46696"}],"wp:featuredmedia":[{"embeddable":true,"href":"https:\/\/armstrongyregion.com.ar\/diario\/wp-json\/wp\/v2\/media\/44689"}],"wp:attachment":[{"href":"https:\/\/armstrongyregion.com.ar\/diario\/wp-json\/wp\/v2\/media?parent=46692"}],"wp:term":[{"taxonomy":"category","embeddable":true,"href":"https:\/\/armstrongyregion.com.ar\/diario\/wp-json\/wp\/v2\/categories?post=46692"},{"taxonomy":"post_tag","embeddable":true,"href":"https:\/\/armstrongyregion.com.ar\/diario\/wp-json\/wp\/v2\/tags?post=46692"}],"curies":[{"name":"wp","href":"https:\/\/api.w.org\/{rel}","templated":true}]}}