{"id":46689,"date":"2025-07-03T12:12:59","date_gmt":"2025-07-03T12:12:59","guid":{"rendered":"https:\/\/armstrongyregion.com.ar\/diario\/?p=46689"},"modified":"2025-07-03T12:13:01","modified_gmt":"2025-07-03T12:13:01","slug":"luz-marina-fischer-la-voz-del-peronismo-que-trasciende-las-grietas-internas","status":"publish","type":"post","link":"https:\/\/armstrongyregion.com.ar\/diario\/luz-marina-fischer-la-voz-del-peronismo-que-trasciende-las-grietas-internas\/","title":{"rendered":"Luz Marina Fischer: La Voz del Peronismo que Trasciende las Grietas Internas."},"content":{"rendered":"\n<figure class=\"wp-block-image size-large\"><img loading=\"lazy\" decoding=\"async\" width=\"484\" height=\"480\" src=\"http:\/\/armstrongyregion.com.ar\/diario\/wp-content\/uploads\/2025\/07\/LUZ-MARINA-FISCHER-1-07-25--484x480.jpg\" alt=\"\" class=\"wp-image-46690\" srcset=\"https:\/\/armstrongyregion.com.ar\/diario\/wp-content\/uploads\/2025\/07\/LUZ-MARINA-FISCHER-1-07-25--484x480.jpg 484w, https:\/\/armstrongyregion.com.ar\/diario\/wp-content\/uploads\/2025\/07\/LUZ-MARINA-FISCHER-1-07-25--300x297.jpg 300w, https:\/\/armstrongyregion.com.ar\/diario\/wp-content\/uploads\/2025\/07\/LUZ-MARINA-FISCHER-1-07-25--150x150.jpg 150w, https:\/\/armstrongyregion.com.ar\/diario\/wp-content\/uploads\/2025\/07\/LUZ-MARINA-FISCHER-1-07-25-.jpg 553w\" sizes=\"auto, (max-width: 484px) 100vw, 484px\" \/><\/figure>\n\n\n\n<p>Luz Marina Fischer, la \u00fanica representante reelecta del peronismo en el Concejo Deliberante, se erige como una figura que capitaliza el apoyo popular m\u00e1s all\u00e1 de las estructuras partidarias. En un contexto de crisis y ausencia del partido a nivel local, Fischer logr\u00f3 un triunfo que califica como de <strong>\u00abmayor valor todav\u00eda\u00bb, ya que fue la gente la que la vot\u00f3, y no \u00abtodos estos seudopol\u00edticos que dicen que son peronistas, pero despu\u00e9s son los primeros enemigos\u00bb.<\/strong><\/p>\n\n\n\n<p>La concejal, con una clara adhesi\u00f3n a los principios del peronismo que supo inculcarle su padre, destaca que su trabajo se centra en las ideas y en la cercan\u00eda con los sectores m\u00e1s vulnerables. <strong>\u00abYo soy la m\u00e1s peronista de todas y lo demuestro en los hechos\u00bb,<\/strong> afirm\u00f3 Fischer, contrastando su lealtad y trabajo social con la inestabilidad de otros que <strong>\u00absaltan de un espacio a otro, traicionan\u00bb<\/strong>. Para Fischer, su peronismo se manifiesta en acciones concretas para <strong>\u00ablos m\u00e1s humildes, para el sector trabajador, para los emprendedores, para los estudiantes, para los abuelos, con el medio ambiente\u00bb<\/strong>.<\/p>\n\n\n\n<p>Sin embargo, la concejal no ocult\u00f3 su preocupaci\u00f3n por la alta abstenci\u00f3n en las urnas, donde un 50% del electorado no concurri\u00f3 a votar.<strong> \u00abEso es grav\u00edsimo\u00bb, sentenci\u00f3 Fischer, advirtiendo que \u00abcuando una democracia funciona con el 50% de la gente, es una democracia que no funciona, es una democracia que no sirve\u00bb.<\/strong> Este panorama plantea un desaf\u00edo para la flamante reelecta y para la pol\u00edtica en general, de cara a un futuro en el que la participaci\u00f3n ciudadana ser\u00e1 clave para fortalecer la democracia.<\/p>\n","protected":false},"excerpt":{"rendered":"<p>Luz Marina Fischer: La Voz del Peronismo que Trasciende las Grietas Internas.<\/p>\n","protected":false},"author":1,"featured_media":46690,"comment_status":"open","ping_status":"open","sticky":false,"template":"","format":"image","meta":{"_jetpack_memberships_contains_paid_content":false,"footnotes":"","jetpack_publicize_message":"","jetpack_publicize_feature_enabled":true,"jetpack_social_post_already_shared":true,"jetpack_social_options":{"image_generator_settings":{"template":"highway","default_image_id":0,"enabled":false},"version":2}},"categories":[6,8,1,2,7,3],"tags":[5030,11875,9262,366,1966],"class_list":["post-46689","post","type-post","status-publish","format-image","has-post-thumbnail","hentry","category-cultura-entretenimiento","category-deliberando","category-diario-armstrong","category-locales","category-politica","category-region","tag-diario-armstrong","tag-grietas-internas","tag-luz-marina-fischer","tag-peronismo","tag-trasciende","post_format-post-format-image"],"jetpack_publicize_connections":[],"jetpack_featured_media_url":"https:\/\/armstrongyregion.com.ar\/diario\/wp-content\/uploads\/2025\/07\/LUZ-MARINA-FISCHER-1-07-25-.jpg","jetpack_shortlink":"https:\/\/wp.me\/p62QDO-c93","jetpack_sharing_enabled":true,"amp_enabled":true,"_links":{"self":[{"href":"https:\/\/armstrongyregion.com.ar\/diario\/wp-json\/wp\/v2\/posts\/46689","targetHints":{"allow":["GET"]}}],"collection":[{"href":"https:\/\/armstrongyregion.com.ar\/diario\/wp-json\/wp\/v2\/posts"}],"about":[{"href":"https:\/\/armstrongyregion.com.ar\/diario\/wp-json\/wp\/v2\/types\/post"}],"author":[{"embeddable":true,"href":"https:\/\/armstrongyregion.com.ar\/diario\/wp-json\/wp\/v2\/users\/1"}],"replies":[{"embeddable":true,"href":"https:\/\/armstrongyregion.com.ar\/diario\/wp-json\/wp\/v2\/comments?post=46689"}],"version-history":[{"count":1,"href":"https:\/\/armstrongyregion.com.ar\/diario\/wp-json\/wp\/v2\/posts\/46689\/revisions"}],"predecessor-version":[{"id":46691,"href":"https:\/\/armstrongyregion.com.ar\/diario\/wp-json\/wp\/v2\/posts\/46689\/revisions\/46691"}],"wp:featuredmedia":[{"embeddable":true,"href":"https:\/\/armstrongyregion.com.ar\/diario\/wp-json\/wp\/v2\/media\/46690"}],"wp:attachment":[{"href":"https:\/\/armstrongyregion.com.ar\/diario\/wp-json\/wp\/v2\/media?parent=46689"}],"wp:term":[{"taxonomy":"category","embeddable":true,"href":"https:\/\/armstrongyregion.com.ar\/diario\/wp-json\/wp\/v2\/categories?post=46689"},{"taxonomy":"post_tag","embeddable":true,"href":"https:\/\/armstrongyregion.com.ar\/diario\/wp-json\/wp\/v2\/tags?post=46689"}],"curies":[{"name":"wp","href":"https:\/\/api.w.org\/{rel}","templated":true}]}}