{"id":46686,"date":"2025-07-03T11:49:32","date_gmt":"2025-07-03T11:49:32","guid":{"rendered":"https:\/\/armstrongyregion.com.ar\/diario\/?p=46686"},"modified":"2025-07-03T11:49:34","modified_gmt":"2025-07-03T11:49:34","slug":"feria-de-colores-y-sabores-locales-con-la-participacion-de-la-agrupacion-autos-y-motos-antiguos","status":"publish","type":"post","link":"https:\/\/armstrongyregion.com.ar\/diario\/feria-de-colores-y-sabores-locales-con-la-participacion-de-la-agrupacion-autos-y-motos-antiguos\/","title":{"rendered":"Feria de Colores y Sabores Locales con la participaci\u00f3n de la Agrupaci\u00f3n Autos y Motos Antiguos."},"content":{"rendered":"\n<figure class=\"wp-block-image size-large\"><img loading=\"lazy\" decoding=\"async\" width=\"266\" height=\"480\" src=\"http:\/\/armstrongyregion.com.ar\/diario\/wp-content\/uploads\/2025\/07\/FERIA-6-JULIO--266x480.jpg\" alt=\"\" class=\"wp-image-46687\" srcset=\"https:\/\/armstrongyregion.com.ar\/diario\/wp-content\/uploads\/2025\/07\/FERIA-6-JULIO--266x480.jpg 266w, https:\/\/armstrongyregion.com.ar\/diario\/wp-content\/uploads\/2025\/07\/FERIA-6-JULIO--166x300.jpg 166w, https:\/\/armstrongyregion.com.ar\/diario\/wp-content\/uploads\/2025\/07\/FERIA-6-JULIO-.jpg 443w\" sizes=\"auto, (max-width: 266px) 100vw, 266px\" \/><\/figure>\n\n\n\n<p>Municipalidad de Armstrong invita a una nueva edici\u00f3n de la Feria Sabores y Colores Locales que se<br>realizar\u00e1 este domingo 6 de julio a partir de las 14:30 hs. en el parque recreativo Bracito Fuerte.<br>Emprendedores de nuestra ciudad y localidades vecinas estar\u00e1n esperando al p\u00fablico para ofrecerles<br>una gran variedad de productos artesanales y originales, en diversos rubros, fomentando as\u00ed la<br>econom\u00eda social.<br>En esta oportunidad, se contar\u00e1 con la participaci\u00f3n de la Agrupaci\u00f3n Autos y Motos Antiguos de<br>Armstrong mostrando sus veh\u00edculos que con tanta pasi\u00f3n mantienen y restauran.<br>Se suspende por lluvia.<\/p>\n","protected":false},"excerpt":{"rendered":"<p>Feria de Colores y Sabores Locales con la participaci\u00f3n de la Agrupaci\u00f3n Autos y Motos Antiguos.<\/p>\n","protected":false},"author":1,"featured_media":46687,"comment_status":"open","ping_status":"open","sticky":false,"template":"","format":"image","meta":{"_jetpack_memberships_contains_paid_content":false,"footnotes":"","jetpack_publicize_message":"","jetpack_publicize_feature_enabled":true,"jetpack_social_post_already_shared":true,"jetpack_social_options":{"image_generator_settings":{"template":"highway","default_image_id":0,"enabled":false},"version":2}},"categories":[6,8,1,2,7,3],"tags":[11873,11874,1336,19,4608,1725,8491,1335,13],"class_list":["post-46686","post","type-post","status-publish","format-image","has-post-thumbnail","hentry","category-cultura-entretenimiento","category-deliberando","category-diario-armstrong","category-locales","category-politica","category-region","tag-agrupacion-autos","tag-antiguos","tag-colores","tag-de","tag-diario-armstrong-y-region","tag-feria","tag-motos-2","tag-sabores","tag-y","post_format-post-format-image"],"jetpack_publicize_connections":[],"jetpack_featured_media_url":"https:\/\/armstrongyregion.com.ar\/diario\/wp-content\/uploads\/2025\/07\/FERIA-6-JULIO-.jpg","jetpack_shortlink":"https:\/\/wp.me\/p62QDO-c90","jetpack_sharing_enabled":true,"amp_enabled":true,"_links":{"self":[{"href":"https:\/\/armstrongyregion.com.ar\/diario\/wp-json\/wp\/v2\/posts\/46686","targetHints":{"allow":["GET"]}}],"collection":[{"href":"https:\/\/armstrongyregion.com.ar\/diario\/wp-json\/wp\/v2\/posts"}],"about":[{"href":"https:\/\/armstrongyregion.com.ar\/diario\/wp-json\/wp\/v2\/types\/post"}],"author":[{"embeddable":true,"href":"https:\/\/armstrongyregion.com.ar\/diario\/wp-json\/wp\/v2\/users\/1"}],"replies":[{"embeddable":true,"href":"https:\/\/armstrongyregion.com.ar\/diario\/wp-json\/wp\/v2\/comments?post=46686"}],"version-history":[{"count":1,"href":"https:\/\/armstrongyregion.com.ar\/diario\/wp-json\/wp\/v2\/posts\/46686\/revisions"}],"predecessor-version":[{"id":46688,"href":"https:\/\/armstrongyregion.com.ar\/diario\/wp-json\/wp\/v2\/posts\/46686\/revisions\/46688"}],"wp:featuredmedia":[{"embeddable":true,"href":"https:\/\/armstrongyregion.com.ar\/diario\/wp-json\/wp\/v2\/media\/46687"}],"wp:attachment":[{"href":"https:\/\/armstrongyregion.com.ar\/diario\/wp-json\/wp\/v2\/media?parent=46686"}],"wp:term":[{"taxonomy":"category","embeddable":true,"href":"https:\/\/armstrongyregion.com.ar\/diario\/wp-json\/wp\/v2\/categories?post=46686"},{"taxonomy":"post_tag","embeddable":true,"href":"https:\/\/armstrongyregion.com.ar\/diario\/wp-json\/wp\/v2\/tags?post=46686"}],"curies":[{"name":"wp","href":"https:\/\/api.w.org\/{rel}","templated":true}]}}