{"id":46680,"date":"2025-07-03T11:38:17","date_gmt":"2025-07-03T11:38:17","guid":{"rendered":"https:\/\/armstrongyregion.com.ar\/diario\/?p=46680"},"modified":"2025-07-03T11:38:19","modified_gmt":"2025-07-03T11:38:19","slug":"armstrong-2-encuentro-de-la-escuela-de-bicicletas","status":"publish","type":"post","link":"https:\/\/armstrongyregion.com.ar\/diario\/armstrong-2-encuentro-de-la-escuela-de-bicicletas\/","title":{"rendered":"Armstrong. 2\u00b0 encuentro de la Escuela de Bicicletas."},"content":{"rendered":"\n<figure class=\"wp-block-image size-large\"><img loading=\"lazy\" decoding=\"async\" width=\"384\" height=\"480\" src=\"http:\/\/armstrongyregion.com.ar\/diario\/wp-content\/uploads\/2025\/07\/Bicicletas-Encuentro--384x480.jpg\" alt=\"\" class=\"wp-image-46681\" srcset=\"https:\/\/armstrongyregion.com.ar\/diario\/wp-content\/uploads\/2025\/07\/Bicicletas-Encuentro--384x480.jpg 384w, https:\/\/armstrongyregion.com.ar\/diario\/wp-content\/uploads\/2025\/07\/Bicicletas-Encuentro--240x300.jpg 240w, https:\/\/armstrongyregion.com.ar\/diario\/wp-content\/uploads\/2025\/07\/Bicicletas-Encuentro-.jpg 512w\" sizes=\"auto, (max-width: 384px) 100vw, 384px\" \/><\/figure>\n\n\n\n<p>Despu\u00e9s de la exitosa primera jornada, la Municipalidad de Armstrong a trav\u00e9s de la<br>Secretar\u00eda de Desarrollo Productivo invita al segundo encuentro de la Escuela de Bicicletas<br>que se realizar\u00e1 el domingo 6 de julio a las 15 hs en la calle Virgen de la Merced, que se<br>transforma en calle recreativa los fines de semana.<br>La propuesta est\u00e1 dirigida a ni\u00f1os de 3 a 5 a\u00f1os de edad, quienes transitar\u00e1n un circuito con<br>patacletas para desarrollar el equilibrio, adem\u00e1s de utilizar cascos, conos y pelotas de<br>pl\u00e1stico.<br>Cupos limitados. Inscripci\u00f3n previa en https:\/\/docs.google.com\/forms\/d\/e\/1FAIpQLSc-<br>zXi1f-VHWDS5UriVkM_0AKRI2x-JeVbiHErJPwUYDl78WQ\/viewform?usp=header<br>Este proyecto, realizado por la Prof. Carla Airasca, miembro de ABI, Argentina en Bici,<br>complementa el programa \u201cCaminos Escolares Seguros\u201d del Ministerio de Ambiente y<br>Cambio Clim\u00e1tico de la Provincia de Santa Fe, el cual ha sido presentado en nuestra ciudad,<br>se continu\u00f3 con la capacitaci\u00f3n a los docentes coordinado por el Ministerio de Educaci\u00f3n, y<br>se realiz\u00f3 una encuesta a todos los alumnos.<br>Con esos datos obtenidos, la Universidad Nacional de Rosario (UNR) a trav\u00e9s del Instituto de<br>Transporte, podr\u00e1 trazar el programa y definir estos caminos seguros, con el objetivo que<br>los estudiantes puedan llegar a las escuelas en bicicleta o caminando, fomentando as\u00ed la<br>modalidad sustentable.<br>Si bien son muchos los objetivos perseguidos, el principal es sensibilizar sobre el uso de la<br>bicicleta, adem\u00e1s de la educaci\u00f3n vial.<\/p>\n","protected":false},"excerpt":{"rendered":"<p>Armstrong. 2\u00b0 encuentro de la Escuela de Bicicletas.<\/p>\n","protected":false},"author":1,"featured_media":46681,"comment_status":"open","ping_status":"open","sticky":false,"template":"","format":"image","meta":{"_jetpack_memberships_contains_paid_content":false,"footnotes":"","jetpack_publicize_message":"","jetpack_publicize_feature_enabled":true,"jetpack_social_post_already_shared":true,"jetpack_social_options":{"image_generator_settings":{"template":"highway","default_image_id":0,"enabled":false},"version":2}},"categories":[6,8,1,2,7,3],"tags":[11870,20,969,19,5030],"class_list":["post-46680","post","type-post","status-publish","format-image","has-post-thumbnail","hentry","category-cultura-entretenimiento","category-deliberando","category-diario-armstrong","category-locales","category-politica","category-region","tag-2-encuentro","tag-armstrong","tag-bicicletas","tag-de","tag-diario-armstrong","post_format-post-format-image"],"jetpack_publicize_connections":[],"jetpack_featured_media_url":"https:\/\/armstrongyregion.com.ar\/diario\/wp-content\/uploads\/2025\/07\/Bicicletas-Encuentro-.jpg","jetpack_shortlink":"https:\/\/wp.me\/p62QDO-c8U","jetpack_sharing_enabled":true,"amp_enabled":true,"_links":{"self":[{"href":"https:\/\/armstrongyregion.com.ar\/diario\/wp-json\/wp\/v2\/posts\/46680","targetHints":{"allow":["GET"]}}],"collection":[{"href":"https:\/\/armstrongyregion.com.ar\/diario\/wp-json\/wp\/v2\/posts"}],"about":[{"href":"https:\/\/armstrongyregion.com.ar\/diario\/wp-json\/wp\/v2\/types\/post"}],"author":[{"embeddable":true,"href":"https:\/\/armstrongyregion.com.ar\/diario\/wp-json\/wp\/v2\/users\/1"}],"replies":[{"embeddable":true,"href":"https:\/\/armstrongyregion.com.ar\/diario\/wp-json\/wp\/v2\/comments?post=46680"}],"version-history":[{"count":1,"href":"https:\/\/armstrongyregion.com.ar\/diario\/wp-json\/wp\/v2\/posts\/46680\/revisions"}],"predecessor-version":[{"id":46682,"href":"https:\/\/armstrongyregion.com.ar\/diario\/wp-json\/wp\/v2\/posts\/46680\/revisions\/46682"}],"wp:featuredmedia":[{"embeddable":true,"href":"https:\/\/armstrongyregion.com.ar\/diario\/wp-json\/wp\/v2\/media\/46681"}],"wp:attachment":[{"href":"https:\/\/armstrongyregion.com.ar\/diario\/wp-json\/wp\/v2\/media?parent=46680"}],"wp:term":[{"taxonomy":"category","embeddable":true,"href":"https:\/\/armstrongyregion.com.ar\/diario\/wp-json\/wp\/v2\/categories?post=46680"},{"taxonomy":"post_tag","embeddable":true,"href":"https:\/\/armstrongyregion.com.ar\/diario\/wp-json\/wp\/v2\/tags?post=46680"}],"curies":[{"name":"wp","href":"https:\/\/api.w.org\/{rel}","templated":true}]}}