{"id":46673,"date":"2025-07-01T19:36:50","date_gmt":"2025-07-01T19:36:50","guid":{"rendered":"https:\/\/armstrongyregion.com.ar\/diario\/?p=46673"},"modified":"2025-07-01T19:36:52","modified_gmt":"2025-07-01T19:36:52","slug":"retratos-del-territorio-interno-en-el-mhm","status":"publish","type":"post","link":"https:\/\/armstrongyregion.com.ar\/diario\/retratos-del-territorio-interno-en-el-mhm\/","title":{"rendered":"Retratos del territorio interno en el MHM."},"content":{"rendered":"\n<figure class=\"wp-block-image size-large\"><img loading=\"lazy\" decoding=\"async\" width=\"384\" height=\"480\" src=\"http:\/\/armstrongyregion.com.ar\/diario\/wp-content\/uploads\/2025\/07\/RETRATOS-1-7-25-384x480.jpg\" alt=\"\" class=\"wp-image-46674\" srcset=\"https:\/\/armstrongyregion.com.ar\/diario\/wp-content\/uploads\/2025\/07\/RETRATOS-1-7-25-384x480.jpg 384w, https:\/\/armstrongyregion.com.ar\/diario\/wp-content\/uploads\/2025\/07\/RETRATOS-1-7-25-240x300.jpg 240w, https:\/\/armstrongyregion.com.ar\/diario\/wp-content\/uploads\/2025\/07\/RETRATOS-1-7-25.jpg 512w\" sizes=\"auto, (max-width: 384px) 100vw, 384px\" \/><\/figure>\n\n\n\n<p>Municipalidad de Armstrong invita a la apertura de la muestra fotogr\u00e1fica \u201cRetratos del territorio<br>interno\u201d del artista local Sebasti\u00e1n Pancheri, el viernes 4 de julio a las 20 hs en el Museo Hist\u00f3rico<br>Municipal.<br>En un mundo cada vez m\u00e1s acelerado, polarizado y digitalizado, esta muestra se propone detener el<br>tiempo para contemplar lo esencial: la humanidad en su forma m\u00e1s \u00edntima y universal.<br>A trav\u00e9s de retratos y escenas cotidianas, se explora la fuerza de lo humano: la mirada que contiene<br>historias, las manos que cuidan, los gestos de ternura, las marcas del paso del tiempo, la resistencia<br>en medio de la adversidad.<br>Estas obras no son solo una colecci\u00f3n de rostros o cuerpos; es un homenaje a lo que nos une m\u00e1s<br>all\u00e1 de las diferencias: la capacidad de sentir, de crear, de convivir.<br>La muestra no ofrece respuestas, sino una invitaci\u00f3n a mirar con otros ojos, a reconocernos en los<br>dem\u00e1s.<br>La fotograf\u00eda aqu\u00ed no es documento, sino espejo.<\/p>\n","protected":false},"excerpt":{"rendered":"<p>Retratos del territorio interno en el MHM.<\/p>\n","protected":false},"author":1,"featured_media":46674,"comment_status":"open","ping_status":"open","sticky":false,"template":"","format":"image","meta":{"_jetpack_memberships_contains_paid_content":false,"footnotes":"","jetpack_publicize_message":"","jetpack_publicize_feature_enabled":true,"jetpack_social_post_already_shared":true,"jetpack_social_options":{"image_generator_settings":{"template":"highway","default_image_id":0,"enabled":false},"version":2}},"categories":[6,8,1,2,7,3],"tags":[20,11867,5030,11868,11866],"class_list":["post-46673","post","type-post","status-publish","format-image","has-post-thumbnail","hentry","category-cultura-entretenimiento","category-deliberando","category-diario-armstrong","category-locales","category-politica","category-region","tag-armstrong","tag-del-territorio","tag-diario-armstrong","tag-interno","tag-retratos","post_format-post-format-image"],"jetpack_publicize_connections":[],"jetpack_featured_media_url":"https:\/\/armstrongyregion.com.ar\/diario\/wp-content\/uploads\/2025\/07\/RETRATOS-1-7-25.jpg","jetpack_shortlink":"https:\/\/wp.me\/p62QDO-c8N","jetpack_sharing_enabled":true,"amp_enabled":true,"_links":{"self":[{"href":"https:\/\/armstrongyregion.com.ar\/diario\/wp-json\/wp\/v2\/posts\/46673","targetHints":{"allow":["GET"]}}],"collection":[{"href":"https:\/\/armstrongyregion.com.ar\/diario\/wp-json\/wp\/v2\/posts"}],"about":[{"href":"https:\/\/armstrongyregion.com.ar\/diario\/wp-json\/wp\/v2\/types\/post"}],"author":[{"embeddable":true,"href":"https:\/\/armstrongyregion.com.ar\/diario\/wp-json\/wp\/v2\/users\/1"}],"replies":[{"embeddable":true,"href":"https:\/\/armstrongyregion.com.ar\/diario\/wp-json\/wp\/v2\/comments?post=46673"}],"version-history":[{"count":1,"href":"https:\/\/armstrongyregion.com.ar\/diario\/wp-json\/wp\/v2\/posts\/46673\/revisions"}],"predecessor-version":[{"id":46675,"href":"https:\/\/armstrongyregion.com.ar\/diario\/wp-json\/wp\/v2\/posts\/46673\/revisions\/46675"}],"wp:featuredmedia":[{"embeddable":true,"href":"https:\/\/armstrongyregion.com.ar\/diario\/wp-json\/wp\/v2\/media\/46674"}],"wp:attachment":[{"href":"https:\/\/armstrongyregion.com.ar\/diario\/wp-json\/wp\/v2\/media?parent=46673"}],"wp:term":[{"taxonomy":"category","embeddable":true,"href":"https:\/\/armstrongyregion.com.ar\/diario\/wp-json\/wp\/v2\/categories?post=46673"},{"taxonomy":"post_tag","embeddable":true,"href":"https:\/\/armstrongyregion.com.ar\/diario\/wp-json\/wp\/v2\/tags?post=46673"}],"curies":[{"name":"wp","href":"https:\/\/api.w.org\/{rel}","templated":true}]}}