{"id":46660,"date":"2025-06-29T23:03:20","date_gmt":"2025-06-29T23:03:20","guid":{"rendered":"https:\/\/armstrongyregion.com.ar\/diario\/?p=46660"},"modified":"2025-06-30T01:30:29","modified_gmt":"2025-06-30T01:30:29","slug":"contundente-victoria-oficialista-en-armstrong-luzzi-reelecto-y-garcia-lidera-el-concejo","status":"publish","type":"post","link":"https:\/\/armstrongyregion.com.ar\/diario\/contundente-victoria-oficialista-en-armstrong-luzzi-reelecto-y-garcia-lidera-el-concejo\/","title":{"rendered":"Contundente Victoria Oficialista en Armstrong: Luzzi Reelecto y Garc\u00eda Lidera el Concejo."},"content":{"rendered":"\n<figure class=\"wp-block-image size-large\"><img loading=\"lazy\" decoding=\"async\" width=\"360\" height=\"480\" src=\"http:\/\/armstrongyregion.com.ar\/diario\/wp-content\/uploads\/2025\/06\/triunfo-luzzi-29-de-junio-360x480.jpg\" alt=\"\" class=\"wp-image-46663\" srcset=\"https:\/\/armstrongyregion.com.ar\/diario\/wp-content\/uploads\/2025\/06\/triunfo-luzzi-29-de-junio-360x480.jpg 360w, https:\/\/armstrongyregion.com.ar\/diario\/wp-content\/uploads\/2025\/06\/triunfo-luzzi-29-de-junio-225x300.jpg 225w, https:\/\/armstrongyregion.com.ar\/diario\/wp-content\/uploads\/2025\/06\/triunfo-luzzi-29-de-junio.jpg 480w\" sizes=\"auto, (max-width: 360px) 100vw, 360px\" \/><\/figure>\n\n\n\n<p>La ciudad de Armstrong vivi\u00f3 una jornada electoral definitoria este domingo, con resultados que consolidan la continuidad del oficialismo y marcan la pauta para la nueva conformaci\u00f3n del Concejo Deliberante. Con una participaci\u00f3n ciudadana significativa, los armstronenses expresaron su voluntad en las urnas, dejando un panorama claro tanto para la Intendencia como para el \u00f3rgano legislativo local.<\/p>\n\n\n\n<figure class=\"wp-block-image size-large\"><img loading=\"lazy\" decoding=\"async\" width=\"640\" height=\"480\" src=\"http:\/\/armstrongyregion.com.ar\/diario\/wp-content\/uploads\/2025\/06\/triunfo-luzzi-atr-1-1-640x480.jpg\" alt=\"\" class=\"wp-image-46664\" srcset=\"https:\/\/armstrongyregion.com.ar\/diario\/wp-content\/uploads\/2025\/06\/triunfo-luzzi-atr-1-1-640x480.jpg 640w, https:\/\/armstrongyregion.com.ar\/diario\/wp-content\/uploads\/2025\/06\/triunfo-luzzi-atr-1-1-300x225.jpg 300w, https:\/\/armstrongyregion.com.ar\/diario\/wp-content\/uploads\/2025\/06\/triunfo-luzzi-atr-1-1-768x576.jpg 768w, https:\/\/armstrongyregion.com.ar\/diario\/wp-content\/uploads\/2025\/06\/triunfo-luzzi-atr-1-1.jpg 800w\" sizes=\"auto, (max-width: 640px) 100vw, 640px\" \/><\/figure>\n\n\n\n<p>En la categor\u00eda de Intendente, <strong>Luzzi<\/strong> obtuvo una aplastante victoria, logrando un contundente <strong>72,61%<\/strong> de los votos emitidos. Este porcentaje no solo le asegura un nuevo mandato al frente del ejecutivo municipal, sino que tambi\u00e9n refleja un amplio respaldo a su gesti\u00f3n y a las propuestas presentadas para los pr\u00f3ximos a\u00f1os. Los votos en blanco, que alcanzaron el <strong>24,44%<\/strong>, se posicionaron como la segunda fuerza, evidenciando en algunos casos un voto de protesta o la ausencia de alternativas competitivas.<\/p>\n\n\n\n<p>Por su parte, la renovaci\u00f3n del Concejo Deliberante de Armstrong presenta una configuraci\u00f3n interesante, con una clara preferencia por las figuras ya consolidadas. Noelia <strong>Garc\u00eda<\/strong> se erigi\u00f3 como la candidata m\u00e1s votada para el Concejo, obteniendo un significativo <strong>33,35%<\/strong> de los sufragios. Este resultado la posiciona como una figura clave en el futuro \u00f3rgano legislativo, y su caudal de votos ser\u00e1 fundamental para la bancada que represente ya que suma a Rodrigo Migliozzi, el segundo de su lista.<\/p>\n\n\n\n<p>En segundo lugar, <strong>Fischer<\/strong> logr\u00f3 un respetable <strong>22,37%<\/strong> de los votos, asegurando tambi\u00e9n una posici\u00f3n destacada en el Concejo y consolidando una representaci\u00f3n importante. La tercera posici\u00f3n fue para <strong>Jes\u00fas Urqu\u00eda<\/strong>, quien cosech\u00f3 un <strong>14,38%<\/strong> de los sufragios, desde su espacio pol\u00edtico.<\/p>\n\n\n\n<p>M\u00e1s atr\u00e1s, con un <strong>10,97%<\/strong>, se ubic\u00f3 <strong>Jorge Urqu\u00eda<\/strong>, quien representaba a La Libertad Avanza. Finalmente, <strong>Amil<\/strong> y <strong>Lencina<\/strong> obtuvieron el <strong>9,96%<\/strong> y <strong>8,96%<\/strong> respectivamente.<\/p>\n\n\n\n<p>Estos resultados no solo marcan el rumbo pol\u00edtico de Armstrong para el pr\u00f3ximo per\u00edodo, sino que tambi\u00e9n reflejan la voluntad de los ciudadanos de consolidar un liderazgo en la Intendencia y de conformar un Concejo Deliberante con figuras que, en su mayor\u00eda, ya cuentan con un reconocimiento en la comunidad. La pr\u00f3xima etapa estar\u00e1 marcada por la conformaci\u00f3n de las nuevas bancadas y el inicio de la labor legislativa que acompa\u00f1ar\u00e1 la gesti\u00f3n del intendente reelecto.<\/p>\n","protected":false},"excerpt":{"rendered":"<p>Contundente Victoria Oficialista en Armstrong: Luzzi Reelecto y Garc\u00eda Lidera el Concejo.<\/p>\n","protected":false},"author":1,"featured_media":46663,"comment_status":"open","ping_status":"open","sticky":false,"template":"","format":"image","meta":{"_jetpack_memberships_contains_paid_content":false,"footnotes":"","jetpack_publicize_message":"","jetpack_publicize_feature_enabled":true,"jetpack_social_post_already_shared":true,"jetpack_social_options":{"image_generator_settings":{"template":"highway","default_image_id":0,"enabled":false},"version":2}},"categories":[8,1,2,7,3],"tags":[20,868,2722,5030,3277,11337,11865,11864,8506],"class_list":["post-46660","post","type-post","status-publish","format-image","has-post-thumbnail","hentry","category-deliberando","category-diario-armstrong","category-locales","category-politica","category-region","tag-armstrong","tag-concejo","tag-contundente","tag-diario-armstrong","tag-garcia","tag-lidera","tag-luzzi-reelecto","tag-oficialista-2","tag-victoria-2","post_format-post-format-image"],"jetpack_publicize_connections":[],"jetpack_featured_media_url":"https:\/\/armstrongyregion.com.ar\/diario\/wp-content\/uploads\/2025\/06\/triunfo-luzzi-29-de-junio.jpg","jetpack_shortlink":"https:\/\/wp.me\/p62QDO-c8A","jetpack_sharing_enabled":true,"amp_enabled":true,"_links":{"self":[{"href":"https:\/\/armstrongyregion.com.ar\/diario\/wp-json\/wp\/v2\/posts\/46660","targetHints":{"allow":["GET"]}}],"collection":[{"href":"https:\/\/armstrongyregion.com.ar\/diario\/wp-json\/wp\/v2\/posts"}],"about":[{"href":"https:\/\/armstrongyregion.com.ar\/diario\/wp-json\/wp\/v2\/types\/post"}],"author":[{"embeddable":true,"href":"https:\/\/armstrongyregion.com.ar\/diario\/wp-json\/wp\/v2\/users\/1"}],"replies":[{"embeddable":true,"href":"https:\/\/armstrongyregion.com.ar\/diario\/wp-json\/wp\/v2\/comments?post=46660"}],"version-history":[{"count":3,"href":"https:\/\/armstrongyregion.com.ar\/diario\/wp-json\/wp\/v2\/posts\/46660\/revisions"}],"predecessor-version":[{"id":46667,"href":"https:\/\/armstrongyregion.com.ar\/diario\/wp-json\/wp\/v2\/posts\/46660\/revisions\/46667"}],"wp:featuredmedia":[{"embeddable":true,"href":"https:\/\/armstrongyregion.com.ar\/diario\/wp-json\/wp\/v2\/media\/46663"}],"wp:attachment":[{"href":"https:\/\/armstrongyregion.com.ar\/diario\/wp-json\/wp\/v2\/media?parent=46660"}],"wp:term":[{"taxonomy":"category","embeddable":true,"href":"https:\/\/armstrongyregion.com.ar\/diario\/wp-json\/wp\/v2\/categories?post=46660"},{"taxonomy":"post_tag","embeddable":true,"href":"https:\/\/armstrongyregion.com.ar\/diario\/wp-json\/wp\/v2\/tags?post=46660"}],"curies":[{"name":"wp","href":"https:\/\/api.w.org\/{rel}","templated":true}]}}