{"id":46637,"date":"2025-06-24T16:31:21","date_gmt":"2025-06-24T16:31:21","guid":{"rendered":"https:\/\/armstrongyregion.com.ar\/diario\/?p=46637"},"modified":"2025-06-24T17:23:36","modified_gmt":"2025-06-24T17:23:36","slug":"deliberando-cara-a-cara-con-los-candidatos-que-moldean-nuestro-futuro","status":"publish","type":"post","link":"https:\/\/armstrongyregion.com.ar\/diario\/deliberando-cara-a-cara-con-los-candidatos-que-moldean-nuestro-futuro\/","title":{"rendered":"Deliberando: Cara a Cara con los Candidatos que Moldean Nuestro Futuro."},"content":{"rendered":"\n<figure class=\"wp-block-image size-full\"><img loading=\"lazy\" decoding=\"async\" width=\"360\" height=\"360\" src=\"http:\/\/armstrongyregion.com.ar\/diario\/wp-content\/uploads\/2025\/06\/CONCEJALES-24-DE-JUNIO-.jpg\" alt=\"\" class=\"wp-image-46639\" srcset=\"https:\/\/armstrongyregion.com.ar\/diario\/wp-content\/uploads\/2025\/06\/CONCEJALES-24-DE-JUNIO-.jpg 360w, https:\/\/armstrongyregion.com.ar\/diario\/wp-content\/uploads\/2025\/06\/CONCEJALES-24-DE-JUNIO--300x300.jpg 300w, https:\/\/armstrongyregion.com.ar\/diario\/wp-content\/uploads\/2025\/06\/CONCEJALES-24-DE-JUNIO--150x150.jpg 150w\" sizes=\"auto, (max-width: 360px) 100vw, 360px\" \/><\/figure>\n\n\n\n<h2 class=\"wp-block-heading\">Este <strong>s\u00e1bado 29 de junio<\/strong>, preparate para un encuentro imperdible con los protagonistas de la pol\u00edtica local en una emisi\u00f3n especial de <strong>Deliberando<\/strong>. Un espacio donde la voz de nuestros representantes y aspirantes resonar\u00e1, ofreci\u00e9ndonos una mirada profunda a sus trayectorias, desaf\u00edos y visiones de futuro para nuestras queridas comunidades.<\/h2>\n\n\n\n<p>El programa comenzar\u00e1 con un segmento dedicado a nuestros ediles de Armstrong que buscan renovar su banca. <strong>Jes\u00fas Urqu\u00eda<\/strong> de Renovaci\u00f3n por Armstrong, <strong>Luz Marina Fischer<\/strong> del Bloque Avancemos, y <strong>Noelia Garc\u00eda<\/strong> del Bloque Unidos compartir\u00e1n un sincero balance de su experiencia como concejales. Nos revelar\u00e1n los logros alcanzados y, con la mirada puesta en el futuro, nos contar\u00e1n sobre todo lo que a\u00fan les queda por trabajar para seguir construyendo una ciudad mejor para todos.<\/p>\n\n\n\n<figure class=\"wp-block-image size-full\"><img loading=\"lazy\" decoding=\"async\" width=\"536\" height=\"455\" src=\"http:\/\/armstrongyregion.com.ar\/diario\/wp-content\/uploads\/2025\/06\/LUZZI-GARCIA-.jpg\" alt=\"\" class=\"wp-image-46640\" srcset=\"https:\/\/armstrongyregion.com.ar\/diario\/wp-content\/uploads\/2025\/06\/LUZZI-GARCIA-.jpg 536w, https:\/\/armstrongyregion.com.ar\/diario\/wp-content\/uploads\/2025\/06\/LUZZI-GARCIA--300x255.jpg 300w\" sizes=\"auto, (max-width: 536px) 100vw, 536px\" \/><\/figure>\n\n\n\n<p>La noche cobrar\u00e1 un matiz especial con la participaci\u00f3n del <strong>Intendente Guillermo Luzzi<\/strong>, quien, como \u00fanico candidato a Intendente por la ciudad de Armstrong, acompa\u00f1ar\u00e1 a Noelia Garc\u00eda. El Intendente Luzzi ofrecer\u00e1 un breve pero contundente balance de su gesti\u00f3n, haciendo especial hincapi\u00e9 en el <strong>trabajo incansable<\/strong> y el <strong>\u00e9nfasis transformador en obra p\u00fablica<\/strong> que est\u00e1 a punto de revolucionar nuestra ciudad. Nos explicar\u00e1 por qu\u00e9 este 29 de junio es crucial acompa\u00f1ar con el voto a su equipo para seguir impulsando este camino de progreso.<\/p>\n\n\n\n<figure class=\"wp-block-image size-full\"><img loading=\"lazy\" decoding=\"async\" width=\"536\" height=\"399\" src=\"http:\/\/armstrongyregion.com.ar\/diario\/wp-content\/uploads\/2025\/06\/LALO-PATRICIA-.jpg\" alt=\"\" class=\"wp-image-46641\" srcset=\"https:\/\/armstrongyregion.com.ar\/diario\/wp-content\/uploads\/2025\/06\/LALO-PATRICIA-.jpg 536w, https:\/\/armstrongyregion.com.ar\/diario\/wp-content\/uploads\/2025\/06\/LALO-PATRICIA--300x223.jpg 300w\" sizes=\"auto, (max-width: 536px) 100vw, 536px\" \/><\/figure>\n\n\n\n<p>Para cerrar esta imperdible jornada, tendremos el honor de recibir a los flamantes ganadores de las elecciones internas de Tortugas: el candidato a Presidente Comunal <strong>Lalo Rosel<\/strong>l y su compa\u00f1era de f\u00f3rmula, la candidata a Vicepresidenta <strong>Patricia Grighini<\/strong>. Tras su contundente victoria, nos compartir\u00e1n sus <strong>proyectos transformadores<\/strong> para Tortugas e invitar\u00e1n a renovar el compromiso con ellos una vez m\u00e1s este 29 de junio, consolidando un futuro lleno de esperanza y desarrollo para su comunidad.<\/p>\n\n\n\n<p>No te pierdas este programa donde la promesa de transparencia y el compromiso ser\u00e1n los pilares. Tu participaci\u00f3n es clave para el futuro de Armstrong y Tortugas!<\/p>\n","protected":false},"excerpt":{"rendered":"<p>Deliberando: Cara a Cara con los Candidatos que Moldean Nuestro Futuro.<\/p>\n","protected":false},"author":1,"featured_media":46640,"comment_status":"open","ping_status":"open","sticky":false,"template":"","format":"image","meta":{"_jetpack_memberships_contains_paid_content":false,"footnotes":"","jetpack_publicize_message":"","jetpack_publicize_feature_enabled":true,"jetpack_social_post_already_shared":true,"jetpack_social_options":{"image_generator_settings":{"template":"highway","default_image_id":0,"enabled":false},"version":2}},"categories":[6,8,1,2,7,3],"tags":[765,11861,44,2254,10679,9262,11862],"class_list":["post-46637","post","type-post","status-publish","format-image","has-post-thumbnail","hentry","category-cultura-entretenimiento","category-deliberando","category-diario-armstrong","category-locales","category-politica","category-region","tag-candidatos","tag-cara-a-cara","tag-deliberando-2","tag-futuro","tag-jesus-urquia","tag-luz-marina-fischer","tag-noelia-garcia-2","post_format-post-format-image"],"jetpack_publicize_connections":[],"jetpack_featured_media_url":"https:\/\/armstrongyregion.com.ar\/diario\/wp-content\/uploads\/2025\/06\/LUZZI-GARCIA-.jpg","jetpack_shortlink":"https:\/\/wp.me\/p62QDO-c8d","jetpack_sharing_enabled":true,"amp_enabled":true,"_links":{"self":[{"href":"https:\/\/armstrongyregion.com.ar\/diario\/wp-json\/wp\/v2\/posts\/46637","targetHints":{"allow":["GET"]}}],"collection":[{"href":"https:\/\/armstrongyregion.com.ar\/diario\/wp-json\/wp\/v2\/posts"}],"about":[{"href":"https:\/\/armstrongyregion.com.ar\/diario\/wp-json\/wp\/v2\/types\/post"}],"author":[{"embeddable":true,"href":"https:\/\/armstrongyregion.com.ar\/diario\/wp-json\/wp\/v2\/users\/1"}],"replies":[{"embeddable":true,"href":"https:\/\/armstrongyregion.com.ar\/diario\/wp-json\/wp\/v2\/comments?post=46637"}],"version-history":[{"count":3,"href":"https:\/\/armstrongyregion.com.ar\/diario\/wp-json\/wp\/v2\/posts\/46637\/revisions"}],"predecessor-version":[{"id":46644,"href":"https:\/\/armstrongyregion.com.ar\/diario\/wp-json\/wp\/v2\/posts\/46637\/revisions\/46644"}],"wp:featuredmedia":[{"embeddable":true,"href":"https:\/\/armstrongyregion.com.ar\/diario\/wp-json\/wp\/v2\/media\/46640"}],"wp:attachment":[{"href":"https:\/\/armstrongyregion.com.ar\/diario\/wp-json\/wp\/v2\/media?parent=46637"}],"wp:term":[{"taxonomy":"category","embeddable":true,"href":"https:\/\/armstrongyregion.com.ar\/diario\/wp-json\/wp\/v2\/categories?post=46637"},{"taxonomy":"post_tag","embeddable":true,"href":"https:\/\/armstrongyregion.com.ar\/diario\/wp-json\/wp\/v2\/tags?post=46637"}],"curies":[{"name":"wp","href":"https:\/\/api.w.org\/{rel}","templated":true}]}}