{"id":46629,"date":"2025-06-24T00:02:14","date_gmt":"2025-06-24T00:02:14","guid":{"rendered":"https:\/\/armstrongyregion.com.ar\/diario\/?p=46629"},"modified":"2025-06-24T00:02:15","modified_gmt":"2025-06-24T00:02:15","slug":"inscripciones-maraton-delfo-cabrera-con-mucho-entusiasmo-esperamos-el-3-de-agosto","status":"publish","type":"post","link":"https:\/\/armstrongyregion.com.ar\/diario\/inscripciones-maraton-delfo-cabrera-con-mucho-entusiasmo-esperamos-el-3-de-agosto\/","title":{"rendered":"Inscripciones Marat\u00f3n Delfo Cabrera. Con mucho entusiasmo esperamos el 3 de agosto."},"content":{"rendered":"\n<figure class=\"wp-block-image size-large\"><img loading=\"lazy\" decoding=\"async\" width=\"385\" height=\"480\" src=\"http:\/\/armstrongyregion.com.ar\/diario\/wp-content\/uploads\/2025\/06\/maraton-23-junio--385x480.jpg\" alt=\"\" class=\"wp-image-46630\" srcset=\"https:\/\/armstrongyregion.com.ar\/diario\/wp-content\/uploads\/2025\/06\/maraton-23-junio--385x480.jpg 385w, https:\/\/armstrongyregion.com.ar\/diario\/wp-content\/uploads\/2025\/06\/maraton-23-junio--241x300.jpg 241w, https:\/\/armstrongyregion.com.ar\/diario\/wp-content\/uploads\/2025\/06\/maraton-23-junio-.jpg 642w\" sizes=\"auto, (max-width: 385px) 100vw, 385px\" \/><\/figure>\n\n\n\n<p>El domingo 3 de agosto de 2025 Armstrong vivir\u00e1 nuevamente la fiesta del deporte con la<br>21\u00b0 edici\u00f3n del medio marat\u00f3n homenaje a Delfo Cabrera que recorrer\u00e1 las calles de la<br>ciudad y seguramente contar\u00e1 con el aliento de los todos armstronenses a su paso.<br>La largada ser\u00e1 a las 9 hs. en Plaza Flotron, con circuitos certificados en las distancias<br>competitivas de 10 y 21 k., y fiscalizadas por la Asociaci\u00f3n Rosarina de Atletismo (ARDA), y el<br>circuito integrativo no competitivo de 6 k., mientras que la organizaci\u00f3n general est\u00e1 a cargo<br>de la Municipalidad de Armstrong.<br>En cuanto a las inscripciones, para 10 y 21 k.: Atletas locales:<br>https:\/\/forms.gle\/BS5UNZBnXHC1LBmNA \u00f3 solicitar formulario al 3471-341769; Atletas<br>de otras localidades, en www.eventick.com.ar. Todos los atletas para los 6 k:<br>https:\/\/forms.gle\/mGxGm4UbZCsNBbEH6 \u00f3 solicitar formulario al 3471-341769.<\/p>\n","protected":false},"excerpt":{"rendered":"<p>Inscripciones Marat\u00f3n Delfo Cabrera. Con mucho entusiasmo esperamos el 3 de agosto.<\/p>\n","protected":false},"author":1,"featured_media":46630,"comment_status":"open","ping_status":"open","sticky":false,"template":"","format":"image","meta":{"_jetpack_memberships_contains_paid_content":false,"footnotes":"","jetpack_publicize_message":"","jetpack_publicize_feature_enabled":true,"jetpack_social_post_already_shared":true,"jetpack_social_options":{"image_generator_settings":{"template":"highway","default_image_id":0,"enabled":false},"version":2}},"categories":[8,5,1,2,7,3],"tags":[11858,5030,2384,11857],"class_list":["post-46629","post","type-post","status-publish","format-image","has-post-thumbnail","hentry","category-deliberando","category-deportes","category-diario-armstrong","category-locales","category-politica","category-region","tag-3-de-agosto","tag-diario-armstrong","tag-inscripciones","tag-maraton-delfo-cabrera-2","post_format-post-format-image"],"jetpack_publicize_connections":[],"jetpack_featured_media_url":"https:\/\/armstrongyregion.com.ar\/diario\/wp-content\/uploads\/2025\/06\/maraton-23-junio-.jpg","jetpack_shortlink":"https:\/\/wp.me\/p62QDO-c85","jetpack_sharing_enabled":true,"amp_enabled":true,"_links":{"self":[{"href":"https:\/\/armstrongyregion.com.ar\/diario\/wp-json\/wp\/v2\/posts\/46629","targetHints":{"allow":["GET"]}}],"collection":[{"href":"https:\/\/armstrongyregion.com.ar\/diario\/wp-json\/wp\/v2\/posts"}],"about":[{"href":"https:\/\/armstrongyregion.com.ar\/diario\/wp-json\/wp\/v2\/types\/post"}],"author":[{"embeddable":true,"href":"https:\/\/armstrongyregion.com.ar\/diario\/wp-json\/wp\/v2\/users\/1"}],"replies":[{"embeddable":true,"href":"https:\/\/armstrongyregion.com.ar\/diario\/wp-json\/wp\/v2\/comments?post=46629"}],"version-history":[{"count":1,"href":"https:\/\/armstrongyregion.com.ar\/diario\/wp-json\/wp\/v2\/posts\/46629\/revisions"}],"predecessor-version":[{"id":46631,"href":"https:\/\/armstrongyregion.com.ar\/diario\/wp-json\/wp\/v2\/posts\/46629\/revisions\/46631"}],"wp:featuredmedia":[{"embeddable":true,"href":"https:\/\/armstrongyregion.com.ar\/diario\/wp-json\/wp\/v2\/media\/46630"}],"wp:attachment":[{"href":"https:\/\/armstrongyregion.com.ar\/diario\/wp-json\/wp\/v2\/media?parent=46629"}],"wp:term":[{"taxonomy":"category","embeddable":true,"href":"https:\/\/armstrongyregion.com.ar\/diario\/wp-json\/wp\/v2\/categories?post=46629"},{"taxonomy":"post_tag","embeddable":true,"href":"https:\/\/armstrongyregion.com.ar\/diario\/wp-json\/wp\/v2\/tags?post=46629"}],"curies":[{"name":"wp","href":"https:\/\/api.w.org\/{rel}","templated":true}]}}