{"id":46623,"date":"2025-06-23T20:58:44","date_gmt":"2025-06-23T20:58:44","guid":{"rendered":"https:\/\/armstrongyregion.com.ar\/diario\/?p=46623"},"modified":"2025-06-23T20:58:46","modified_gmt":"2025-06-23T20:58:46","slug":"elecciones-provinciales-2025-que-se-vota-este-domingo-29-de-junio","status":"publish","type":"post","link":"https:\/\/armstrongyregion.com.ar\/diario\/elecciones-provinciales-2025-que-se-vota-este-domingo-29-de-junio\/","title":{"rendered":"Elecciones provinciales 2025: qu\u00e9 se vota este domingo 29 de junio."},"content":{"rendered":"\n<figure class=\"wp-block-image size-full\"><img loading=\"lazy\" decoding=\"async\" width=\"800\" height=\"450\" src=\"http:\/\/armstrongyregion.com.ar\/diario\/wp-content\/uploads\/2019\/10\/elecciones_2019_4.jpg_1756841869.jpg\" alt=\"\" class=\"wp-image-23530\" srcset=\"https:\/\/armstrongyregion.com.ar\/diario\/wp-content\/uploads\/2019\/10\/elecciones_2019_4.jpg_1756841869.jpg 800w, https:\/\/armstrongyregion.com.ar\/diario\/wp-content\/uploads\/2019\/10\/elecciones_2019_4.jpg_1756841869-300x169.jpg 300w, https:\/\/armstrongyregion.com.ar\/diario\/wp-content\/uploads\/2019\/10\/elecciones_2019_4.jpg_1756841869-768x432.jpg 768w\" sizes=\"auto, (max-width: 800px) 100vw, 800px\" \/><\/figure>\n\n\n\n<h2 class=\"wp-block-heading\">Elecciones provinciales 2025: qu\u00e9 se vota este domingo 29 de junio En los pr\u00f3ximos comicios se elegir\u00e1n 19 intendentes, adem\u00e1s de concejales y autoridades comunales. Las elecciones ser\u00e1n de 8 a 18 con el sistema de Boleta \u00danica.<\/h2>\n\n\n\n<p>El domingo 29 de junio, de 8 a 18, se realizar\u00e1n las Elecciones Generales Municipales y Comunales en la provincia de Santa Fe.&nbsp;<\/p>\n\n\n\n<p>Los comicios se llevar\u00e1n a cabo en las 365 localidades. En 19 de ellas se elegir\u00e1n intendentes, en 65 concejales, en tanto que en el resto se votar\u00e1n las comisiones comunales que posteriormente definir\u00e1n a sus presidentes.<\/p>\n\n\n\n<p><strong>Qui\u00e9nes y c\u00f3mo votan<\/strong><\/p>\n\n\n\n<p>El Gobierno Provincial recuerda que hay que realizar una sola marca por boleta, para elegir al candidato que se desee votar. Podr\u00e1n emitir su voto todos los mayores de 16 a\u00f1os que est\u00e9n en el padr\u00f3n electoral presentando el \u00faltimo ejemplar del DNI.<\/p>\n\n\n\n<p><strong>En n\u00fameros<\/strong><\/p>\n\n\n\n<p>Para estas elecciones habr\u00e1 1.458 locales de votaci\u00f3n, con 8.392 mesas para nacionales y 90 para extranjeros. En total son 2.842.361 electores nacionales y 26.801 extranjeros.<\/p>\n\n\n\n<p>Adem\u00e1s, participar\u00e1n 4.374 autoridades para locales de votaci\u00f3n, entre: Jefe de local, Asistente de Escrutinio y Asistente Escolar. En el caso de los Jefes de local percibir\u00e1n el pago de $ 85.000; los Asistentes de Escrutinio $ 70.000; y los Asistentes Escolares $ 50.000.&nbsp;&nbsp;<\/p>\n\n\n\n<p><strong>Prueba de auditor\u00eda<\/strong><\/p>\n\n\n\n<p>Para evaluar el correcto funcionamiento del proceso de transmisi\u00f3n, recepci\u00f3n, carga y verificaci\u00f3n de telegramas electorales, se llev\u00f3 a cabo una prueba masiva de auditor\u00eda. El proceso se resume en el recuento y confecci\u00f3n de documentos, la transmisi\u00f3n de telegramas, el procesamiento y carga de resultados y la publicaci\u00f3n de resultados. Para completar el proceso, se utilizaron m\u00e1s de 10 sistemas y subsistemas instalados en la infraestructura de la Provincia en sus dos Centros de C\u00f3mputos Primario y Secundario, asegurando alta disponibilidad, redundancia y seguridad, y 2 Centros de Ingreso de Telegramas instalados en la ciudad de Santa Fe y Rosario, asegurando la redundancia y la disponibilidad.<\/p>\n","protected":false},"excerpt":{"rendered":"<p>Elecciones provinciales 2025: qu\u00e9 se vota este domingo 29 de junio.<\/p>\n","protected":false},"author":1,"featured_media":31729,"comment_status":"open","ping_status":"open","sticky":false,"template":"","format":"image","meta":{"_jetpack_memberships_contains_paid_content":false,"footnotes":"","jetpack_publicize_message":"","jetpack_publicize_feature_enabled":true,"jetpack_social_post_already_shared":true,"jetpack_social_options":{"image_generator_settings":{"template":"highway","default_image_id":0,"enabled":false},"version":2}},"categories":[1,2,7,3],"tags":[11850,5030,11603,11604],"class_list":["post-46623","post","type-post","status-publish","format-image","has-post-thumbnail","hentry","category-diario-armstrong","category-locales","category-politica","category-region","tag-29-de-junio","tag-diario-armstrong","tag-elecciones-provinciales-2025","tag-que-se-vota","post_format-post-format-image"],"jetpack_publicize_connections":[],"jetpack_featured_media_url":"https:\/\/armstrongyregion.com.ar\/diario\/wp-content\/uploads\/2021\/09\/elecciones-.jpg","jetpack_shortlink":"https:\/\/wp.me\/p62QDO-c7Z","jetpack_sharing_enabled":true,"amp_enabled":true,"_links":{"self":[{"href":"https:\/\/armstrongyregion.com.ar\/diario\/wp-json\/wp\/v2\/posts\/46623","targetHints":{"allow":["GET"]}}],"collection":[{"href":"https:\/\/armstrongyregion.com.ar\/diario\/wp-json\/wp\/v2\/posts"}],"about":[{"href":"https:\/\/armstrongyregion.com.ar\/diario\/wp-json\/wp\/v2\/types\/post"}],"author":[{"embeddable":true,"href":"https:\/\/armstrongyregion.com.ar\/diario\/wp-json\/wp\/v2\/users\/1"}],"replies":[{"embeddable":true,"href":"https:\/\/armstrongyregion.com.ar\/diario\/wp-json\/wp\/v2\/comments?post=46623"}],"version-history":[{"count":1,"href":"https:\/\/armstrongyregion.com.ar\/diario\/wp-json\/wp\/v2\/posts\/46623\/revisions"}],"predecessor-version":[{"id":46624,"href":"https:\/\/armstrongyregion.com.ar\/diario\/wp-json\/wp\/v2\/posts\/46623\/revisions\/46624"}],"wp:featuredmedia":[{"embeddable":true,"href":"https:\/\/armstrongyregion.com.ar\/diario\/wp-json\/wp\/v2\/media\/31729"}],"wp:attachment":[{"href":"https:\/\/armstrongyregion.com.ar\/diario\/wp-json\/wp\/v2\/media?parent=46623"}],"wp:term":[{"taxonomy":"category","embeddable":true,"href":"https:\/\/armstrongyregion.com.ar\/diario\/wp-json\/wp\/v2\/categories?post=46623"},{"taxonomy":"post_tag","embeddable":true,"href":"https:\/\/armstrongyregion.com.ar\/diario\/wp-json\/wp\/v2\/tags?post=46623"}],"curies":[{"name":"wp","href":"https:\/\/api.w.org\/{rel}","templated":true}]}}