{"id":46613,"date":"2025-06-23T01:24:23","date_gmt":"2025-06-23T01:24:23","guid":{"rendered":"https:\/\/armstrongyregion.com.ar\/diario\/?p=46613"},"modified":"2025-06-23T01:24:25","modified_gmt":"2025-06-23T01:24:25","slug":"anticipan-un-comienzo-de-semana-con-frio-intenso-y-heladas-fuertes-en-toda-la-provincia","status":"publish","type":"post","link":"https:\/\/armstrongyregion.com.ar\/diario\/anticipan-un-comienzo-de-semana-con-frio-intenso-y-heladas-fuertes-en-toda-la-provincia\/","title":{"rendered":"Anticipan un comienzo de semana con fr\u00edo intenso y \u201cheladas fuertes\u201d en toda la provincia."},"content":{"rendered":"\n<figure class=\"wp-block-image size-full\"><img loading=\"lazy\" decoding=\"async\" width=\"576\" height=\"352\" src=\"http:\/\/armstrongyregion.com.ar\/diario\/wp-content\/uploads\/2025\/06\/invierno-25-1-1.jpg\" alt=\"\" class=\"wp-image-46615\" srcset=\"https:\/\/armstrongyregion.com.ar\/diario\/wp-content\/uploads\/2025\/06\/invierno-25-1-1.jpg 576w, https:\/\/armstrongyregion.com.ar\/diario\/wp-content\/uploads\/2025\/06\/invierno-25-1-1-300x183.jpg 300w\" sizes=\"auto, (max-width: 576px) 100vw, 576px\" \/><\/figure>\n\n\n\n<h2 class=\"wp-block-heading\">Tras un domingo en el que el avance de una masa de aire fr\u00edo que lleg\u00f3 desde la Patagonia provoc\u00f3 la ca\u00edda de nieve en el sur bonaerense, pronostican que habr\u00e1 un marcado descenso de las temperaturas en Santa Fe.<\/h2>\n\n\n\n<p>Tras un fin de semana con nubosidad variable y temperaturas que estuvieron por debajo de la media de las \u00faltimas jornadas, anticipan que\u00a0<strong>durante los pr\u00f3ximos d\u00edas el invierno se har\u00e1 sentir en la provincia de Santa Fe<\/strong>. La ola de fr\u00edo intenso sorprendi\u00f3 este domingo en localidades del sur bonaerense en las que se registr\u00f3 ca\u00edda de nieve, algo que en Rosario no sucede desde hace m\u00e1s de 50 a\u00f1os.<\/p>\n\n\n\n<p>El Servicio Meteorol\u00f3gico Nacional (SMN) anticipa\u00a0<strong>m\u00ednimas de 4\u00b0 C y m\u00e1ximas de hasta 10\u00b0 C para este lunes<\/strong>, con el cielo ligeramente nublado durante todo el d\u00eda, viento sur y sin probabilidad de precipitaciones.\u00a0<strong>El martes, en tanto, la m\u00ednima podr\u00eda caer hasta los 0\u00b0 C<\/strong>, mientras que la m\u00e1xima pronosticada es de 14\u00b0 C y tampoco se esperan lluvias.<\/p>\n\n\n\n<p>Las condiciones se mantendr\u00edan similares durante toda la semana, con un leve ascenso de la temperatura hacia el fin de semana.<\/p>\n\n\n\n<p>Desde el Centro de Monitoreo Meteorol\u00f3gico y Clim\u00e1tico (CMMC) de Santa Fe difundieron un reporte este domingo por la tarde, en el que indicaron que\u00a0<strong>\u201cun intenso frente fr\u00edo\u201d provoc\u00f3 un marcado descenso de la temperatura en la franja central del pa\u00eds<\/strong>. Esto fue lo que gener\u00f3 la\u00a0<strong>ca\u00edda de nieve que se registr\u00f3 en Pu\u00e1n y Sierra de la Ventana<\/strong>, localidades del sur de la provincia de Buenos Aires.<\/p>\n\n\n\n<p>\u201cA ra\u00edz de esto, se est\u00e1n registrando r\u00e1fagas de viento con valores superiores a los 50km\/h, que prevalecer\u00e1n durante toda la jornada del lunes, incluso con mayor intensidad. Hacia el martes, la velocidad de este fen\u00f3meno tender\u00e1 a descender gradualmente\u201d, precisaron.<\/p>\n\n\n\n<p>Se trata de condiciones que se har\u00e1n sentir en Rosario y la regi\u00f3n durante esta semana, ya que&nbsp;<strong>\u201cse anticipan heladas fuertes en toda la provincia a partir del martes, sobre todo en el sur y centro de Santa Fe\u201d<\/strong>, indicaron desde el CMMC.<\/p>\n\n\n\n<p>Debido a esto,&nbsp;<strong>las temperaturas m\u00ednimas podr\u00edan descender hasta los -3\u00baC<\/strong>, mientras que las m\u00e1ximas no superar\u00edan los 13\u00baC. A partir del mi\u00e9rcoles, en tanto, comenzar\u00eda un \u201csuave\u201d ascenso de los registros t\u00e9rmicos.<\/p>\n\n\n\n<p>En tanto, indicaron que se registrar\u00e1 una muy baja inestabilidad hacia la noche del domingo y la madrugada del lunes. Y concluyeron anticipando que \u201cen el norte provincial podr\u00edan ocurrir precipitaciones leves desde el mi\u00e9rcoles al viernes\u201d, mientras que en el resto de la provincia predominar\u00e1 el cielo despejado.<\/p>\n\n\n\n<p>Servicio Meteorol\u00f3gico Nacional.<\/p>\n","protected":false},"excerpt":{"rendered":"<p>Anticipan un comienzo de semana con fr\u00edo intenso y \u201cheladas fuertes\u201d en toda la provincia.<\/p>\n","protected":false},"author":1,"featured_media":46614,"comment_status":"open","ping_status":"open","sticky":false,"template":"","format":"image","meta":{"_jetpack_memberships_contains_paid_content":false,"footnotes":"","jetpack_publicize_message":"","jetpack_publicize_feature_enabled":true,"jetpack_social_post_already_shared":true,"jetpack_social_options":{"image_generator_settings":{"template":"highway","default_image_id":0,"enabled":false},"version":2}},"categories":[6,8,1,2,7,3],"tags":[100,5030,9632,11848,3165,919],"class_list":["post-46613","post","type-post","status-publish","format-image","has-post-thumbnail","hentry","category-cultura-entretenimiento","category-deliberando","category-diario-armstrong","category-locales","category-politica","category-region","tag-con","tag-diario-armstrong","tag-frio-2","tag-heladas-fuertes","tag-intenso","tag-semana","post_format-post-format-image"],"jetpack_publicize_connections":[],"jetpack_featured_media_url":"https:\/\/armstrongyregion.com.ar\/diario\/wp-content\/uploads\/2025\/06\/invierno-25-.jpg","jetpack_shortlink":"https:\/\/wp.me\/p62QDO-c7P","jetpack_sharing_enabled":true,"amp_enabled":true,"_links":{"self":[{"href":"https:\/\/armstrongyregion.com.ar\/diario\/wp-json\/wp\/v2\/posts\/46613","targetHints":{"allow":["GET"]}}],"collection":[{"href":"https:\/\/armstrongyregion.com.ar\/diario\/wp-json\/wp\/v2\/posts"}],"about":[{"href":"https:\/\/armstrongyregion.com.ar\/diario\/wp-json\/wp\/v2\/types\/post"}],"author":[{"embeddable":true,"href":"https:\/\/armstrongyregion.com.ar\/diario\/wp-json\/wp\/v2\/users\/1"}],"replies":[{"embeddable":true,"href":"https:\/\/armstrongyregion.com.ar\/diario\/wp-json\/wp\/v2\/comments?post=46613"}],"version-history":[{"count":1,"href":"https:\/\/armstrongyregion.com.ar\/diario\/wp-json\/wp\/v2\/posts\/46613\/revisions"}],"predecessor-version":[{"id":46616,"href":"https:\/\/armstrongyregion.com.ar\/diario\/wp-json\/wp\/v2\/posts\/46613\/revisions\/46616"}],"wp:featuredmedia":[{"embeddable":true,"href":"https:\/\/armstrongyregion.com.ar\/diario\/wp-json\/wp\/v2\/media\/46614"}],"wp:attachment":[{"href":"https:\/\/armstrongyregion.com.ar\/diario\/wp-json\/wp\/v2\/media?parent=46613"}],"wp:term":[{"taxonomy":"category","embeddable":true,"href":"https:\/\/armstrongyregion.com.ar\/diario\/wp-json\/wp\/v2\/categories?post=46613"},{"taxonomy":"post_tag","embeddable":true,"href":"https:\/\/armstrongyregion.com.ar\/diario\/wp-json\/wp\/v2\/tags?post=46613"}],"curies":[{"name":"wp","href":"https:\/\/api.w.org\/{rel}","templated":true}]}}