{"id":46609,"date":"2025-06-19T12:43:25","date_gmt":"2025-06-19T12:43:25","guid":{"rendered":"https:\/\/armstrongyregion.com.ar\/diario\/?p=46609"},"modified":"2025-06-19T12:43:29","modified_gmt":"2025-06-19T12:43:29","slug":"dia-de-la-bandera-2025","status":"publish","type":"post","link":"https:\/\/armstrongyregion.com.ar\/diario\/dia-de-la-bandera-2025\/","title":{"rendered":"D\u00eda de la Bandera 2025."},"content":{"rendered":"\n<figure class=\"wp-block-image size-full\"><img loading=\"lazy\" decoding=\"async\" width=\"320\" height=\"400\" src=\"http:\/\/armstrongyregion.com.ar\/diario\/wp-content\/uploads\/2025\/06\/dia-bandera-25-a.jpg\" alt=\"\" class=\"wp-image-46610\" srcset=\"https:\/\/armstrongyregion.com.ar\/diario\/wp-content\/uploads\/2025\/06\/dia-bandera-25-a.jpg 320w, https:\/\/armstrongyregion.com.ar\/diario\/wp-content\/uploads\/2025\/06\/dia-bandera-25-a-240x300.jpg 240w\" sizes=\"auto, (max-width: 320px) 100vw, 320px\" \/><\/figure>\n\n\n\n<p>La Municipalidad de Armstrong junto a las comunidades educativas de las Escuelas N\u00b0 600<br>\u201cGral. Manuel Belgrano\u201d, N\u00b0 51 \u201cDr. Manuel Belgrano\u201d y N\u00b0 2100 \u201cGabriela Brimmer\u201d invitan<br>a compartir el acto que se realizar\u00e1 el viernes 20 de junio a las 11 hs. en Plaza San Mart\u00edn,<br>con motivo del D\u00eda de la Bandera.<br>Los alumnos de 4\u00b0 grado de todas las escuelas de nuestra ciudad har\u00e1n su Promesa de<br>Lealtad a la Bandera.<br>Se invita a las familias y p\u00fablico en general a participar de este momento tan importante.<br>Participar\u00e1n la Orquesta Infanto Juvenil y Ensamble de Vientos del Conservatorio Municipal<br>de M\u00fasica y, luego del acto, la Cooperadora de la Escuela N\u00b0 600 tendr\u00e1 venta de tortas, y el<br>Centro de Estudiantes de la Escuela N\u00b0 51 ofrecer\u00e1 caf\u00e9 y torta asada.<br>En caso de inclemencia clim\u00e1tica, se realizar\u00e1 en la Estaci\u00f3n M\u00e1s.<br>Invitamos a todos los vecinos armstronenses a embanderar los edificios. \u00a1Vistamos la ciudad<br>de celeste y blanco!<\/p>\n","protected":false},"excerpt":{"rendered":"<p>D\u00eda de la Bandera 2025.<\/p>\n","protected":false},"author":1,"featured_media":46610,"comment_status":"open","ping_status":"open","sticky":false,"template":"","format":"image","meta":{"_jetpack_memberships_contains_paid_content":false,"footnotes":"","jetpack_publicize_message":"","jetpack_publicize_feature_enabled":true,"jetpack_social_post_already_shared":true,"jetpack_social_options":{"image_generator_settings":{"template":"highway","default_image_id":0,"enabled":false},"version":2}},"categories":[6,8,1,2,7,3],"tags":[11847,10795,5030],"class_list":["post-46609","post","type-post","status-publish","format-image","has-post-thumbnail","hentry","category-cultura-entretenimiento","category-deliberando","category-diario-armstrong","category-locales","category-politica","category-region","tag-20-de-junio","tag-dia-de-la-bandera","tag-diario-armstrong","post_format-post-format-image"],"jetpack_publicize_connections":[],"jetpack_featured_media_url":"https:\/\/armstrongyregion.com.ar\/diario\/wp-content\/uploads\/2025\/06\/dia-bandera-25-a.jpg","jetpack_shortlink":"https:\/\/wp.me\/p62QDO-c7L","jetpack_sharing_enabled":true,"amp_enabled":true,"_links":{"self":[{"href":"https:\/\/armstrongyregion.com.ar\/diario\/wp-json\/wp\/v2\/posts\/46609","targetHints":{"allow":["GET"]}}],"collection":[{"href":"https:\/\/armstrongyregion.com.ar\/diario\/wp-json\/wp\/v2\/posts"}],"about":[{"href":"https:\/\/armstrongyregion.com.ar\/diario\/wp-json\/wp\/v2\/types\/post"}],"author":[{"embeddable":true,"href":"https:\/\/armstrongyregion.com.ar\/diario\/wp-json\/wp\/v2\/users\/1"}],"replies":[{"embeddable":true,"href":"https:\/\/armstrongyregion.com.ar\/diario\/wp-json\/wp\/v2\/comments?post=46609"}],"version-history":[{"count":1,"href":"https:\/\/armstrongyregion.com.ar\/diario\/wp-json\/wp\/v2\/posts\/46609\/revisions"}],"predecessor-version":[{"id":46611,"href":"https:\/\/armstrongyregion.com.ar\/diario\/wp-json\/wp\/v2\/posts\/46609\/revisions\/46611"}],"wp:featuredmedia":[{"embeddable":true,"href":"https:\/\/armstrongyregion.com.ar\/diario\/wp-json\/wp\/v2\/media\/46610"}],"wp:attachment":[{"href":"https:\/\/armstrongyregion.com.ar\/diario\/wp-json\/wp\/v2\/media?parent=46609"}],"wp:term":[{"taxonomy":"category","embeddable":true,"href":"https:\/\/armstrongyregion.com.ar\/diario\/wp-json\/wp\/v2\/categories?post=46609"},{"taxonomy":"post_tag","embeddable":true,"href":"https:\/\/armstrongyregion.com.ar\/diario\/wp-json\/wp\/v2\/tags?post=46609"}],"curies":[{"name":"wp","href":"https:\/\/api.w.org\/{rel}","templated":true}]}}