{"id":4660,"date":"2015-10-22T11:33:23","date_gmt":"2015-10-22T11:33:23","guid":{"rendered":"https:\/\/armstrongyregion.com.ar\/diario\/?p=4660"},"modified":"2015-10-22T11:33:23","modified_gmt":"2015-10-22T11:33:23","slug":"el-radicalismo-de-armstrong-llamo-a-votar-por-macri-binner-este-domingo","status":"publish","type":"post","link":"https:\/\/armstrongyregion.com.ar\/diario\/el-radicalismo-de-armstrong-llamo-a-votar-por-macri-binner-este-domingo\/","title":{"rendered":"El radicalismo de Armstrong llam\u00f3 a votar por Macri-Binner este domingo."},"content":{"rendered":"<p><a href=\"http:\/\/armstrongyregion.com.ar\/diario\/wp-content\/uploads\/2015\/10\/IMG-20151021-WA0010.jpg\"><img loading=\"lazy\" decoding=\"async\" class=\"alignnone size-medium wp-image-4662\" src=\"http:\/\/armstrongyregion.com.ar\/diario\/wp-content\/uploads\/2015\/10\/IMG-20151021-WA0010-300x225.jpg\" alt=\"Armando-Faraoni-\" width=\"300\" height=\"225\" srcset=\"https:\/\/armstrongyregion.com.ar\/diario\/wp-content\/uploads\/2015\/10\/IMG-20151021-WA0010-300x225.jpg 300w, https:\/\/armstrongyregion.com.ar\/diario\/wp-content\/uploads\/2015\/10\/IMG-20151021-WA0010.jpg 768w\" sizes=\"auto, (max-width: 300px) 100vw, 300px\" \/><\/a>En la ma\u00f1ana de ayer referentes de la UCR de Armstrong desde el comit\u00e9 invitaron a votar por Macri-Binner.<br \/>\nDe cara a las elecciones Armando Faraoni, integrante de la lista que encabeza Hugo Marcucci junto al intendente de Armstrong Pablo Verdecchia, el Pte del Concejo Adrian Marozzi y la concejal Daniela P\u00e9rez, a trav\u00e9s de los medios locales expresaron un mensaje claro y sencillo, \u201cvotar a Mauricio Macri Presidente y a Zuvic como Parlamentario Nacional, luego cortar boleta para que seamos representados por legisladores que trabajen por intereses genuinos de Santa Fe, por eso a Binner, Marcucci, Comi\u201d.<br \/>\nPor su parte, Daniela P\u00e9rez, en dialogo con nuestro medio dec\u00eda, \u201cSo\u00f1amos con una Santa Fe pujante, donde se impulse la producci\u00f3n y la industria, con empleo genuino. Donde podamos vivir sin miedo en vez de presos del narcotr\u00e1fico y la delincuencia. Donde podamos pensar distinto, pero nos encontremos en las diferencias porque sabemos que vamos por el mismo camino: hacer crecer al pa\u00eds.<br \/>\nPor eso, este domingo, vamos juntos todos los que queremos cambiar. Este domingo, vamos con Mauricio- Binner\u201d.<\/p>\n","protected":false},"excerpt":{"rendered":"<p>En la ma\u00f1ana de ayer referentes de la UCR de Armstrong desde el comit\u00e9 invitaron a votar por Macri-Binner. De cara a las elecciones Armando Faraoni, integrante de la lista que encabeza Hugo Marcucci junto al intendente de Armstrong Pablo Verdecchia, el Pte del Concejo Adrian Marozzi y la concejal Daniela P\u00e9rez, a trav\u00e9s de <a href=\"https:\/\/armstrongyregion.com.ar\/diario\/el-radicalismo-de-armstrong-llamo-a-votar-por-macri-binner-este-domingo\/\" title=\"Read more\" >&#8230;<\/a><\/p>\n","protected":false},"author":2,"featured_media":4662,"comment_status":"open","ping_status":"open","sticky":false,"template":"","format":"standard","meta":{"_jetpack_memberships_contains_paid_content":false,"footnotes":"","jetpack_publicize_message":"","jetpack_publicize_feature_enabled":true,"jetpack_social_post_already_shared":false,"jetpack_social_options":{"image_generator_settings":{"template":"highway","default_image_id":0,"enabled":false},"version":2}},"categories":[8,1,2,7,3],"tags":[2993],"class_list":["post-4660","post","type-post","status-publish","format-standard","has-post-thumbnail","hentry","category-deliberando","category-diario-armstrong","category-locales","category-politica","category-region","tag-el-radicalismo-de-armstrong-llamo-a-votar-por-macri-binner-este-domingo"],"jetpack_publicize_connections":[],"jetpack_featured_media_url":"https:\/\/armstrongyregion.com.ar\/diario\/wp-content\/uploads\/2015\/10\/IMG-20151021-WA0010.jpg","jetpack_shortlink":"https:\/\/wp.me\/p62QDO-1da","jetpack_sharing_enabled":true,"amp_enabled":true,"_links":{"self":[{"href":"https:\/\/armstrongyregion.com.ar\/diario\/wp-json\/wp\/v2\/posts\/4660","targetHints":{"allow":["GET"]}}],"collection":[{"href":"https:\/\/armstrongyregion.com.ar\/diario\/wp-json\/wp\/v2\/posts"}],"about":[{"href":"https:\/\/armstrongyregion.com.ar\/diario\/wp-json\/wp\/v2\/types\/post"}],"author":[{"embeddable":true,"href":"https:\/\/armstrongyregion.com.ar\/diario\/wp-json\/wp\/v2\/users\/2"}],"replies":[{"embeddable":true,"href":"https:\/\/armstrongyregion.com.ar\/diario\/wp-json\/wp\/v2\/comments?post=4660"}],"version-history":[{"count":0,"href":"https:\/\/armstrongyregion.com.ar\/diario\/wp-json\/wp\/v2\/posts\/4660\/revisions"}],"wp:featuredmedia":[{"embeddable":true,"href":"https:\/\/armstrongyregion.com.ar\/diario\/wp-json\/wp\/v2\/media\/4662"}],"wp:attachment":[{"href":"https:\/\/armstrongyregion.com.ar\/diario\/wp-json\/wp\/v2\/media?parent=4660"}],"wp:term":[{"taxonomy":"category","embeddable":true,"href":"https:\/\/armstrongyregion.com.ar\/diario\/wp-json\/wp\/v2\/categories?post=4660"},{"taxonomy":"post_tag","embeddable":true,"href":"https:\/\/armstrongyregion.com.ar\/diario\/wp-json\/wp\/v2\/tags?post=4660"}],"curies":[{"name":"wp","href":"https:\/\/api.w.org\/{rel}","templated":true}]}}