{"id":46584,"date":"2025-06-17T20:43:09","date_gmt":"2025-06-17T20:43:09","guid":{"rendered":"https:\/\/armstrongyregion.com.ar\/diario\/?p=46584"},"modified":"2025-06-17T20:43:12","modified_gmt":"2025-06-17T20:43:12","slug":"educacion-mas-de-9-mil-docentes-ya-se-anotaron-a-la-capacitacion-inclusion-educativa-herramientas-para-el-aula","status":"publish","type":"post","link":"https:\/\/armstrongyregion.com.ar\/diario\/educacion-mas-de-9-mil-docentes-ya-se-anotaron-a-la-capacitacion-inclusion-educativa-herramientas-para-el-aula\/","title":{"rendered":"Educaci\u00f3n: m\u00e1s de 9 mil docentes ya se anotaron a la capacitaci\u00f3n \u201cInclusi\u00f3n Educativa: herramientas para el aula\u201d"},"content":{"rendered":"\n<figure class=\"wp-block-image size-full\"><img loading=\"lazy\" decoding=\"async\" width=\"570\" height=\"320\" src=\"http:\/\/armstrongyregion.com.ar\/diario\/wp-content\/uploads\/2025\/06\/INCLUSION-EDUCATIVA-.jpg\" alt=\"\" class=\"wp-image-46585\" srcset=\"https:\/\/armstrongyregion.com.ar\/diario\/wp-content\/uploads\/2025\/06\/INCLUSION-EDUCATIVA-.jpg 570w, https:\/\/armstrongyregion.com.ar\/diario\/wp-content\/uploads\/2025\/06\/INCLUSION-EDUCATIVA--300x168.jpg 300w\" sizes=\"auto, (max-width: 570px) 100vw, 570px\" \/><\/figure>\n\n\n\n<h2 class=\"wp-block-heading\">La propuesta est\u00e1 destinada a docentes de todos los niveles y modalidades del sistema educativo de la provincia de Santa Fe. Es virtual, asincr\u00f3nica y autogestionada, y cuenta con la participaci\u00f3n de reconocidos profesionales de la educaci\u00f3n inclusiva. Hay tiempo de inscribirse hasta el jueves 19 de junio.<\/h2>\n\n\n\n<p>El Gobierno de Santa Fe, a trav\u00e9s del Ministerio de Educaci\u00f3n, lanz\u00f3 la capacitaci\u00f3n \u201cInclusi\u00f3n Educativa: herramientas para el aula\u201d destinada a docentes de todos los niveles y modalidades del sistema educativo del territorio santafesino que hasta el d\u00eda de hoy ya lleva unos 9.169 anotados. La inscripci\u00f3n est\u00e1 abierta hasta el 19 de junio en&nbsp;<a href=\"https:\/\/campuseducativo.santafe.edu.ar\/reedicion-2025-inclusion-educativa\/\" target=\"_blank\" rel=\"noreferrer noopener\">https:\/\/campuseducativo.santafe.edu.ar\/reedicion-2025-inclusion-educativa\/<\/a>.<\/p>\n\n\n\n<p>La propuesta constar\u00e1 de seis encuentros y ser\u00e1 totalmente virtual, asincr\u00f3nica y autogestionada con evaluaciones por m\u00f3dulo y tendr\u00e1 un examen final. Contar\u00e1, adem\u00e1s, con la participaci\u00f3n de reconocidos profesionales de nivel nacional y referentes en el \u00e1mbito de la educaci\u00f3n inclusiva.<\/p>\n\n\n\n<p>\u201cEsta capacitaci\u00f3n reeditada y actualizada en 2025 se desarrolla en respuesta a la alta demanda docente y la necesidad de seguir fortaleciendo pr\u00e1cticas pedag\u00f3gicas inclusivas y tiene como objetivo brindar estrategias concretas y herramientas para abordar la diversidad en el aula, partiendo de las singularidades de cada estudiante\u201d, sostuvo la subsecretaria de Inclusi\u00f3n, Betina Florito.<\/p>\n\n\n\n<p>Cabe destacar que una vez cerrada la inscripci\u00f3n, los participantes ser\u00e1n matriculados autom\u00e1ticamente en las aulas correspondientes de la Plataforma Educativa.<\/p>\n\n\n\n<p>A continuaci\u00f3n se detalla el temario y los disertantes:<\/p>\n\n\n\n<p>Encuentro 1:<br>* Lic. Liliana Gonz\u00e1lez (C\u00f3rdoba) &#8211; \u201cEl desaf\u00edo de la inclusi\u00f3n hoy\u201d.<\/p>\n\n\n\n<p>Encuentro 2:<br>* Lic. Mar\u00eda Salom\u00f3n (C\u00f3rdoba) &#8211; \u201cEl aula inclusiva. Propuesta pedag\u00f3gica inclusiva\u201d.<\/p>\n\n\n\n<p>Encuentro 3:<br>* Lic. Antonella Zampini &#8211; Panaacea (Bs. As) &#8211; \u201cCondici\u00f3n del autismo\u201d.<\/p>\n\n\n\n<p>Encuentro 4:<br>* Dra. Liliana Fonseca (Bs. As) \u2013 \u201cDificultades espec\u00edficas del aprendizaje\u201d.<\/p>\n\n\n\n<p>Encuentro 5:<br>* Lic. Mariana Ferrando (Santa Fe) &#8211; \u201cAccesibilidad en la educaci\u00f3n\u201d.<br>* Lic. Mar\u00eda In\u00e9s Vega (Santa Fe) &#8211; \u201cAccesibilidad en la educaci\u00f3n\u201d.<\/p>\n\n\n\n<p>Encuentro 6:<br>* Lic. Gisela Ortiz (Santa Fe) &#8211; \u201cBarreras en el aprendizaje\u201d.<br>* Prof. Carolina Ojeda (Santa Fe) &#8211; \u201cBarreras en el aprendizaje\u201d.<\/p>\n","protected":false},"excerpt":{"rendered":"<p>Educaci\u00f3n: m\u00e1s de 9 mil docentes ya se anotaron a la capacitaci\u00f3n \u201cInclusi\u00f3n Educativa: herramientas para el aula\u201d<\/p>\n","protected":false},"author":1,"featured_media":46585,"comment_status":"open","ping_status":"open","sticky":false,"template":"","format":"image","meta":{"_jetpack_memberships_contains_paid_content":false,"footnotes":"","jetpack_publicize_message":"","jetpack_publicize_feature_enabled":true,"jetpack_social_post_already_shared":true,"jetpack_social_options":{"image_generator_settings":{"template":"highway","default_image_id":0,"enabled":false},"version":2}},"categories":[6,8,1,2,7,3],"tags":[11837,1292,5030,11836,11839,11838],"class_list":["post-46584","post","type-post","status-publish","format-image","has-post-thumbnail","hentry","category-cultura-entretenimiento","category-deliberando","category-diario-armstrong","category-locales","category-politica","category-region","tag-9-mil-docentes","tag-capacitacion","tag-diario-armstrong","tag-educacion-4","tag-herramientas-para-el-aula","tag-inclusion-educativa","post_format-post-format-image"],"jetpack_publicize_connections":[],"jetpack_featured_media_url":"https:\/\/armstrongyregion.com.ar\/diario\/wp-content\/uploads\/2025\/06\/INCLUSION-EDUCATIVA-.jpg","jetpack_shortlink":"https:\/\/wp.me\/p62QDO-c7m","jetpack_sharing_enabled":true,"amp_enabled":true,"_links":{"self":[{"href":"https:\/\/armstrongyregion.com.ar\/diario\/wp-json\/wp\/v2\/posts\/46584","targetHints":{"allow":["GET"]}}],"collection":[{"href":"https:\/\/armstrongyregion.com.ar\/diario\/wp-json\/wp\/v2\/posts"}],"about":[{"href":"https:\/\/armstrongyregion.com.ar\/diario\/wp-json\/wp\/v2\/types\/post"}],"author":[{"embeddable":true,"href":"https:\/\/armstrongyregion.com.ar\/diario\/wp-json\/wp\/v2\/users\/1"}],"replies":[{"embeddable":true,"href":"https:\/\/armstrongyregion.com.ar\/diario\/wp-json\/wp\/v2\/comments?post=46584"}],"version-history":[{"count":1,"href":"https:\/\/armstrongyregion.com.ar\/diario\/wp-json\/wp\/v2\/posts\/46584\/revisions"}],"predecessor-version":[{"id":46586,"href":"https:\/\/armstrongyregion.com.ar\/diario\/wp-json\/wp\/v2\/posts\/46584\/revisions\/46586"}],"wp:featuredmedia":[{"embeddable":true,"href":"https:\/\/armstrongyregion.com.ar\/diario\/wp-json\/wp\/v2\/media\/46585"}],"wp:attachment":[{"href":"https:\/\/armstrongyregion.com.ar\/diario\/wp-json\/wp\/v2\/media?parent=46584"}],"wp:term":[{"taxonomy":"category","embeddable":true,"href":"https:\/\/armstrongyregion.com.ar\/diario\/wp-json\/wp\/v2\/categories?post=46584"},{"taxonomy":"post_tag","embeddable":true,"href":"https:\/\/armstrongyregion.com.ar\/diario\/wp-json\/wp\/v2\/tags?post=46584"}],"curies":[{"name":"wp","href":"https:\/\/api.w.org\/{rel}","templated":true}]}}