{"id":46568,"date":"2025-06-17T02:14:31","date_gmt":"2025-06-17T02:14:31","guid":{"rendered":"https:\/\/armstrongyregion.com.ar\/diario\/?p=46568"},"modified":"2025-06-17T02:14:33","modified_gmt":"2025-06-17T02:14:33","slug":"encuentro-de-tenis-adaptado-en-armstrong","status":"publish","type":"post","link":"https:\/\/armstrongyregion.com.ar\/diario\/encuentro-de-tenis-adaptado-en-armstrong\/","title":{"rendered":"Encuentro de tenis adaptado en Armstrong."},"content":{"rendered":"\n<h2 class=\"wp-block-heading\">Los concejales Jes\u00fas Urqu\u00eda (Armstrong) y Marcos Di Santo (Las Rosas) participaron en la jornada deportiva realizada en Club Defensores.<\/h2>\n\n\n\n<figure class=\"wp-block-image size-large\"><img loading=\"lazy\" decoding=\"async\" width=\"480\" height=\"480\" src=\"http:\/\/armstrongyregion.com.ar\/diario\/wp-content\/uploads\/2025\/06\/tenis-adaptado-jesus--480x480.jpg\" alt=\"\" class=\"wp-image-46571\" srcset=\"https:\/\/armstrongyregion.com.ar\/diario\/wp-content\/uploads\/2025\/06\/tenis-adaptado-jesus--480x480.jpg 480w, https:\/\/armstrongyregion.com.ar\/diario\/wp-content\/uploads\/2025\/06\/tenis-adaptado-jesus--300x300.jpg 300w, https:\/\/armstrongyregion.com.ar\/diario\/wp-content\/uploads\/2025\/06\/tenis-adaptado-jesus--150x150.jpg 150w, https:\/\/armstrongyregion.com.ar\/diario\/wp-content\/uploads\/2025\/06\/tenis-adaptado-jesus-.jpg 720w\" sizes=\"auto, (max-width: 480px) 100vw, 480px\" \/><\/figure>\n\n\n\n<p>El grupo de Inclusi\u00f3n Deportiva Adaptada de Las Rosas, como lo hace habitualmente, particip\u00f3 este lunes en un encuentro de tenis en el club Defensores de Armstrong, organizado por la Escuela Deportiva \u00abFacu Bagnis\u00bb. <strong>Este evento promueve la integraci\u00f3n y el disfrute del deporte entre j\u00f3venes con discapacidad de la regi\u00f3n.<\/strong><\/p>\n\n\n\n<figure class=\"wp-block-image size-large\"><img loading=\"lazy\" decoding=\"async\" width=\"640\" height=\"430\" src=\"http:\/\/armstrongyregion.com.ar\/diario\/wp-content\/uploads\/2025\/06\/marcos-di-santo-16-06-25-1-640x430.jpg\" alt=\"\" class=\"wp-image-46572\" srcset=\"https:\/\/armstrongyregion.com.ar\/diario\/wp-content\/uploads\/2025\/06\/marcos-di-santo-16-06-25-1-640x430.jpg 640w, https:\/\/armstrongyregion.com.ar\/diario\/wp-content\/uploads\/2025\/06\/marcos-di-santo-16-06-25-1-300x201.jpg 300w, https:\/\/armstrongyregion.com.ar\/diario\/wp-content\/uploads\/2025\/06\/marcos-di-santo-16-06-25-1.jpg 645w\" sizes=\"auto, (max-width: 640px) 100vw, 640px\" \/><\/figure>\n\n\n\n<p><strong>Las jornada cont\u00f3 con la presencia del reconocido impulsor de actividades para personas con discapacidad, concejal armstronense \u00a0Jes\u00fas Urqu\u00eda -quien es padre de un joven con discapacidad-, Viviana Dial, ex directora de la escuela especial 2100 y el concejal rosense Marcos Di Santo<\/strong>.<\/p>\n\n\n\n<h3 class=\"wp-block-heading\"><\/h3>\n\n\n\n<figure class=\"wp-block-image size-full\"><img loading=\"lazy\" decoding=\"async\" width=\"360\" height=\"396\" src=\"http:\/\/armstrongyregion.com.ar\/diario\/wp-content\/uploads\/2025\/06\/pepei-tenis-.jpg\" alt=\"\" class=\"wp-image-46574\" srcset=\"https:\/\/armstrongyregion.com.ar\/diario\/wp-content\/uploads\/2025\/06\/pepei-tenis-.jpg 360w, https:\/\/armstrongyregion.com.ar\/diario\/wp-content\/uploads\/2025\/06\/pepei-tenis--273x300.jpg 273w\" sizes=\"auto, (max-width: 360px) 100vw, 360px\" \/><\/figure>\n\n\n\n<figure class=\"wp-block-image size-large\"><img loading=\"lazy\" decoding=\"async\" width=\"362\" height=\"480\" src=\"http:\/\/armstrongyregion.com.ar\/diario\/wp-content\/uploads\/2025\/06\/medalla-tenis-adaptado-16-06-25-362x480.jpg\" alt=\"\" class=\"wp-image-46570\" srcset=\"https:\/\/armstrongyregion.com.ar\/diario\/wp-content\/uploads\/2025\/06\/medalla-tenis-adaptado-16-06-25-362x480.jpg 362w, https:\/\/armstrongyregion.com.ar\/diario\/wp-content\/uploads\/2025\/06\/medalla-tenis-adaptado-16-06-25-226x300.jpg 226w, https:\/\/armstrongyregion.com.ar\/diario\/wp-content\/uploads\/2025\/06\/medalla-tenis-adaptado-16-06-25.jpg 489w\" sizes=\"auto, (max-width: 362px) 100vw, 362px\" \/><\/figure>\n\n\n\n<p>La iniciativa busca generar un espacio de participaci\u00f3n y alegr\u00eda para los j\u00f3venes y sus familias, y el encuentro subraya la importancia de la inclusi\u00f3n en el \u00e1mbito deportivo. Estas actividades no solo ofrecen un espacio para el desarrollo f\u00edsico, sino que tambi\u00e9n fomentan la socializaci\u00f3n y el bienestar emocional de los participantes. La continua invitaci\u00f3n a este tipo de eventos refuerza el compromiso con la creaci\u00f3n de oportunidades para todos.<\/p>\n\n\n\n<figure class=\"wp-block-image size-full\"><img loading=\"lazy\" decoding=\"async\" width=\"480\" height=\"318\" src=\"http:\/\/armstrongyregion.com.ar\/diario\/wp-content\/uploads\/2025\/06\/tenis-portada-.jpg\" alt=\"\" class=\"wp-image-46573\" srcset=\"https:\/\/armstrongyregion.com.ar\/diario\/wp-content\/uploads\/2025\/06\/tenis-portada-.jpg 480w, https:\/\/armstrongyregion.com.ar\/diario\/wp-content\/uploads\/2025\/06\/tenis-portada--300x199.jpg 300w\" sizes=\"auto, (max-width: 480px) 100vw, 480px\" \/><\/figure>\n\n\n\n<h3 class=\"wp-block-heading\">&nbsp;Apoyo pol\u00edtico y comunitario<\/h3>\n\n\n\n<p>La participaci\u00f3n de figuras como los concejales Urqu\u00eda y Di Santo, junto con la ex directora Viviana Dial, destaca el respaldo tanto pol\u00edtico como comunitario a estas iniciativas. Su presencia no solo brinda apoyo log\u00edstico, sino que tambi\u00e9n visibiliza la necesidad de continuar promoviendo la inclusi\u00f3n y el acceso al deporte para personas con discapacidad.<\/p>\n\n\n\n<p>Fuente: Las Rosas Digital.<\/p>\n","protected":false},"excerpt":{"rendered":"<p>Encuentro de tenis adaptado en Armstrong.<\/p>\n","protected":false},"author":1,"featured_media":46571,"comment_status":"open","ping_status":"open","sticky":false,"template":"","format":"image","meta":{"_jetpack_memberships_contains_paid_content":false,"footnotes":"","jetpack_publicize_message":"","jetpack_publicize_feature_enabled":true,"jetpack_social_post_already_shared":true,"jetpack_social_options":{"image_generator_settings":{"template":"highway","default_image_id":0,"enabled":false},"version":2}},"categories":[6,8,5,1,2,7,3],"tags":[8774,11828,11829,5030,63,2264],"class_list":["post-46568","post","type-post","status-publish","format-image","has-post-thumbnail","hentry","category-cultura-entretenimiento","category-deliberando","category-deportes","category-diario-armstrong","category-locales","category-politica","category-region","tag-adaptado","tag-concejal-jesus-urquia","tag-concejal-marcos-di-santo","tag-diario-armstrong","tag-encuentro","tag-tenis","post_format-post-format-image"],"jetpack_publicize_connections":[],"jetpack_featured_media_url":"https:\/\/armstrongyregion.com.ar\/diario\/wp-content\/uploads\/2025\/06\/tenis-adaptado-jesus-.jpg","jetpack_shortlink":"https:\/\/wp.me\/p62QDO-c76","jetpack_sharing_enabled":true,"amp_enabled":true,"_links":{"self":[{"href":"https:\/\/armstrongyregion.com.ar\/diario\/wp-json\/wp\/v2\/posts\/46568","targetHints":{"allow":["GET"]}}],"collection":[{"href":"https:\/\/armstrongyregion.com.ar\/diario\/wp-json\/wp\/v2\/posts"}],"about":[{"href":"https:\/\/armstrongyregion.com.ar\/diario\/wp-json\/wp\/v2\/types\/post"}],"author":[{"embeddable":true,"href":"https:\/\/armstrongyregion.com.ar\/diario\/wp-json\/wp\/v2\/users\/1"}],"replies":[{"embeddable":true,"href":"https:\/\/armstrongyregion.com.ar\/diario\/wp-json\/wp\/v2\/comments?post=46568"}],"version-history":[{"count":1,"href":"https:\/\/armstrongyregion.com.ar\/diario\/wp-json\/wp\/v2\/posts\/46568\/revisions"}],"predecessor-version":[{"id":46575,"href":"https:\/\/armstrongyregion.com.ar\/diario\/wp-json\/wp\/v2\/posts\/46568\/revisions\/46575"}],"wp:featuredmedia":[{"embeddable":true,"href":"https:\/\/armstrongyregion.com.ar\/diario\/wp-json\/wp\/v2\/media\/46571"}],"wp:attachment":[{"href":"https:\/\/armstrongyregion.com.ar\/diario\/wp-json\/wp\/v2\/media?parent=46568"}],"wp:term":[{"taxonomy":"category","embeddable":true,"href":"https:\/\/armstrongyregion.com.ar\/diario\/wp-json\/wp\/v2\/categories?post=46568"},{"taxonomy":"post_tag","embeddable":true,"href":"https:\/\/armstrongyregion.com.ar\/diario\/wp-json\/wp\/v2\/tags?post=46568"}],"curies":[{"name":"wp","href":"https:\/\/api.w.org\/{rel}","templated":true}]}}