{"id":46565,"date":"2025-06-17T01:11:54","date_gmt":"2025-06-17T01:11:54","guid":{"rendered":"https:\/\/armstrongyregion.com.ar\/diario\/?p=46565"},"modified":"2025-06-17T01:11:56","modified_gmt":"2025-06-17T01:11:56","slug":"deliberando-programa-especial-elecciones-2025","status":"publish","type":"post","link":"https:\/\/armstrongyregion.com.ar\/diario\/deliberando-programa-especial-elecciones-2025\/","title":{"rendered":"DELIBERANDO: Programa Especial Elecciones 2025."},"content":{"rendered":"\n<figure class=\"wp-block-image size-large\"><img loading=\"lazy\" decoding=\"async\" width=\"480\" height=\"480\" src=\"http:\/\/armstrongyregion.com.ar\/diario\/wp-content\/uploads\/2025\/06\/concejales-17-de-junio--480x480.jpg\" alt=\"\" class=\"wp-image-46566\" srcset=\"https:\/\/armstrongyregion.com.ar\/diario\/wp-content\/uploads\/2025\/06\/concejales-17-de-junio--480x480.jpg 480w, https:\/\/armstrongyregion.com.ar\/diario\/wp-content\/uploads\/2025\/06\/concejales-17-de-junio--300x300.jpg 300w, https:\/\/armstrongyregion.com.ar\/diario\/wp-content\/uploads\/2025\/06\/concejales-17-de-junio--150x150.jpg 150w, https:\/\/armstrongyregion.com.ar\/diario\/wp-content\/uploads\/2025\/06\/concejales-17-de-junio--768x768.jpg 768w, https:\/\/armstrongyregion.com.ar\/diario\/wp-content\/uploads\/2025\/06\/concejales-17-de-junio-.jpg 800w\" sizes=\"auto, (max-width: 480px) 100vw, 480px\" \/><\/figure>\n\n\n\n<p>Este <strong>martes 17 de junio a las 21 hs<\/strong>, prep\u00e1rate para una edici\u00f3n especial y crucial de <strong>DELIBERANDO<\/strong> por <strong>C<\/strong>IA. En la antesala de las elecciones del 29 de junio, donde Armstrong elegir\u00e1 a sus nuevos concejales, tendremos un debate fundamental con los protagonistas que buscan ocupar una de las tres bancas en el Concejo Deliberante local.<\/p>\n\n\n\n<p>Contaremos con la presencia de:<\/p>\n\n\n\n<ul class=\"wp-block-list\">\n<li><strong>Facundo Amil<\/strong> (Somos Armstrong)<\/li>\n\n\n\n<li><strong>Pelu Lencina<\/strong> (Armstrong con Fe)<\/li>\n\n\n\n<li><strong>Jorge Urquia<\/strong> (La Libertad Avanza)<\/li>\n<\/ul>\n\n\n\n<p>No te pierdas la oportunidad de conocer a fondo a quienes aspiran a representarte. Los candidatos nos contar\u00e1n sus motivaciones para llegar al Concejo y c\u00f3mo planean impulsar el <strong>desarrollo econ\u00f3mico<\/strong> de nuestra ciudad, abordando temas clave como la <strong>industria, las viviendas y la mejora de los servicios p\u00fablicos<\/strong>. Tambi\u00e9n nos detallar\u00e1n los proyectos de sus respectivos equipos en \u00e1reas tan importantes como la <strong>gesti\u00f3n de residuos<\/strong> y las <strong>obras p\u00fablicas<\/strong>.<\/p>\n\n\n\n<p>En un escenario donde ninguno de ellos presenta candidato a intendente, ser\u00e1 clave conocer <strong>a qui\u00e9n apoyar\u00e1n en este rubro<\/strong>. Adem\u00e1s, nos brindar\u00e1n su visi\u00f3n sobre la <strong>labor del actual Concejo Deliberante<\/strong> y expondr\u00e1n las <strong>diferencias que distinguen a cada propuesta<\/strong>.<\/p>\n\n\n\n<p>Para finalizar, los candidatos dejar\u00e1n un <strong>mensaje especial a los vecinos de Armstrong<\/strong>, buscando motivar la participaci\u00f3n ciudadana en las pr\u00f3ximas elecciones y la importancia de informarse sobre cada una de las propuestas.<\/p>\n\n\n\n<p><strong> Tu voto informado es fundamental para el futuro de Armstrong.<\/strong><\/p>\n","protected":false},"excerpt":{"rendered":"<p>DELIBERANDO: Programa Especial Elecciones 2025.<\/p>\n","protected":false},"author":1,"featured_media":46566,"comment_status":"open","ping_status":"open","sticky":false,"template":"","format":"image","meta":{"_jetpack_memberships_contains_paid_content":false,"footnotes":"","jetpack_publicize_message":"","jetpack_publicize_feature_enabled":true,"jetpack_social_post_already_shared":true,"jetpack_social_options":{"image_generator_settings":{"template":"highway","default_image_id":0,"enabled":false},"version":2}},"categories":[8,1,2,7,3],"tags":[44,5030,11457,656,9346,8777,582],"class_list":["post-46565","post","type-post","status-publish","format-image","has-post-thumbnail","hentry","category-deliberando","category-diario-armstrong","category-locales","category-politica","category-region","tag-deliberando-2","tag-diario-armstrong","tag-elecciones-2025","tag-especial","tag-graciela-de-la-casa","tag-lic-graciela-de-la-casa","tag-programa","post_format-post-format-image"],"jetpack_publicize_connections":[],"jetpack_featured_media_url":"https:\/\/armstrongyregion.com.ar\/diario\/wp-content\/uploads\/2025\/06\/concejales-17-de-junio-.jpg","jetpack_shortlink":"https:\/\/wp.me\/p62QDO-c73","jetpack_sharing_enabled":true,"amp_enabled":true,"_links":{"self":[{"href":"https:\/\/armstrongyregion.com.ar\/diario\/wp-json\/wp\/v2\/posts\/46565","targetHints":{"allow":["GET"]}}],"collection":[{"href":"https:\/\/armstrongyregion.com.ar\/diario\/wp-json\/wp\/v2\/posts"}],"about":[{"href":"https:\/\/armstrongyregion.com.ar\/diario\/wp-json\/wp\/v2\/types\/post"}],"author":[{"embeddable":true,"href":"https:\/\/armstrongyregion.com.ar\/diario\/wp-json\/wp\/v2\/users\/1"}],"replies":[{"embeddable":true,"href":"https:\/\/armstrongyregion.com.ar\/diario\/wp-json\/wp\/v2\/comments?post=46565"}],"version-history":[{"count":1,"href":"https:\/\/armstrongyregion.com.ar\/diario\/wp-json\/wp\/v2\/posts\/46565\/revisions"}],"predecessor-version":[{"id":46567,"href":"https:\/\/armstrongyregion.com.ar\/diario\/wp-json\/wp\/v2\/posts\/46565\/revisions\/46567"}],"wp:featuredmedia":[{"embeddable":true,"href":"https:\/\/armstrongyregion.com.ar\/diario\/wp-json\/wp\/v2\/media\/46566"}],"wp:attachment":[{"href":"https:\/\/armstrongyregion.com.ar\/diario\/wp-json\/wp\/v2\/media?parent=46565"}],"wp:term":[{"taxonomy":"category","embeddable":true,"href":"https:\/\/armstrongyregion.com.ar\/diario\/wp-json\/wp\/v2\/categories?post=46565"},{"taxonomy":"post_tag","embeddable":true,"href":"https:\/\/armstrongyregion.com.ar\/diario\/wp-json\/wp\/v2\/tags?post=46565"}],"curies":[{"name":"wp","href":"https:\/\/api.w.org\/{rel}","templated":true}]}}