{"id":46549,"date":"2025-06-15T14:27:26","date_gmt":"2025-06-15T14:27:26","guid":{"rendered":"https:\/\/armstrongyregion.com.ar\/diario\/?p=46549"},"modified":"2025-06-15T21:29:33","modified_gmt":"2025-06-15T21:29:33","slug":"armstrong-nuevo-encuentro-con-grupos-de-danzas","status":"publish","type":"post","link":"https:\/\/armstrongyregion.com.ar\/diario\/armstrong-nuevo-encuentro-con-grupos-de-danzas\/","title":{"rendered":"Armstrong. Nuevo encuentro con grupos de danzas."},"content":{"rendered":"\n<figure class=\"wp-block-image size-large\"><img loading=\"lazy\" decoding=\"async\" width=\"640\" height=\"427\" src=\"http:\/\/armstrongyregion.com.ar\/diario\/wp-content\/uploads\/2025\/06\/DANZAS-1--640x427.jpg\" alt=\"\" class=\"wp-image-46550\" srcset=\"https:\/\/armstrongyregion.com.ar\/diario\/wp-content\/uploads\/2025\/06\/DANZAS-1--640x427.jpg 640w, https:\/\/armstrongyregion.com.ar\/diario\/wp-content\/uploads\/2025\/06\/DANZAS-1--300x200.jpg 300w, https:\/\/armstrongyregion.com.ar\/diario\/wp-content\/uploads\/2025\/06\/DANZAS-1-.jpg 725w\" sizes=\"auto, (max-width: 640px) 100vw, 640px\" \/><\/figure>\n\n\n\n<p>Como hab\u00eda sucedido en el inicio del a\u00f1o, este jueves 12 de junio se concret\u00f3 un nuevo<br>encuentro del Intendente Guillermo Luzzi acompa\u00f1ado por la secretaria de Educaci\u00f3n y<br>Desarrollo Integral Rosana Siri con los responsables y representantes de los grupos de<br>danzas folcl\u00f3ricas argentinas y latinoamericanas de la ciudad.<\/p>\n\n\n\n<figure class=\"wp-block-image size-large\"><img loading=\"lazy\" decoding=\"async\" width=\"640\" height=\"427\" src=\"http:\/\/armstrongyregion.com.ar\/diario\/wp-content\/uploads\/2025\/06\/DANZAS-3--640x427.jpg\" alt=\"\" class=\"wp-image-46551\" srcset=\"https:\/\/armstrongyregion.com.ar\/diario\/wp-content\/uploads\/2025\/06\/DANZAS-3--640x427.jpg 640w, https:\/\/armstrongyregion.com.ar\/diario\/wp-content\/uploads\/2025\/06\/DANZAS-3--300x200.jpg 300w, https:\/\/armstrongyregion.com.ar\/diario\/wp-content\/uploads\/2025\/06\/DANZAS-3-.jpg 663w\" sizes=\"auto, (max-width: 640px) 100vw, 640px\" \/><\/figure>\n\n\n\n<p><br>El prop\u00f3sito del mismo fue dialogar sobre las actividades que cada uno de ellos est\u00e1n<br>desarrollando en distintas pe\u00f1as y eventos, as\u00ed como tambi\u00e9n realizar la entrega de un<br>aporte econ\u00f3mico para el segundo semestre del a\u00f1o en curso.<\/p>\n\n\n\n<figure class=\"wp-block-image size-large\"><img loading=\"lazy\" decoding=\"async\" width=\"640\" height=\"426\" src=\"http:\/\/armstrongyregion.com.ar\/diario\/wp-content\/uploads\/2025\/06\/DANZAS-2--640x426.jpg\" alt=\"\" class=\"wp-image-46552\" srcset=\"https:\/\/armstrongyregion.com.ar\/diario\/wp-content\/uploads\/2025\/06\/DANZAS-2--640x426.jpg 640w, https:\/\/armstrongyregion.com.ar\/diario\/wp-content\/uploads\/2025\/06\/DANZAS-2--300x200.jpg 300w, https:\/\/armstrongyregion.com.ar\/diario\/wp-content\/uploads\/2025\/06\/DANZAS-2-.jpg 677w\" sizes=\"auto, (max-width: 640px) 100vw, 640px\" \/><\/figure>\n\n\n\n<p><br>Este aporte busca acompa\u00f1ar y fortalecer sus actividades realizadas o por realizarse por<br>cada grupo, incluyendo el armado de vestuarios, participaci\u00f3n en capacitaciones y otras<br>iniciativas relacionadas.<\/p>\n\n\n\n<figure class=\"wp-block-image size-large\"><img loading=\"lazy\" decoding=\"async\" width=\"640\" height=\"427\" src=\"http:\/\/armstrongyregion.com.ar\/diario\/wp-content\/uploads\/2025\/06\/DANZAS-4--640x427.jpg\" alt=\"\" class=\"wp-image-46553\" srcset=\"https:\/\/armstrongyregion.com.ar\/diario\/wp-content\/uploads\/2025\/06\/DANZAS-4--640x427.jpg 640w, https:\/\/armstrongyregion.com.ar\/diario\/wp-content\/uploads\/2025\/06\/DANZAS-4--300x200.jpg 300w, https:\/\/armstrongyregion.com.ar\/diario\/wp-content\/uploads\/2025\/06\/DANZAS-4-.jpg 736w\" sizes=\"auto, (max-width: 640px) 100vw, 640px\" \/><\/figure>\n\n\n\n<p><br>Los grupos son: Fundaci\u00f3n Bemba Color\u00e1 dirigida por el Prof. Mauricio Verstraete, Warmi a<br>cargo de la Prof. Soledad G\u00f3mez que desarrolla sus clases en Club Norte, el grupo Francisco<br>Maldonado a cargo del Prof. Nuny Maldonado en Club Mickey, la Prof. Ang\u00e9lica Pasquali con Mis<br>Ra\u00edces Bailan en Club Hurac\u00e1n, en Club Estudiantes las clases de Aires de Tradici\u00f3n con la<br>Prof. Glenda Pieve, el C.T. El Tropero con sus ballets infantil y juvenil dirigidos por los Prof.<br>Alejandra Cabrera y Franco Ariza, y Peregrinas, el grupo de adultos dirigido por la Prof.<br>Mercedes Bylo.<\/p>\n","protected":false},"excerpt":{"rendered":"<p>Armstrong. Nuevo encuentro con grupos de danzas.<\/p>\n","protected":false},"author":1,"featured_media":46550,"comment_status":"open","ping_status":"open","sticky":false,"template":"","format":"image","meta":{"_jetpack_memberships_contains_paid_content":false,"footnotes":"","jetpack_publicize_message":"","jetpack_publicize_feature_enabled":true,"jetpack_social_post_already_shared":true,"jetpack_social_options":{"image_generator_settings":{"template":"highway","default_image_id":0,"enabled":false},"version":2}},"categories":[8,1,2,7,3],"tags":[20,946,63,665,51],"class_list":["post-46549","post","type-post","status-publish","format-image","has-post-thumbnail","hentry","category-deliberando","category-diario-armstrong","category-locales","category-politica","category-region","tag-armstrong","tag-danzas","tag-encuentro","tag-grupos","tag-nuevo","post_format-post-format-image"],"jetpack_publicize_connections":[],"jetpack_featured_media_url":"https:\/\/armstrongyregion.com.ar\/diario\/wp-content\/uploads\/2025\/06\/DANZAS-1-.jpg","jetpack_shortlink":"https:\/\/wp.me\/p62QDO-c6N","jetpack_sharing_enabled":true,"amp_enabled":true,"_links":{"self":[{"href":"https:\/\/armstrongyregion.com.ar\/diario\/wp-json\/wp\/v2\/posts\/46549","targetHints":{"allow":["GET"]}}],"collection":[{"href":"https:\/\/armstrongyregion.com.ar\/diario\/wp-json\/wp\/v2\/posts"}],"about":[{"href":"https:\/\/armstrongyregion.com.ar\/diario\/wp-json\/wp\/v2\/types\/post"}],"author":[{"embeddable":true,"href":"https:\/\/armstrongyregion.com.ar\/diario\/wp-json\/wp\/v2\/users\/1"}],"replies":[{"embeddable":true,"href":"https:\/\/armstrongyregion.com.ar\/diario\/wp-json\/wp\/v2\/comments?post=46549"}],"version-history":[{"count":2,"href":"https:\/\/armstrongyregion.com.ar\/diario\/wp-json\/wp\/v2\/posts\/46549\/revisions"}],"predecessor-version":[{"id":46562,"href":"https:\/\/armstrongyregion.com.ar\/diario\/wp-json\/wp\/v2\/posts\/46549\/revisions\/46562"}],"wp:featuredmedia":[{"embeddable":true,"href":"https:\/\/armstrongyregion.com.ar\/diario\/wp-json\/wp\/v2\/media\/46550"}],"wp:attachment":[{"href":"https:\/\/armstrongyregion.com.ar\/diario\/wp-json\/wp\/v2\/media?parent=46549"}],"wp:term":[{"taxonomy":"category","embeddable":true,"href":"https:\/\/armstrongyregion.com.ar\/diario\/wp-json\/wp\/v2\/categories?post=46549"},{"taxonomy":"post_tag","embeddable":true,"href":"https:\/\/armstrongyregion.com.ar\/diario\/wp-json\/wp\/v2\/tags?post=46549"}],"curies":[{"name":"wp","href":"https:\/\/api.w.org\/{rel}","templated":true}]}}