{"id":46530,"date":"2025-06-11T19:13:09","date_gmt":"2025-06-11T19:13:09","guid":{"rendered":"https:\/\/armstrongyregion.com.ar\/diario\/?p=46530"},"modified":"2025-06-11T19:13:11","modified_gmt":"2025-06-11T19:13:11","slug":"el-bloque-renovacion-por-armstrong-propone-ampliar-el-acceso-a-agua-tratada-y-presenta-un-proyecto-de-ordenanza-que-contempla-el-programa-mi-primer-local","status":"publish","type":"post","link":"https:\/\/armstrongyregion.com.ar\/diario\/el-bloque-renovacion-por-armstrong-propone-ampliar-el-acceso-a-agua-tratada-y-presenta-un-proyecto-de-ordenanza-que-contempla-el-programa-mi-primer-local\/","title":{"rendered":"El bloque Renovaci\u00f3n por Armstrong propone ampliar el acceso a agua tratada y presenta un proyecto de ordenanza que contempla el programa \u00abMi Primer Local\u00bb"},"content":{"rendered":"\n<figure class=\"wp-block-image size-large\"><img loading=\"lazy\" decoding=\"async\" width=\"640\" height=\"426\" src=\"http:\/\/armstrongyregion.com.ar\/diario\/wp-content\/uploads\/2025\/04\/Jesus-Urquia-17-4-25-640x426.jpg\" alt=\"\" class=\"wp-image-45999\" srcset=\"https:\/\/armstrongyregion.com.ar\/diario\/wp-content\/uploads\/2025\/04\/Jesus-Urquia-17-4-25-640x426.jpg 640w, https:\/\/armstrongyregion.com.ar\/diario\/wp-content\/uploads\/2025\/04\/Jesus-Urquia-17-4-25-300x200.jpg 300w, https:\/\/armstrongyregion.com.ar\/diario\/wp-content\/uploads\/2025\/04\/Jesus-Urquia-17-4-25-768x512.jpg 768w, https:\/\/armstrongyregion.com.ar\/diario\/wp-content\/uploads\/2025\/04\/Jesus-Urquia-17-4-25.jpg 800w\" sizes=\"auto, (max-width: 640px) 100vw, 640px\" \/><\/figure>\n\n\n\n<p>El bloque de concejales de Renovaci\u00f3n por Armstrong, encabezado por el Concejal Jes\u00fas Urqu\u00eda, present\u00f3 recientemente dos importantes iniciativas en el Concejo Municipal: una <strong>Minuta de Comunicaci\u00f3n<\/strong> solicitando a la Cooperativa de Obras y Servicios P\u00fablicos de Armstrong la habilitaci\u00f3n de nuevos dispensadores de agua en la planta de \u00f3smosis inversa, y un <strong>Proyecto de Ordenanza<\/strong> para crear el programa municipal \u00abMi Primer Local\u00bb.<\/p>\n\n\n\n<p>En relaci\u00f3n a la provisi\u00f3n de agua tratada, el Concejal Jes\u00fas Urqu\u00eda explic\u00f3 la necesidad de ampliar las bocas de expendio en la planta de \u00f3smosis inversa.<strong> \u00abHemos recibido numerosas inquietudes de vecinos que deben esperar mucho tiempo, con filas largas, especialmente ahora que se acerca el invierno\u00bb,<\/strong> se\u00f1al\u00f3 Urqu\u00eda. La propuesta busca agilizar el acceso al agua, particularmente para las personas mayores, y pone de manifiesto que de los tres dispensadores existentes, solo dos est\u00e1n actualmente en funcionamiento.<strong> \u00abCreemos que incluso con un dispensador m\u00e1s, o la puesta en marcha del que ya existe, podr\u00edamos solucionar este problema\u00bb<\/strong>, afirm\u00f3 el concejal.<\/p>\n\n\n\n<p>Por otro lado, el bloque present\u00f3 el proyecto de ordenanza \u00abMi Primer Local\u00bb, una iniciativa que busca brindar un impulso significativo al ecosistema emprendedor de la ciudad.<strong> \u00abEsta ordenanza tiene la particularidad de generar un programa que incentive a los emprendedores a afianzarse en la comercializaci\u00f3n de sus productos o servicios dentro de la ciudad\u00bb, <\/strong>detall\u00f3 Urqu\u00eda. El programa contempla <strong>exenciones impositivas<\/strong>, <strong>educaci\u00f3n financiera<\/strong>, y la <strong>formulaci\u00f3n de convenios con ONGs y entidades financieras<\/strong> para mejorar el acceso a cr\u00e9ditos y capacitaciones.<\/p>\n\n\n\n<p>El concejal destac\u00f3 que \u00abMi Primer Local\u00bb es una reversi\u00f3n de una ordenanza anterior que buscaba crear un fondo de financiamiento para el emprendedurismo<strong>. \u00abNos pareci\u00f3 m\u00e1s conveniente darle la posibilidad a los emprendedores de desarrollar su actividad, no solo con herramientas financieras, sino tambi\u00e9n con acompa\u00f1amiento del municipio y fomento de la capacitaci\u00f3n\u00bb,<\/strong> sostuvo. Si bien el nombre es simb\u00f3lico, el programa est\u00e1 dirigido a personas mayores de dieciocho a\u00f1os que no hayan tenido un comercio previo a su nombre, buscando darles una oportunidad a quienes reci\u00e9n inician.<\/p>\n\n\n\n<p>Urqu\u00eda hizo hincapi\u00e9 en la importancia de acompa\u00f1ar a los emprendedores en un contexto econ\u00f3mico desafiante.<strong> \u00abHay muchas ganas de emprender, lo vemos en las ferias, en Instagram, en Facebook, mucha gente se est\u00e1 animando. Ser\u00eda muy bueno que el municipio los acompa\u00f1e con exenciones impositivas, un r\u00e9gimen simplificado de habilitaciones y certificaciones, y capacitaci\u00f3n\u00bb,<\/strong> concluy\u00f3 el concejal.<\/p>\n","protected":false},"excerpt":{"rendered":"<p>El bloque Renovaci\u00f3n por Armstrong propone ampliar el acceso a agua tratada y presenta un proyecto de ordenanza que contempla el programa \u00abMi Primer Local\u00bb<\/p>\n","protected":false},"author":1,"featured_media":45999,"comment_status":"open","ping_status":"open","sticky":false,"template":"","format":"image","meta":{"_jetpack_memberships_contains_paid_content":false,"footnotes":"","jetpack_publicize_message":"","jetpack_publicize_feature_enabled":true,"jetpack_social_post_already_shared":true,"jetpack_social_options":{"image_generator_settings":{"template":"highway","default_image_id":0,"enabled":false},"version":2}},"categories":[6,8,1,2,7,3],"tags":[2194,11814,5030,10679,11815,11104,9298],"class_list":["post-46530","post","type-post","status-publish","format-image","has-post-thumbnail","hentry","category-cultura-entretenimiento","category-deliberando","category-diario-armstrong","category-locales","category-politica","category-region","tag-acceso","tag-agua-tratada","tag-diario-armstrong","tag-jesus-urquia","tag-mi-primer-local","tag-proyecto-de-ordenanza","tag-renovacion-por-armstrong","post_format-post-format-image"],"jetpack_publicize_connections":[],"jetpack_featured_media_url":"https:\/\/armstrongyregion.com.ar\/diario\/wp-content\/uploads\/2025\/04\/Jesus-Urquia-17-4-25.jpg","jetpack_shortlink":"https:\/\/wp.me\/p62QDO-c6u","jetpack_sharing_enabled":true,"amp_enabled":true,"_links":{"self":[{"href":"https:\/\/armstrongyregion.com.ar\/diario\/wp-json\/wp\/v2\/posts\/46530","targetHints":{"allow":["GET"]}}],"collection":[{"href":"https:\/\/armstrongyregion.com.ar\/diario\/wp-json\/wp\/v2\/posts"}],"about":[{"href":"https:\/\/armstrongyregion.com.ar\/diario\/wp-json\/wp\/v2\/types\/post"}],"author":[{"embeddable":true,"href":"https:\/\/armstrongyregion.com.ar\/diario\/wp-json\/wp\/v2\/users\/1"}],"replies":[{"embeddable":true,"href":"https:\/\/armstrongyregion.com.ar\/diario\/wp-json\/wp\/v2\/comments?post=46530"}],"version-history":[{"count":1,"href":"https:\/\/armstrongyregion.com.ar\/diario\/wp-json\/wp\/v2\/posts\/46530\/revisions"}],"predecessor-version":[{"id":46531,"href":"https:\/\/armstrongyregion.com.ar\/diario\/wp-json\/wp\/v2\/posts\/46530\/revisions\/46531"}],"wp:featuredmedia":[{"embeddable":true,"href":"https:\/\/armstrongyregion.com.ar\/diario\/wp-json\/wp\/v2\/media\/45999"}],"wp:attachment":[{"href":"https:\/\/armstrongyregion.com.ar\/diario\/wp-json\/wp\/v2\/media?parent=46530"}],"wp:term":[{"taxonomy":"category","embeddable":true,"href":"https:\/\/armstrongyregion.com.ar\/diario\/wp-json\/wp\/v2\/categories?post=46530"},{"taxonomy":"post_tag","embeddable":true,"href":"https:\/\/armstrongyregion.com.ar\/diario\/wp-json\/wp\/v2\/tags?post=46530"}],"curies":[{"name":"wp","href":"https:\/\/api.w.org\/{rel}","templated":true}]}}