{"id":46516,"date":"2025-06-10T15:06:24","date_gmt":"2025-06-10T15:06:24","guid":{"rendered":"https:\/\/armstrongyregion.com.ar\/diario\/?p=46516"},"modified":"2025-06-10T15:06:26","modified_gmt":"2025-06-10T15:06:26","slug":"se-habilito-una-nueva-aula-en-la-escuela-superior-de-comercio-n-51","status":"publish","type":"post","link":"https:\/\/armstrongyregion.com.ar\/diario\/se-habilito-una-nueva-aula-en-la-escuela-superior-de-comercio-n-51\/","title":{"rendered":"Se habilit\u00f3 una nueva aula en la Escuela Superior de Comercio N\u00b0 51."},"content":{"rendered":"\n<figure class=\"wp-block-image size-large\"><img loading=\"lazy\" decoding=\"async\" width=\"640\" height=\"427\" src=\"http:\/\/armstrongyregion.com.ar\/diario\/wp-content\/uploads\/2025\/06\/AULA-HABILITADA-1-640x427.jpg\" alt=\"\" class=\"wp-image-46517\" srcset=\"https:\/\/armstrongyregion.com.ar\/diario\/wp-content\/uploads\/2025\/06\/AULA-HABILITADA-1-640x427.jpg 640w, https:\/\/armstrongyregion.com.ar\/diario\/wp-content\/uploads\/2025\/06\/AULA-HABILITADA-1-300x200.jpg 300w, https:\/\/armstrongyregion.com.ar\/diario\/wp-content\/uploads\/2025\/06\/AULA-HABILITADA-1.jpg 729w\" sizes=\"auto, (max-width: 640px) 100vw, 640px\" \/><\/figure>\n\n\n\n<p>El lunes 9 de junio qued\u00f3 habilitada la segunda aula en la Escuela Superior de Comercio N\u00b0<br>51, gestionada a trav\u00e9s del trabajo conjunto del Senador Provincial por el Departamento<br>Belgrano Dr. Pablo Verdecchia, y la Delegada de la Regi\u00f3n V de Educaci\u00f3n Prof. Marisa<br>Pr\u00edncipe, y se ejecut\u00f3 en el marco del programa provincial 1000 Aulas.<\/p>\n\n\n\n<figure class=\"wp-block-image size-large\"><img loading=\"lazy\" decoding=\"async\" width=\"640\" height=\"427\" src=\"http:\/\/armstrongyregion.com.ar\/diario\/wp-content\/uploads\/2025\/06\/AULA-HABILITADA-2-640x427.jpg\" alt=\"\" class=\"wp-image-46518\" srcset=\"https:\/\/armstrongyregion.com.ar\/diario\/wp-content\/uploads\/2025\/06\/AULA-HABILITADA-2-640x427.jpg 640w, https:\/\/armstrongyregion.com.ar\/diario\/wp-content\/uploads\/2025\/06\/AULA-HABILITADA-2-300x200.jpg 300w, https:\/\/armstrongyregion.com.ar\/diario\/wp-content\/uploads\/2025\/06\/AULA-HABILITADA-2.jpg 724w\" sizes=\"auto, (max-width: 640px) 100vw, 640px\" \/><\/figure>\n\n\n\n<p><br>Su construcci\u00f3n fue licitada e inspeccionada por el equipo de Obras P\u00fablicas y la Secretar\u00eda<br>de Educaci\u00f3n de la Municipalidad de Armstrong, garantizando que este nuevo espacio<br>cuente con las condiciones \u00f3ptimas para su funcionamiento.<\/p>\n\n\n\n<figure class=\"wp-block-image size-large\"><img loading=\"lazy\" decoding=\"async\" width=\"640\" height=\"426\" src=\"http:\/\/armstrongyregion.com.ar\/diario\/wp-content\/uploads\/2025\/06\/AULA-HABILITADA-3--640x426.jpg\" alt=\"\" class=\"wp-image-46519\" srcset=\"https:\/\/armstrongyregion.com.ar\/diario\/wp-content\/uploads\/2025\/06\/AULA-HABILITADA-3--640x426.jpg 640w, https:\/\/armstrongyregion.com.ar\/diario\/wp-content\/uploads\/2025\/06\/AULA-HABILITADA-3--300x200.jpg 300w, https:\/\/armstrongyregion.com.ar\/diario\/wp-content\/uploads\/2025\/06\/AULA-HABILITADA-3-.jpg 740w\" sizes=\"auto, (max-width: 640px) 100vw, 640px\" \/><\/figure>\n\n\n\n<p><br>Estuvieron presentes el Intendente Guillermo Luzzi, el Senador Pablo Verdecchia, la<br>Delegada de la Regi\u00f3n V del Ministerio de Educaci\u00f3n Prof. Marisa Pr\u00edncipe, el Director Gral.<br>de la escuela Prof. Ramiro Mor\u00e1n, la Secretaria de educaci\u00f3n y Desarrollo integral del<br>municipio Rosana siri, la Directora del Nivel Medio Prof. D\u00e9bora Nalli, y acompa\u00f1aron la<br>concejal Noelia Garc\u00eda y la presidente de la Asociaci\u00f3n Cooperadora Sra. Cristina Sola.<\/p>\n\n\n\n<figure class=\"wp-block-image size-large\"><img loading=\"lazy\" decoding=\"async\" width=\"640\" height=\"426\" src=\"http:\/\/armstrongyregion.com.ar\/diario\/wp-content\/uploads\/2025\/06\/AULA-HABILITADA-4-640x426.jpg\" alt=\"\" class=\"wp-image-46520\" srcset=\"https:\/\/armstrongyregion.com.ar\/diario\/wp-content\/uploads\/2025\/06\/AULA-HABILITADA-4-640x426.jpg 640w, https:\/\/armstrongyregion.com.ar\/diario\/wp-content\/uploads\/2025\/06\/AULA-HABILITADA-4-300x200.jpg 300w, https:\/\/armstrongyregion.com.ar\/diario\/wp-content\/uploads\/2025\/06\/AULA-HABILITADA-4.jpg 725w\" sizes=\"auto, (max-width: 640px) 100vw, 640px\" \/><\/figure>\n\n\n\n<p><br>Mediante este programa, otras aulas fueron construidas en nuestra ciudad. Una de ellas se<br>encuentra en instalaciones de la Escuela N\u00b0 600 y destinada a la Escuela de Educaci\u00f3n<br>Manual N\u00b0 3045, y otra m\u00e1s en la misma Escuela N\u00b0 51, la cual ha comenzado a utilizarse en<br>el inicio del ciclo lectivo, durante el mes de marzo.<br>Hoy celebramos no s\u00f3lo la apertura de un nuevo espacio, sino tambi\u00e9n la colaboraci\u00f3n entre<br>diferentes partes del Estado y la comunidad, demostrando que el trabajo conjunto da frutos<br>concretos y duraderos.<\/p>\n","protected":false},"excerpt":{"rendered":"<p>Se habilit\u00f3 una nueva aula en la Escuela Superior de Comercio N\u00b0 51.<\/p>\n","protected":false},"author":1,"featured_media":46517,"comment_status":"open","ping_status":"open","sticky":false,"template":"","format":"image","meta":{"_jetpack_memberships_contains_paid_content":false,"footnotes":"","jetpack_publicize_message":"","jetpack_publicize_feature_enabled":true,"jetpack_social_post_already_shared":true,"jetpack_social_options":{"image_generator_settings":{"template":"highway","default_image_id":0,"enabled":false},"version":2}},"categories":[6,8,1],"tags":[950,5030,11810,1662,10733],"class_list":["post-46516","post","type-post","status-publish","format-image","has-post-thumbnail","hentry","category-cultura-entretenimiento","category-deliberando","category-diario-armstrong","tag-aula","tag-diario-armstrong","tag-esc-sup-de-comercio-n-51","tag-habilitada","tag-senador-pablo-verdecchia","post_format-post-format-image"],"jetpack_publicize_connections":[],"jetpack_featured_media_url":"https:\/\/armstrongyregion.com.ar\/diario\/wp-content\/uploads\/2025\/06\/AULA-HABILITADA-1.jpg","jetpack_shortlink":"https:\/\/wp.me\/p62QDO-c6g","jetpack_sharing_enabled":true,"amp_enabled":true,"_links":{"self":[{"href":"https:\/\/armstrongyregion.com.ar\/diario\/wp-json\/wp\/v2\/posts\/46516","targetHints":{"allow":["GET"]}}],"collection":[{"href":"https:\/\/armstrongyregion.com.ar\/diario\/wp-json\/wp\/v2\/posts"}],"about":[{"href":"https:\/\/armstrongyregion.com.ar\/diario\/wp-json\/wp\/v2\/types\/post"}],"author":[{"embeddable":true,"href":"https:\/\/armstrongyregion.com.ar\/diario\/wp-json\/wp\/v2\/users\/1"}],"replies":[{"embeddable":true,"href":"https:\/\/armstrongyregion.com.ar\/diario\/wp-json\/wp\/v2\/comments?post=46516"}],"version-history":[{"count":1,"href":"https:\/\/armstrongyregion.com.ar\/diario\/wp-json\/wp\/v2\/posts\/46516\/revisions"}],"predecessor-version":[{"id":46521,"href":"https:\/\/armstrongyregion.com.ar\/diario\/wp-json\/wp\/v2\/posts\/46516\/revisions\/46521"}],"wp:featuredmedia":[{"embeddable":true,"href":"https:\/\/armstrongyregion.com.ar\/diario\/wp-json\/wp\/v2\/media\/46517"}],"wp:attachment":[{"href":"https:\/\/armstrongyregion.com.ar\/diario\/wp-json\/wp\/v2\/media?parent=46516"}],"wp:term":[{"taxonomy":"category","embeddable":true,"href":"https:\/\/armstrongyregion.com.ar\/diario\/wp-json\/wp\/v2\/categories?post=46516"},{"taxonomy":"post_tag","embeddable":true,"href":"https:\/\/armstrongyregion.com.ar\/diario\/wp-json\/wp\/v2\/tags?post=46516"}],"curies":[{"name":"wp","href":"https:\/\/api.w.org\/{rel}","templated":true}]}}