{"id":46513,"date":"2025-06-10T14:56:11","date_gmt":"2025-06-10T14:56:11","guid":{"rendered":"https:\/\/armstrongyregion.com.ar\/diario\/?p=46513"},"modified":"2025-06-10T15:33:27","modified_gmt":"2025-06-10T15:33:27","slug":"compagnucci-y-molteni-en-deliberando-dialogo-crucial-sobre-el-presente-y-futuro-de-las-parejas","status":"publish","type":"post","link":"https:\/\/armstrongyregion.com.ar\/diario\/compagnucci-y-molteni-en-deliberando-dialogo-crucial-sobre-el-presente-y-futuro-de-las-parejas\/","title":{"rendered":"Compagnucci y Molteni en \u00abDeliberando\u00bb: Di\u00e1logo Crucial sobre el Presente y Futuro de Las Parejas."},"content":{"rendered":"\n<figure class=\"wp-block-image size-large\"><img loading=\"lazy\" decoding=\"async\" width=\"640\" height=\"480\" src=\"http:\/\/armstrongyregion.com.ar\/diario\/wp-content\/uploads\/2025\/06\/COMPAGNUCCI-MOLTENI--640x480.jpg\" alt=\"\" class=\"wp-image-46514\" srcset=\"https:\/\/armstrongyregion.com.ar\/diario\/wp-content\/uploads\/2025\/06\/COMPAGNUCCI-MOLTENI--640x480.jpg 640w, https:\/\/armstrongyregion.com.ar\/diario\/wp-content\/uploads\/2025\/06\/COMPAGNUCCI-MOLTENI--300x225.jpg 300w, https:\/\/armstrongyregion.com.ar\/diario\/wp-content\/uploads\/2025\/06\/COMPAGNUCCI-MOLTENI--768x577.jpg 768w, https:\/\/armstrongyregion.com.ar\/diario\/wp-content\/uploads\/2025\/06\/COMPAGNUCCI-MOLTENI-.jpg 799w\" sizes=\"auto, (max-width: 640px) 100vw, 640px\" \/><\/figure>\n\n\n\n<p>En el programa de hoy, tendremos una entrevista exclusiva con el Intendente de Las Parejas, <strong>Horacio Compagnucci<\/strong>. Conversaremos sobre los importantes avances y progresos que se est\u00e1n dando en la ciudad, abordando temas clave como la <strong>seguridad<\/strong>, la <strong>salud<\/strong> y la <strong>pol\u00edtica<\/strong> local. Adem\u00e1s, el intendente nos brindar\u00e1 detalles sobre la situaci\u00f3n de las <strong>139 viviendas<\/strong> del barrio que, a pesar de estar completamente equipadas y terminadas, a\u00fan esperan la aprobaci\u00f3n de Naci\u00f3n para su entrega.<\/p>\n\n\n\n<p>Tambi\u00e9n contaremos con la presencia de la concejal del PJ, <strong>\u00c9rica Molteni<\/strong>. Nos hablar\u00e1 de su destacada labor legislativa durante estos cuatro a\u00f1os, los proyectos que ha presentado y por qu\u00e9 considera que los parejenses deber\u00edan acompa\u00f1arla con su voto en las pr\u00f3ximas elecciones del <strong>29 de junio<\/strong>.<\/p>\n\n\n\n<p>\u00a1No te pierdas hoy, <strong>martes 10 de junio<\/strong>, una nueva edici\u00f3n de <strong>\u00abDeliberando\u00bb a las 21 hs por Cable Imagen Armstrong<\/strong>!<\/p>\n","protected":false},"excerpt":{"rendered":"<p>Compagnucci y Molteni en \u00abDeliberando\u00bb: Di\u00e1logo Crucial sobre el Presente y Futuro de Las Parejas.<\/p>\n","protected":false},"author":1,"featured_media":46514,"comment_status":"open","ping_status":"open","sticky":false,"template":"","format":"image","meta":{"_jetpack_memberships_contains_paid_content":false,"footnotes":"","jetpack_publicize_message":"","jetpack_publicize_feature_enabled":true,"jetpack_social_post_already_shared":true,"jetpack_social_options":{"image_generator_settings":{"template":"highway","default_image_id":0,"enabled":false},"version":2}},"categories":[8,1,2,7,3],"tags":[5030,11809,2254,2678,509,8777,556],"class_list":["post-46513","post","type-post","status-publish","format-image","has-post-thumbnail","hentry","category-deliberando","category-diario-armstrong","category-locales","category-politica","category-region","tag-diario-armstrong","tag-erica-molteni","tag-futuro","tag-horacio-compagnucci","tag-las-parejas","tag-lic-graciela-de-la-casa","tag-presente","post_format-post-format-image"],"jetpack_publicize_connections":[],"jetpack_featured_media_url":"https:\/\/armstrongyregion.com.ar\/diario\/wp-content\/uploads\/2025\/06\/COMPAGNUCCI-MOLTENI-.jpg","jetpack_shortlink":"https:\/\/wp.me\/p62QDO-c6d","jetpack_sharing_enabled":true,"amp_enabled":true,"_links":{"self":[{"href":"https:\/\/armstrongyregion.com.ar\/diario\/wp-json\/wp\/v2\/posts\/46513","targetHints":{"allow":["GET"]}}],"collection":[{"href":"https:\/\/armstrongyregion.com.ar\/diario\/wp-json\/wp\/v2\/posts"}],"about":[{"href":"https:\/\/armstrongyregion.com.ar\/diario\/wp-json\/wp\/v2\/types\/post"}],"author":[{"embeddable":true,"href":"https:\/\/armstrongyregion.com.ar\/diario\/wp-json\/wp\/v2\/users\/1"}],"replies":[{"embeddable":true,"href":"https:\/\/armstrongyregion.com.ar\/diario\/wp-json\/wp\/v2\/comments?post=46513"}],"version-history":[{"count":2,"href":"https:\/\/armstrongyregion.com.ar\/diario\/wp-json\/wp\/v2\/posts\/46513\/revisions"}],"predecessor-version":[{"id":46522,"href":"https:\/\/armstrongyregion.com.ar\/diario\/wp-json\/wp\/v2\/posts\/46513\/revisions\/46522"}],"wp:featuredmedia":[{"embeddable":true,"href":"https:\/\/armstrongyregion.com.ar\/diario\/wp-json\/wp\/v2\/media\/46514"}],"wp:attachment":[{"href":"https:\/\/armstrongyregion.com.ar\/diario\/wp-json\/wp\/v2\/media?parent=46513"}],"wp:term":[{"taxonomy":"category","embeddable":true,"href":"https:\/\/armstrongyregion.com.ar\/diario\/wp-json\/wp\/v2\/categories?post=46513"},{"taxonomy":"post_tag","embeddable":true,"href":"https:\/\/armstrongyregion.com.ar\/diario\/wp-json\/wp\/v2\/tags?post=46513"}],"curies":[{"name":"wp","href":"https:\/\/api.w.org\/{rel}","templated":true}]}}