{"id":46500,"date":"2025-06-08T00:07:17","date_gmt":"2025-06-08T00:07:17","guid":{"rendered":"https:\/\/armstrongyregion.com.ar\/diario\/?p=46500"},"modified":"2025-06-08T00:07:19","modified_gmt":"2025-06-08T00:07:19","slug":"las-rosas-meyer-acompano-la-apertura-de-la-4-a-expocarrera","status":"publish","type":"post","link":"https:\/\/armstrongyregion.com.ar\/diario\/las-rosas-meyer-acompano-la-apertura-de-la-4-a-expocarrera\/","title":{"rendered":"Las Rosas: Meyer acompa\u00f1\u00f3 la apertura de la 4.\u00aa Expocarrera."},"content":{"rendered":"\n<figure class=\"wp-block-image size-full\"><img loading=\"lazy\" decoding=\"async\" width=\"608\" height=\"345\" src=\"http:\/\/armstrongyregion.com.ar\/diario\/wp-content\/uploads\/2025\/06\/MEYER-7-6-25.jpg\" alt=\"\" class=\"wp-image-46501\" srcset=\"https:\/\/armstrongyregion.com.ar\/diario\/wp-content\/uploads\/2025\/06\/MEYER-7-6-25.jpg 608w, https:\/\/armstrongyregion.com.ar\/diario\/wp-content\/uploads\/2025\/06\/MEYER-7-6-25-300x170.jpg 300w\" sizes=\"auto, (max-width: 608px) 100vw, 608px\" \/><\/figure>\n\n\n\n<h2 class=\"wp-block-heading\">El intendente particip\u00f3 del evento educativo que reuni\u00f3 en el Colegio Sagrado Coraz\u00f3n a instituciones universitarias y terciarias que ofrecieron charlas para orientar a los j\u00f3venes en su futuro acad\u00e9mico.<\/h2>\n\n\n\n<figure class=\"wp-block-embed is-type-video is-provider-youtube wp-block-embed-youtube wp-embed-aspect-16-9 wp-has-aspect-ratio\"><div class=\"wp-block-embed__wrapper\">\n<iframe loading=\"lazy\" title=\"06-06-25 Nota Flavia Lattanzi - Ornella Battellino - Clara Duranti\" width=\"800\" height=\"450\" src=\"https:\/\/www.youtube.com\/embed\/kNeuTkDcYxE?feature=oembed\" frameborder=\"0\" allow=\"accelerometer; autoplay; clipboard-write; encrypted-media; gyroscope; picture-in-picture; web-share\" referrerpolicy=\"strict-origin-when-cross-origin\" allowfullscreen><\/iframe>\n<\/div><\/figure>\n\n\n\n<p>El intendente de Las Rosas, Javier Meyer asisti\u00f3 a la inauguraci\u00f3n de la 4\u00aa edici\u00f3n de Expocarrera, organizada por el Colegio Sagrado Coraz\u00f3n de Jes\u00fas. Este evento, que busca expandir las oportunidades educativas para los rosenses, cont\u00f3 con la participaci\u00f3n de diversas instituciones universitarias y terciarias que brindaron informaci\u00f3n y charlas sobre su oferta acad\u00e9mica; as\u00ed tambi\u00e9n lo hicieron profesionales de la ciudad. La iniciativa fue destacada por su contribuci\u00f3n al fortalecimiento de las oportunidades educativas en la ciudad, un pilar fundamental para el desarrollo de los j\u00f3venes locales.<\/p>\n\n\n\n<h3 class=\"wp-block-heading\">Impulso educativo para el futuro<\/h3>\n\n\n\n<p>La Expocarrera, celebrada esta ma\u00f1ana, se consolida como un espacio clave para el futuro educativo y profesional de los j\u00f3venes de Las Rosas. El evento no solo ofreci\u00f3 un abanico de posibilidades a los estudiantes, sino que tambi\u00e9n funcion\u00f3 como un punto de encuentro entre las instituciones educativas y la comunidad, promoviendo la cercan\u00eda y el intercambio de informaci\u00f3n.&nbsp;<\/p>\n\n\n\n<p>Durante la jornada, estudiantes y p\u00fablico en general tuvieron la oportunidad de explorar una vasta oferta acad\u00e9mica que abarc\u00f3 diversas \u00e1reas del conocimiento. Las charlas informativas y los stands de las universidades permitieron a los asistentes resolver dudas, conocer los planes de estudio y entender los requisitos de ingreso a cada carrera. Esta interacci\u00f3n directa es fundamental para guiar a los j\u00f3venes en la elecci\u00f3n de su futuro profesional, ofreci\u00e9ndoles las herramientas necesarias para tomar decisiones informadas y alineadas con sus intereses y aptitudes. La organizaci\u00f3n de este tipo de eventos contribuye directamente a la formaci\u00f3n de profesionales capacitados para el mercado laboral.<\/p>\n\n\n\n<p><em>\u00abFelicitamos al Colegio Sagrado Coraz\u00f3n de Jes\u00fas por esta valiosa iniciativa\u00bb<\/em>, expres\u00f3 en sus redes el intendente, reconociendo el esfuerzo y la importancia del evento para la comunidad.\u00a0<\/p>\n\n\n\n<p>Las Rosas Digital.<\/p>\n","protected":false},"excerpt":{"rendered":"<p>Las Rosas: Meyer acompa\u00f1\u00f3 la apertura de la 4.\u00aa Expocarrera.<\/p>\n","protected":false},"author":1,"featured_media":46501,"comment_status":"open","ping_status":"open","sticky":false,"template":"","format":"image","meta":{"_jetpack_memberships_contains_paid_content":false,"footnotes":"","jetpack_publicize_message":"","jetpack_publicize_feature_enabled":true,"jetpack_social_post_already_shared":true,"jetpack_social_options":{"image_generator_settings":{"template":"highway","default_image_id":0,"enabled":false},"version":2}},"categories":[6,8,1,2,7,3],"tags":[8592,58,5030,9469,8883,1934],"class_list":["post-46500","post","type-post","status-publish","format-image","has-post-thumbnail","hentry","category-cultura-entretenimiento","category-deliberando","category-diario-armstrong","category-locales","category-politica","category-region","tag-acompano-2","tag-apertura","tag-diario-armstrong","tag-expo-carreras","tag-las-rosas-2","tag-meyer","post_format-post-format-image"],"jetpack_publicize_connections":[],"jetpack_featured_media_url":"https:\/\/armstrongyregion.com.ar\/diario\/wp-content\/uploads\/2025\/06\/MEYER-7-6-25.jpg","jetpack_shortlink":"https:\/\/wp.me\/p62QDO-c60","jetpack_sharing_enabled":true,"amp_enabled":true,"_links":{"self":[{"href":"https:\/\/armstrongyregion.com.ar\/diario\/wp-json\/wp\/v2\/posts\/46500","targetHints":{"allow":["GET"]}}],"collection":[{"href":"https:\/\/armstrongyregion.com.ar\/diario\/wp-json\/wp\/v2\/posts"}],"about":[{"href":"https:\/\/armstrongyregion.com.ar\/diario\/wp-json\/wp\/v2\/types\/post"}],"author":[{"embeddable":true,"href":"https:\/\/armstrongyregion.com.ar\/diario\/wp-json\/wp\/v2\/users\/1"}],"replies":[{"embeddable":true,"href":"https:\/\/armstrongyregion.com.ar\/diario\/wp-json\/wp\/v2\/comments?post=46500"}],"version-history":[{"count":1,"href":"https:\/\/armstrongyregion.com.ar\/diario\/wp-json\/wp\/v2\/posts\/46500\/revisions"}],"predecessor-version":[{"id":46502,"href":"https:\/\/armstrongyregion.com.ar\/diario\/wp-json\/wp\/v2\/posts\/46500\/revisions\/46502"}],"wp:featuredmedia":[{"embeddable":true,"href":"https:\/\/armstrongyregion.com.ar\/diario\/wp-json\/wp\/v2\/media\/46501"}],"wp:attachment":[{"href":"https:\/\/armstrongyregion.com.ar\/diario\/wp-json\/wp\/v2\/media?parent=46500"}],"wp:term":[{"taxonomy":"category","embeddable":true,"href":"https:\/\/armstrongyregion.com.ar\/diario\/wp-json\/wp\/v2\/categories?post=46500"},{"taxonomy":"post_tag","embeddable":true,"href":"https:\/\/armstrongyregion.com.ar\/diario\/wp-json\/wp\/v2\/tags?post=46500"}],"curies":[{"name":"wp","href":"https:\/\/api.w.org\/{rel}","templated":true}]}}