{"id":46495,"date":"2025-06-07T04:44:33","date_gmt":"2025-06-07T04:44:33","guid":{"rendered":"https:\/\/armstrongyregion.com.ar\/diario\/?p=46495"},"modified":"2025-06-07T04:44:35","modified_gmt":"2025-06-07T04:44:35","slug":"pelu-lencina-lanzo-su-campana-a-concejal-con-la-consigna-armstrong-con-fe-con-gente-nueva-es-posible","status":"publish","type":"post","link":"https:\/\/armstrongyregion.com.ar\/diario\/pelu-lencina-lanzo-su-campana-a-concejal-con-la-consigna-armstrong-con-fe-con-gente-nueva-es-posible\/","title":{"rendered":"Pelu Lencina Lanz\u00f3 su Campa\u00f1a a Concejal con la Consigna \u00abArmstrong con Fe, con Gente Nueva es Posible\u00bb"},"content":{"rendered":"\n<figure class=\"wp-block-image size-full\"><img loading=\"lazy\" decoding=\"async\" width=\"504\" height=\"378\" src=\"http:\/\/armstrongyregion.com.ar\/diario\/wp-content\/uploads\/2025\/06\/PELU-CAMPANA-1-.jpg\" alt=\"\" class=\"wp-image-46496\" srcset=\"https:\/\/armstrongyregion.com.ar\/diario\/wp-content\/uploads\/2025\/06\/PELU-CAMPANA-1-.jpg 504w, https:\/\/armstrongyregion.com.ar\/diario\/wp-content\/uploads\/2025\/06\/PELU-CAMPANA-1--300x225.jpg 300w\" sizes=\"auto, (max-width: 504px) 100vw, 504px\" \/><\/figure>\n\n\n\n<p>Con un discurso enf\u00e1tico y cargado de propuestas, <strong>Pelu Lencina<\/strong> present\u00f3 oficialmente su candidatura a concejal por la lista <strong>\u00abArmstrong con Fe\u00bb<\/strong> de cara a las elecciones del pr\u00f3ximo 29 de junio. El aspirante a una banca en el Concejo Deliberante hizo un fuerte llamado a la ciudadan\u00eda a acompa\u00f1arlo con su voto, prometiendo una gesti\u00f3n centrada en el <strong>obrero<\/strong> y las necesidades m\u00e1s urgentes de la comunidad.<\/p>\n\n\n\n<figure class=\"wp-block-image size-full\"><img loading=\"lazy\" decoding=\"async\" width=\"504\" height=\"378\" src=\"http:\/\/armstrongyregion.com.ar\/diario\/wp-content\/uploads\/2025\/06\/PELU-CAMPANA-2.jpg\" alt=\"\" class=\"wp-image-46497\" srcset=\"https:\/\/armstrongyregion.com.ar\/diario\/wp-content\/uploads\/2025\/06\/PELU-CAMPANA-2.jpg 504w, https:\/\/armstrongyregion.com.ar\/diario\/wp-content\/uploads\/2025\/06\/PELU-CAMPANA-2-300x225.jpg 300w\" sizes=\"auto, (max-width: 504px) 100vw, 504px\" \/><\/figure>\n\n\n\n<p>Lencina, con un tono combativo, manifest\u00f3 que \u00abel obrero se merece tener un poco de respeto en Armstrong, el obrero est\u00e1 abandonado y est\u00e1 abandonado el barrio sur como lo dije un par de veces y un par de personas se me enojaron y le voy a decir a esas personas que se enojaron que va a ser muy dif\u00edcil para hacerme callar, porque primero y  principal no le debo nada a nadie, tengo respeto, tengo educaci\u00f3n y voy a ir para adelante.\u00bb<\/p>\n\n\n\n<figure class=\"wp-block-image size-full\"><img loading=\"lazy\" decoding=\"async\" width=\"504\" height=\"378\" src=\"http:\/\/armstrongyregion.com.ar\/diario\/wp-content\/uploads\/2025\/06\/PELU-LENCINA-3-.jpg\" alt=\"\" class=\"wp-image-46498\" srcset=\"https:\/\/armstrongyregion.com.ar\/diario\/wp-content\/uploads\/2025\/06\/PELU-LENCINA-3-.jpg 504w, https:\/\/armstrongyregion.com.ar\/diario\/wp-content\/uploads\/2025\/06\/PELU-LENCINA-3--300x225.jpg 300w\" sizes=\"auto, (max-width: 504px) 100vw, 504px\" \/><\/figure>\n\n\n\n<h3 class=\"wp-block-heading\">Viviendas para el Obrero: Una Prioridad y un Proyecto Concreto<\/h3>\n\n\n\n<p>Uno de los ejes centrales de la propuesta de Lencina es la <strong>problem\u00e1tica habitacional<\/strong> en Armstrong. El candidato asegur\u00f3 que la falta de viviendas no es por imposibilidad, sino por \u00abuna decisi\u00f3n pol\u00edtica que no se est\u00e1 tomando\u00bb. Para demostrar la viabilidad de su planteo, Lencina detall\u00f3 un proyecto para la creaci\u00f3n de <strong>lotes a precios accesibles<\/strong>, tomando como referencia ejemplos de ciudades vecinas.<\/p>\n\n\n\n<p>\u00abA 20 kil\u00f3metros de nuestra ciudad se van a entregar la semana que viene 243 lotes a no m\u00e1s de 4 millones de pesos\u00bb, compar\u00f3 Lencina. Y explic\u00f3 su idea: \u00abSi hoy en d\u00eda una hect\u00e1rea de campo sale 40 mil d\u00f3lares, en el cual salen 40 lotes, con calles, con todo lo que ustedes se imaginan, 40 lotes de 10 por 20 metros, quedar\u00eda a raz\u00f3n de mil d\u00f3lares por lote.\u00bb Sumando costos de mensura, escritura y servicios b\u00e1sicos, Lencina estim\u00f3 que el valor final de un lote no superar\u00eda los 4 millones de pesos, haciendo posible el acceso para los trabajadores.<\/p>\n\n\n\n<p>La financiaci\u00f3n de este proyecto, seg\u00fan Lencina, podr\u00eda venir de la mano de las <strong>empresas locales<\/strong> que en su momento recibieron apoyo de los distintos niveles de gobierno. <strong>\u00abHoy en d\u00eda el patr\u00f3n puede poner la mano en el bolsillo, la mano en el coraz\u00f3n y ayudar a su empleado. Que el patr\u00f3n ponga dinero y que el empleado se lo pueda devolver\u00bb<\/strong>, propuso, sugiriendo un sistema de cuotas para el repago. <strong>\u00abEs una verg\u00fcenza que un trabajador tenga que poner medio sueldo de lo que gana y comer migajas,  no es justo- enfatiz\u00f3- Por eso hablo de igualdad\u00bb,<\/strong> sentenci\u00f3.<\/p>\n\n\n\n<h3 class=\"wp-block-heading\">Gesti\u00f3n Integral de Residuos, Transparencia y Acercamiento a los Vecinos.<\/h3>\n\n\n\n<p>Adem\u00e1s del tema habitacional, Pelu Lencina present\u00f3 otras iniciativas ambiciosas:<\/p>\n\n\n\n<ul class=\"wp-block-list\">\n<li><strong>Tratamiento del 100% de la Basura:<\/strong> El candidato critic\u00f3 a quienes, seg\u00fan \u00e9l, hablan de ecolog\u00eda sin proponer ideas concretas. Asegur\u00f3 tener un proyecto armado para el tratamiento integral de la basura, que adem\u00e1s generar\u00eda empleo local. Cuestion\u00f3 la idea de que el reciclado es deficitario y prometi\u00f3 que, de llegar al Concejo, preguntar\u00e1 \u00ab\u00bfqu\u00e9 cantidad de dinero ingresa el reciclado y qu\u00e9 se hace con ese dinero?\u00bb.<\/li>\n\n\n\n<li><strong>Concejales en la Calle:<\/strong> Lencina propuso que, una o dos veces al mes, los seis concejales, sin importar su partido, caminen juntos por la ciudad y hablen directamente con los vecinos. \u00abAs\u00ed se hace la pol\u00edtica. No ganar, y despu\u00e9s en la pr\u00f3ximas elecciones venir a golpear la puerta y decir &#8216;Che,  necesito el voto, acompa\u00f1ame, te palmean, te dan un beso, te dan un mate y despu\u00e9s se van y desaparecen por cuatro a\u00f1os m\u00e1s'\u00bb, critic\u00f3 la pr\u00e1ctica actual.<\/li>\n\n\n\n<li><strong>Registro \u00danico de Trabajadores:<\/strong> Para fomentar el empleo local, Lencina propuso crear un registro de plomeros, gasistas, electricistas, soldadores, alba\u00f1iles y otros oficios, para que la propia Municipalidad pueda convocar a trabajadores de Armstrong antes que a personal de afuera. \u00abQue primero est\u00e9n los hijos de la ciudad y despu\u00e9s el resto.\u00bb enfatiz\u00f3.<\/li>\n\n\n\n<li><strong>Cuadrillas Permanentes de Mantenimiento:<\/strong> Sugiri\u00f3 la creaci\u00f3n de cuadrillas municipales dedicadas exclusivamente a la reparaci\u00f3n de calles de pavimento y mejorado, que est\u00e9n \u00abtodo el d\u00eda en la calle y que vayan prestando atenci\u00f3n a lo que se necesita\u00bb.<\/li>\n\n\n\n<li><strong>Recuperar los Nacimientos en la Ciudad y Mejorar el Servicio de Emergencias:<\/strong> Lencina se refiri\u00f3 a la promesa del senador de traer de vuelta los nacimientos a la ciudad y expres\u00f3 su deseo de sentarse a dialogar sobre este tema tan sensible para las familias. Tambi\u00e9n manifest\u00f3 su preocupaci\u00f3n por el funcionamiento del servicio de emergencias 107, se\u00f1alando que \u00abno anda m\u00e1s\u00bb.<\/li>\n<\/ul>\n\n\n\n<p>Pelu Lencina concluy\u00f3 su presentaci\u00f3n agradeciendo a los presentes y admitiendo su nerviosismo por encabezar una lista por primera vez. \u00abNo quiero cansarlos m\u00e1s. As\u00ed como eso, les puedo decir que tengo esta hoja llena de proyectos. Tengo dos hojas m\u00e1s llenas de proyectos. Y cr\u00e9anme que lo de la basura&#8230; se puede hacer. Es cuesti\u00f3n de que me den la oportunidad, reiterando su llamado al voto para hacer posible una \u00abArmstrong con Fe, con gente nueva\u00bb.<\/p>\n","protected":false},"excerpt":{"rendered":"<p>Pelu Lencina Lanz\u00f3 su Campa\u00f1a a Concejal con la Consigna \u00abArmstrong con Fe, con Gente Nueva es Posible\u00bb<\/p>\n","protected":false},"author":1,"featured_media":46498,"comment_status":"open","ping_status":"open","sticky":false,"template":"","format":"image","meta":{"_jetpack_memberships_contains_paid_content":false,"footnotes":"","jetpack_publicize_message":"","jetpack_publicize_feature_enabled":true,"jetpack_social_post_already_shared":true,"jetpack_social_options":{"image_generator_settings":{"template":"highway","default_image_id":0,"enabled":false},"version":2}},"categories":[8,1,2,7,3],"tags":[33,20,11805,1007,673,5030,11804,11803],"class_list":["post-46495","post","type-post","status-publish","format-image","has-post-thumbnail","hentry","category-deliberando","category-diario-armstrong","category-locales","category-politica","category-region","tag-a","tag-armstrong","tag-armstrong-con-fe","tag-campana","tag-concejal","tag-diario-armstrong","tag-lano","tag-pelu-lencina","post_format-post-format-image"],"jetpack_publicize_connections":[],"jetpack_featured_media_url":"https:\/\/armstrongyregion.com.ar\/diario\/wp-content\/uploads\/2025\/06\/PELU-LENCINA-3-.jpg","jetpack_shortlink":"https:\/\/wp.me\/p62QDO-c5V","jetpack_sharing_enabled":true,"amp_enabled":true,"_links":{"self":[{"href":"https:\/\/armstrongyregion.com.ar\/diario\/wp-json\/wp\/v2\/posts\/46495","targetHints":{"allow":["GET"]}}],"collection":[{"href":"https:\/\/armstrongyregion.com.ar\/diario\/wp-json\/wp\/v2\/posts"}],"about":[{"href":"https:\/\/armstrongyregion.com.ar\/diario\/wp-json\/wp\/v2\/types\/post"}],"author":[{"embeddable":true,"href":"https:\/\/armstrongyregion.com.ar\/diario\/wp-json\/wp\/v2\/users\/1"}],"replies":[{"embeddable":true,"href":"https:\/\/armstrongyregion.com.ar\/diario\/wp-json\/wp\/v2\/comments?post=46495"}],"version-history":[{"count":1,"href":"https:\/\/armstrongyregion.com.ar\/diario\/wp-json\/wp\/v2\/posts\/46495\/revisions"}],"predecessor-version":[{"id":46499,"href":"https:\/\/armstrongyregion.com.ar\/diario\/wp-json\/wp\/v2\/posts\/46495\/revisions\/46499"}],"wp:featuredmedia":[{"embeddable":true,"href":"https:\/\/armstrongyregion.com.ar\/diario\/wp-json\/wp\/v2\/media\/46498"}],"wp:attachment":[{"href":"https:\/\/armstrongyregion.com.ar\/diario\/wp-json\/wp\/v2\/media?parent=46495"}],"wp:term":[{"taxonomy":"category","embeddable":true,"href":"https:\/\/armstrongyregion.com.ar\/diario\/wp-json\/wp\/v2\/categories?post=46495"},{"taxonomy":"post_tag","embeddable":true,"href":"https:\/\/armstrongyregion.com.ar\/diario\/wp-json\/wp\/v2\/tags?post=46495"}],"curies":[{"name":"wp","href":"https:\/\/api.w.org\/{rel}","templated":true}]}}