{"id":46492,"date":"2025-06-07T03:26:32","date_gmt":"2025-06-07T03:26:32","guid":{"rendered":"https:\/\/armstrongyregion.com.ar\/diario\/?p=46492"},"modified":"2025-06-07T03:26:34","modified_gmt":"2025-06-07T03:26:34","slug":"provincia-presento-el-santa-fe-business-forum-en-agroactiva-2025","status":"publish","type":"post","link":"https:\/\/armstrongyregion.com.ar\/diario\/provincia-presento-el-santa-fe-business-forum-en-agroactiva-2025\/","title":{"rendered":"Provincia present\u00f3 el Santa Fe Business Forum en Agroactiva 2025."},"content":{"rendered":"\n<figure class=\"wp-block-image size-full\"><img loading=\"lazy\" decoding=\"async\" width=\"570\" height=\"320\" src=\"http:\/\/armstrongyregion.com.ar\/diario\/wp-content\/uploads\/2025\/06\/PROMOCION-25.jpg\" alt=\"\" class=\"wp-image-46493\" srcset=\"https:\/\/armstrongyregion.com.ar\/diario\/wp-content\/uploads\/2025\/06\/PROMOCION-25.jpg 570w, https:\/\/armstrongyregion.com.ar\/diario\/wp-content\/uploads\/2025\/06\/PROMOCION-25-300x168.jpg 300w\" sizes=\"auto, (max-width: 570px) 100vw, 570px\" \/><\/figure>\n\n\n\n<h2 class=\"wp-block-heading\">Con la megamuestra del agro como marco, el Gobierno de Santa Fe present\u00f3 la nueva edici\u00f3n del Santa Fe Business Forum 2025, que tendr\u00e1 lugar en septiembre en Rosario.<\/h2>\n\n\n\n<p>Durante la segunda jornada de Agroactiva, el Gobierno de Santa Fe anunci\u00f3 oficialmente la realizaci\u00f3n de la segunda edici\u00f3n del Santa Fe Business Forum, que se desarrollar\u00e1 en Rosario del 1 al 5 de septiembre de 2025.<\/p>\n\n\n\n<p>La presentaci\u00f3n fue encabezada por el ministro de Desarrollo Productivo, Gustavo Puccini y la secretaria de Comercio Exterior, Georgia Losada, ante un auditorio colmado de empresarios y bajo la gran expectativa que el Santa Fe Business Forum se reafirmar\u00e1 como un hito clave en la agenda internacional de la provincia.<\/p>\n\n\n\n<p>Esta nueva edici\u00f3n tiene como objetivo incrementar la cantidad de compradores internacionales y fortalecer el foro de inversiones, con una mayor participaci\u00f3n de fondos de inversi\u00f3n y capital de riesgo.<\/p>\n\n\n\n<p>Santa Fe Business Forum forma parte de una estrategia integral para posicionar a Santa Fe como l\u00edder en el proceso de internacionalizaci\u00f3n productiva de la Argentina. \u201cSe trata de una herramienta concreta para conectar lo que producimos con la demanda global. Tenemos la capacidad log\u00edstica y estrat\u00e9gica para traer compradores de distintos pa\u00edses, y articulamos lo p\u00fablico y lo privado para fortalecer la econom\u00eda. Ponemos al Estado a disposici\u00f3n, por segunda vez, para acompa\u00f1ar a nuestras pymes, que est\u00e1n empezando a sentir que pueden exportar y enviar al mundo lo que producen\u201d, expres\u00f3 Puccini.<\/p>\n\n\n\n<p>Por su parte, la secretaria de Comercio Exterior, Georgina Losada, destac\u00f3: \u201cCon el impulso del Gobierno de Santa Fe, este gran evento volver\u00e1 a convocar a compradores de todo el mundo, que podr\u00e1n encontrarse con la amplia oferta de productos que ofrece nuestra provincia. Nuestra visi\u00f3n es liderar el proceso de inserci\u00f3n global con innovaci\u00f3n, competitividad y articulaci\u00f3n p\u00fablico-privada. Esta ronda de Agroactiva forma parte de una instancia que transformamos en mensual. Se trata de una herramienta muy eficaz para acortar los tiempos de las operaciones de comercio exterior. Tambi\u00e9n incorporamos 6 rondas virtuales como antesala de nuestro gran evento internacional que este a\u00f1o est\u00e1 potenciado\u201d.<\/p>\n\n\n\n<figure class=\"wp-block-image\"><img decoding=\"async\" src=\"https:\/\/ci3.googleusercontent.com\/meips\/ADKq_NYe1EKe-Q83F-QR3koUTP8F9VWKqGci7q6ia8P5uIzeTzD-wxXS7M6U5DtXyvNLtqfhBvMAs2AF6Qs6yvxF-IW3nMVActwL7B4VLTWOtL1gV-kTypajKWDL_I6e27oZzm2gG7cAy3osTRVZ7VI=s0-d-e1-ft#https:\/\/www.santafe.gov.ar\/noticias\/recursos\/fotos\/2025\/06\/2025-06-06NID_283256O_2.jpeg\" alt=\"\"\/><\/figure>\n\n\n\n<p><strong>Rondas en Agroactiva<\/strong><\/p>\n\n\n\n<p>La presentaci\u00f3n se dio en el marco de una intensa agenda internacional que Santa Fe despleg\u00f3 en Agroactiva.<\/p>\n\n\n\n<p>En ese contexto, se llev\u00f3 a cabo una ronda inversa de negocios, que combin\u00f3 encuentros presenciales y virtuales, donde se concretaron 318 reuniones entre 115 empresas de cinco provincias argentinas y 15 compradores internacionales de Italia, Espa\u00f1a, M\u00e9xico, Rumania, Panam\u00e1, Colombia, Bolivia, Chile y Uruguay.<\/p>\n\n\n\n<p>Estos espacios no solo facilitan oportunidades comerciales concretas, sino que tambi\u00e9n abren puertas a nuevos modelos de negocios, como inversiones extranjeras directas o desarrollos conjuntos adaptados a mercados espec\u00edficos.<\/p>\n","protected":false},"excerpt":{"rendered":"<p>Provincia present\u00f3 el Santa Fe Business Forum en Agroactiva 2025.<\/p>\n","protected":false},"author":1,"featured_media":46493,"comment_status":"open","ping_status":"open","sticky":false,"template":"","format":"image","meta":{"_jetpack_memberships_contains_paid_content":false,"footnotes":"","jetpack_publicize_message":"","jetpack_publicize_feature_enabled":true,"jetpack_social_post_already_shared":true,"jetpack_social_options":{"image_generator_settings":{"template":"highway","default_image_id":0,"enabled":false},"version":2}},"categories":[6,8,1,2,7,3],"tags":[11772,11802,9498,8640,3381],"class_list":["post-46492","post","type-post","status-publish","format-image","has-post-thumbnail","hentry","category-cultura-entretenimiento","category-deliberando","category-diario-armstrong","category-locales","category-politica","category-region","tag-agroactiva-2025","tag-busuness-forum","tag-presento-2","tag-provincia-2","tag-santa-fe","post_format-post-format-image"],"jetpack_publicize_connections":[],"jetpack_featured_media_url":"https:\/\/armstrongyregion.com.ar\/diario\/wp-content\/uploads\/2025\/06\/PROMOCION-25.jpg","jetpack_shortlink":"https:\/\/wp.me\/p62QDO-c5S","jetpack_sharing_enabled":true,"amp_enabled":true,"_links":{"self":[{"href":"https:\/\/armstrongyregion.com.ar\/diario\/wp-json\/wp\/v2\/posts\/46492","targetHints":{"allow":["GET"]}}],"collection":[{"href":"https:\/\/armstrongyregion.com.ar\/diario\/wp-json\/wp\/v2\/posts"}],"about":[{"href":"https:\/\/armstrongyregion.com.ar\/diario\/wp-json\/wp\/v2\/types\/post"}],"author":[{"embeddable":true,"href":"https:\/\/armstrongyregion.com.ar\/diario\/wp-json\/wp\/v2\/users\/1"}],"replies":[{"embeddable":true,"href":"https:\/\/armstrongyregion.com.ar\/diario\/wp-json\/wp\/v2\/comments?post=46492"}],"version-history":[{"count":1,"href":"https:\/\/armstrongyregion.com.ar\/diario\/wp-json\/wp\/v2\/posts\/46492\/revisions"}],"predecessor-version":[{"id":46494,"href":"https:\/\/armstrongyregion.com.ar\/diario\/wp-json\/wp\/v2\/posts\/46492\/revisions\/46494"}],"wp:featuredmedia":[{"embeddable":true,"href":"https:\/\/armstrongyregion.com.ar\/diario\/wp-json\/wp\/v2\/media\/46493"}],"wp:attachment":[{"href":"https:\/\/armstrongyregion.com.ar\/diario\/wp-json\/wp\/v2\/media?parent=46492"}],"wp:term":[{"taxonomy":"category","embeddable":true,"href":"https:\/\/armstrongyregion.com.ar\/diario\/wp-json\/wp\/v2\/categories?post=46492"},{"taxonomy":"post_tag","embeddable":true,"href":"https:\/\/armstrongyregion.com.ar\/diario\/wp-json\/wp\/v2\/tags?post=46492"}],"curies":[{"name":"wp","href":"https:\/\/api.w.org\/{rel}","templated":true}]}}