{"id":46490,"date":"2025-06-07T03:17:53","date_gmt":"2025-06-07T03:17:53","guid":{"rendered":"https:\/\/armstrongyregion.com.ar\/diario\/?p=46490"},"modified":"2025-06-07T03:17:55","modified_gmt":"2025-06-07T03:17:55","slug":"renovacion-por-armstrong-aborda-la-problematica-del-bullying-proponen-acciones-de-concientizacion-y-prevencion","status":"publish","type":"post","link":"https:\/\/armstrongyregion.com.ar\/diario\/renovacion-por-armstrong-aborda-la-problematica-del-bullying-proponen-acciones-de-concientizacion-y-prevencion\/","title":{"rendered":"Renovaci\u00f3n por Armstrong aborda la problem\u00e1tica del Bullying: Proponen acciones de concientizaci\u00f3n y prevenci\u00f3n."},"content":{"rendered":"\n<figure class=\"wp-block-image size-large\"><img loading=\"lazy\" decoding=\"async\" width=\"640\" height=\"426\" src=\"http:\/\/armstrongyregion.com.ar\/diario\/wp-content\/uploads\/2025\/04\/Jesus-Urquia-17-4-25-640x426.jpg\" alt=\"\" class=\"wp-image-45999\" srcset=\"https:\/\/armstrongyregion.com.ar\/diario\/wp-content\/uploads\/2025\/04\/Jesus-Urquia-17-4-25-640x426.jpg 640w, https:\/\/armstrongyregion.com.ar\/diario\/wp-content\/uploads\/2025\/04\/Jesus-Urquia-17-4-25-300x200.jpg 300w, https:\/\/armstrongyregion.com.ar\/diario\/wp-content\/uploads\/2025\/04\/Jesus-Urquia-17-4-25-768x512.jpg 768w, https:\/\/armstrongyregion.com.ar\/diario\/wp-content\/uploads\/2025\/04\/Jesus-Urquia-17-4-25.jpg 800w\" sizes=\"auto, (max-width: 640px) 100vw, 640px\" \/><\/figure>\n\n\n\n<p>La reciente sesi\u00f3n del Concejo Deliberante de Armstrong fue escenario de un importante debate sobre una problem\u00e1tica que preocupa a toda la sociedad: el <strong>bullying<\/strong>. El Concejal <strong>Jes\u00fas Urqu\u00eda<\/strong>, del bloque Renovaci\u00f3n por Armstrong, present\u00f3 una <strong>Minuta de Comunicaci\u00f3n<\/strong> que busca impulsar acciones de concientizaci\u00f3n y prevenci\u00f3n en la ciudad.<\/p>\n\n\n\n<p>Urqu\u00eda destac\u00f3 que, si bien las opiniones pueden diferir en algunos puntos, existe un consenso un\u00e1nime sobre la necesidad de trabajar en la prevenci\u00f3n y concientizaci\u00f3n. \u00abSe arm\u00f3 un gran debate, un interesante debate en el que todos coincidimos que trabajar en prevenci\u00f3n y concientizar es el eje de lo que le solicitamos al ejecutivo\u00bb, afirm\u00f3 el concejal.<\/p>\n\n\n\n<p>La iniciativa de Urqu\u00eda apunta a un <strong>trabajo conjunto entre el Ejecutivo municipal, los clubes, las escuelas y diversas instituciones<\/strong> de la ciudad. \u00abEs un tema muy, pero muy importante que nos atraviesa a todos. Hay chicos que lo est\u00e1n sufriendo, familias que lo est\u00e1n padeciendo, y hoy es como que no se lo est\u00e1 tomando con la seriedad que se necesita\u00bb, se\u00f1al\u00f3.<\/p>\n\n\n\n<p>El edil hizo hincapi\u00e9 en la falta de herramientas y protocolos adecuados para abordar el bullying en la actualidad.<strong> \u00abHoy mismo tenemos casos de bullying en nuestra ciudad y no tenemos las herramientas suficientes para trabajarlo, para brindarle a la familia que lo est\u00e1 padeciendo, ni a ese adolescente un protocolo a la hora de trabajar en conjunto con las instituciones, con los clubes,  y no llegar a esas fatalidades que por suerte hoy no nos tocaron y ojal\u00e1 no nos toquen nunca\u00bb, <\/strong>expres\u00f3.<\/p>\n\n\n\n<p>Urqu\u00eda compar\u00f3 la importancia de abordar el bullying con otras problem\u00e1ticas que ya se han tratado desde el Concejo, como la discapacidad o la donaci\u00f3n de \u00f3rganos, subrayando que es un tema que requiere la participaci\u00f3n de todos.<\/p>\n\n\n\n<h3 class=\"wp-block-heading\">Un Proyecto Integral y desde las Escuelas.<\/h3>\n\n\n\n<p>Consultado sobre el rol del Concejo en la prevenci\u00f3n, el Concejal Urqu\u00eda explic\u00f3 que la idea es <strong>generar un proyecto integrador<\/strong> que involucre a todos los actores mencionados. \u00abPodemos trabajar  y generar un plan que sea integrador,  con clubes, con instituciones, con el ejecutivo, presentarlo en la regi\u00f3n y trabajarlo desde la escuela a trav\u00e9s de los chicos\u00bb, indic\u00f3.<\/p>\n\n\n\n<p>El concejal subray\u00f3 que el problema del bullying no tiene edad y afecta tanto a ni\u00f1os de primaria como a adolescentes de secundaria, por lo que trabajar desde el \u00e1mbito escolar, con la seriedad y los permisos necesarios, ser\u00eda \u00abmuy importante para toda la sociedad\u00bb.<\/p>\n\n\n\n<p><\/p>\n\n\n\n<p><\/p>\n","protected":false},"excerpt":{"rendered":"<p>Renovaci\u00f3n por Armstrong aborda la problem\u00e1tica del Bullying: Proponen acciones de concientizaci\u00f3n y prevenci\u00f3n.<\/p>\n","protected":false},"author":1,"featured_media":45999,"comment_status":"open","ping_status":"open","sticky":false,"template":"","format":"image","meta":{"_jetpack_memberships_contains_paid_content":false,"footnotes":"","jetpack_publicize_message":"","jetpack_publicize_feature_enabled":true,"jetpack_social_post_already_shared":true,"jetpack_social_options":{"image_generator_settings":{"template":"highway","default_image_id":0,"enabled":false},"version":2}},"categories":[6,8,1,2,7,3],"tags":[11800,3582,8527,3139,19,5030,1573,11801,2046,9298],"class_list":["post-46490","post","type-post","status-publish","format-image","has-post-thumbnail","hentry","category-cultura-entretenimiento","category-deliberando","category-diario-armstrong","category-locales","category-politica","category-region","tag-aborda","tag-acciones","tag-bullying","tag-concientizacion","tag-de","tag-diario-armstrong","tag-prevencion","tag-problematica-2","tag-proponen","tag-renovacion-por-armstrong","post_format-post-format-image"],"jetpack_publicize_connections":[],"jetpack_featured_media_url":"https:\/\/armstrongyregion.com.ar\/diario\/wp-content\/uploads\/2025\/04\/Jesus-Urquia-17-4-25.jpg","jetpack_shortlink":"https:\/\/wp.me\/p62QDO-c5Q","jetpack_sharing_enabled":true,"amp_enabled":true,"_links":{"self":[{"href":"https:\/\/armstrongyregion.com.ar\/diario\/wp-json\/wp\/v2\/posts\/46490","targetHints":{"allow":["GET"]}}],"collection":[{"href":"https:\/\/armstrongyregion.com.ar\/diario\/wp-json\/wp\/v2\/posts"}],"about":[{"href":"https:\/\/armstrongyregion.com.ar\/diario\/wp-json\/wp\/v2\/types\/post"}],"author":[{"embeddable":true,"href":"https:\/\/armstrongyregion.com.ar\/diario\/wp-json\/wp\/v2\/users\/1"}],"replies":[{"embeddable":true,"href":"https:\/\/armstrongyregion.com.ar\/diario\/wp-json\/wp\/v2\/comments?post=46490"}],"version-history":[{"count":1,"href":"https:\/\/armstrongyregion.com.ar\/diario\/wp-json\/wp\/v2\/posts\/46490\/revisions"}],"predecessor-version":[{"id":46491,"href":"https:\/\/armstrongyregion.com.ar\/diario\/wp-json\/wp\/v2\/posts\/46490\/revisions\/46491"}],"wp:featuredmedia":[{"embeddable":true,"href":"https:\/\/armstrongyregion.com.ar\/diario\/wp-json\/wp\/v2\/media\/45999"}],"wp:attachment":[{"href":"https:\/\/armstrongyregion.com.ar\/diario\/wp-json\/wp\/v2\/media?parent=46490"}],"wp:term":[{"taxonomy":"category","embeddable":true,"href":"https:\/\/armstrongyregion.com.ar\/diario\/wp-json\/wp\/v2\/categories?post=46490"},{"taxonomy":"post_tag","embeddable":true,"href":"https:\/\/armstrongyregion.com.ar\/diario\/wp-json\/wp\/v2\/tags?post=46490"}],"curies":[{"name":"wp","href":"https:\/\/api.w.org\/{rel}","templated":true}]}}