{"id":46480,"date":"2025-06-06T17:33:01","date_gmt":"2025-06-06T17:33:01","guid":{"rendered":"https:\/\/armstrongyregion.com.ar\/diario\/?p=46480"},"modified":"2025-06-06T17:33:03","modified_gmt":"2025-06-06T17:33:03","slug":"armstrong-en-agroactiva-2025","status":"publish","type":"post","link":"https:\/\/armstrongyregion.com.ar\/diario\/armstrong-en-agroactiva-2025\/","title":{"rendered":"Armstrong en AgroActiva 2025."},"content":{"rendered":"\n<figure class=\"wp-block-image size-full\"><img loading=\"lazy\" decoding=\"async\" width=\"400\" height=\"267\" src=\"http:\/\/armstrongyregion.com.ar\/diario\/wp-content\/uploads\/2025\/06\/ARMSTRONG-AGRO-1-.jpg\" alt=\"\" class=\"wp-image-46481\" srcset=\"https:\/\/armstrongyregion.com.ar\/diario\/wp-content\/uploads\/2025\/06\/ARMSTRONG-AGRO-1-.jpg 400w, https:\/\/armstrongyregion.com.ar\/diario\/wp-content\/uploads\/2025\/06\/ARMSTRONG-AGRO-1--300x200.jpg 300w\" sizes=\"auto, (max-width: 400px) 100vw, 400px\" \/><\/figure>\n\n\n\n<p>En el stand institucional de la Municipalidad de Armstrong en AgroActiva 2025 podemos conocer<br>distintos emprendimientos armstronenses.<\/p>\n\n\n\n<figure class=\"wp-block-image size-full\"><img loading=\"lazy\" decoding=\"async\" width=\"352\" height=\"235\" src=\"http:\/\/armstrongyregion.com.ar\/diario\/wp-content\/uploads\/2025\/06\/ARMSTRONG-AGRO-2-.jpg\" alt=\"\" class=\"wp-image-46482\" srcset=\"https:\/\/armstrongyregion.com.ar\/diario\/wp-content\/uploads\/2025\/06\/ARMSTRONG-AGRO-2-.jpg 352w, https:\/\/armstrongyregion.com.ar\/diario\/wp-content\/uploads\/2025\/06\/ARMSTRONG-AGRO-2--300x200.jpg 300w\" sizes=\"auto, (max-width: 352px) 100vw, 352px\" \/><\/figure>\n\n\n\n<p><br>Este lugar invita a que expositores, emprendedores y\/o empresas que est\u00e1n comenzando<br>puedan tener un espacio sabiendo la importancia de la muestra y cu\u00e1nto impulsa a este tipo<br>de actividades por la cantidad de visitantes y c\u00f3mo cada uno de ellos pueden dar a conocer<br>su producto o servicio, y as\u00ed poder concretar ventas.<br>Este espacio tiene que ver con la identidad, la pertinencia y el desarrollo de lo que ocurre en<br>la ciudad, por fuera de lo relacionado a la maquinaria agr\u00edcola que ya tiene su lugar<br>establecido.<\/p>\n\n\n\n<figure class=\"wp-block-image size-full\"><img loading=\"lazy\" decoding=\"async\" width=\"349\" height=\"233\" src=\"http:\/\/armstrongyregion.com.ar\/diario\/wp-content\/uploads\/2025\/06\/ARMSTRONG-AGRO-3-.jpg\" alt=\"\" class=\"wp-image-46483\" srcset=\"https:\/\/armstrongyregion.com.ar\/diario\/wp-content\/uploads\/2025\/06\/ARMSTRONG-AGRO-3-.jpg 349w, https:\/\/armstrongyregion.com.ar\/diario\/wp-content\/uploads\/2025\/06\/ARMSTRONG-AGRO-3--300x200.jpg 300w\" sizes=\"auto, (max-width: 349px) 100vw, 349px\" \/><\/figure>\n\n\n\n<p><br>Los expositores en esta edici\u00f3n son:<\/p>\n\n\n\n<ul class=\"wp-block-list\">\n<li>Caf\u00e9 Pr\u00edncipe \u2013 De Natanael Pr\u00edncipe<\/li>\n\n\n\n<li>Atenea Tejidos \u2013 De Nazarena Bordigotti<\/li>\n\n\n\n<li>Brochper \u2013 De Hern\u00e1n Duranti<\/li>\n\n\n\n<li>MEIFA<\/li>\n\n\n\n<li>El Roble Implementos Agr\u00edcolas \u2013 De Javier Recrosio<\/li>\n\n\n\n<li>GML Metal\u00fargica \u2013 De Gustavo Barrera<\/li>\n\n\n\n<li>Mulata Marroquiner\u00eda \u2013 De Silvia Temperini<\/li>\n\n\n\n<li>Cable Imagen Armstrong<\/li>\n\n\n\n<li>APP Yego! \u2013 De Juan V\u00edctor Mozzicafredo<\/li>\n\n\n\n<li>C\u00e1ndida \u2013 Deco Hogar \u2013 De Vanina Arga\u00f1ar\u00e1z<\/li>\n\n\n\n<li>AURA Esencias \u2013 De Silvia De Tina<\/li>\n\n\n\n<li>Petit House \u2013 De Gustavo Calder\u00f3n<\/li>\n\n\n\n<li>Tayca \u2013 Gonzalo Carossia y David Tardela<\/li>\n\n\n\n<li>De&amp;Ce Implementos Agr\u00edcolas \u2013 Claudio Barraza y Dar\u00edo Pesaresi<\/li>\n\n\n\n<li>Metal-Jor \u2013 De Diego Vijarra<\/li>\n\n\n\n<li>Asoc. Civil Cami del Amor<\/li>\n\n\n\n<li>SIRIS Embutidos \u2013 De Horacio y Branco Siri<\/li>\n\n\n\n<li>Estancia Santa Teresita \u2013 De Mart\u00edn Pagliero<\/li>\n<\/ul>\n\n\n\n<p><\/p>\n\n\n\n<figure class=\"wp-block-image size-full\"><img loading=\"lazy\" decoding=\"async\" width=\"400\" height=\"267\" src=\"http:\/\/armstrongyregion.com.ar\/diario\/wp-content\/uploads\/2025\/06\/ARMSTRONG-AGRO-4-.jpg\" alt=\"\" class=\"wp-image-46484\" srcset=\"https:\/\/armstrongyregion.com.ar\/diario\/wp-content\/uploads\/2025\/06\/ARMSTRONG-AGRO-4-.jpg 400w, https:\/\/armstrongyregion.com.ar\/diario\/wp-content\/uploads\/2025\/06\/ARMSTRONG-AGRO-4--300x200.jpg 300w\" sizes=\"auto, (max-width: 400px) 100vw, 400px\" \/><\/figure>\n\n\n\n<p><br>El chef Ignacio \u201cNacho\u201d Urquilla junto a sus colaboradoras es el encargado de preparar los<br>m\u00e1s exquisitos sabores para las degustaciones mientras los n\u00fameros art\u00edsticos que se<br>suceden el en escenario. A la tarde, el after invita a compartir un momento de buena<br>compa\u00f1\u00eda, tragos, comidas y muy buena m\u00fasica.<\/p>\n\n\n\n<figure class=\"wp-block-image size-full\"><img loading=\"lazy\" decoding=\"async\" width=\"344\" height=\"229\" src=\"http:\/\/armstrongyregion.com.ar\/diario\/wp-content\/uploads\/2025\/06\/ARMSTRONG-AGRO-5-.jpg\" alt=\"\" class=\"wp-image-46485\" srcset=\"https:\/\/armstrongyregion.com.ar\/diario\/wp-content\/uploads\/2025\/06\/ARMSTRONG-AGRO-5-.jpg 344w, https:\/\/armstrongyregion.com.ar\/diario\/wp-content\/uploads\/2025\/06\/ARMSTRONG-AGRO-5--300x200.jpg 300w\" sizes=\"auto, (max-width: 344px) 100vw, 344px\" \/><\/figure>\n\n\n\n<p><br>La Municipalidad de Armstrong invita a acercarse a la carpa de Armstrong est\u00e1 ubicada en el<br>lote 116 A, rodeada por calles Sauco, Alerce Patag\u00f3nico, Cald\u00e9n y Timb\u00f3, y disfrutar de los<br>dos \u00faltimos d\u00edas de esta muestra, de la cual somos anfitriones.<\/p>\n","protected":false},"excerpt":{"rendered":"<p>Armstrong en AgroActiva 2025.<\/p>\n","protected":false},"author":1,"featured_media":46481,"comment_status":"open","ping_status":"open","sticky":false,"template":"","format":"image","meta":{"_jetpack_memberships_contains_paid_content":false,"footnotes":"","jetpack_publicize_message":"","jetpack_publicize_feature_enabled":true,"jetpack_social_post_already_shared":true,"jetpack_social_options":{"image_generator_settings":{"template":"highway","default_image_id":0,"enabled":false},"version":2}},"categories":[6,8,1,2,7,3],"tags":[11772,20,5030,7234,11798],"class_list":["post-46480","post","type-post","status-publish","format-image","has-post-thumbnail","hentry","category-cultura-entretenimiento","category-deliberando","category-diario-armstrong","category-locales","category-politica","category-region","tag-agroactiva-2025","tag-armstrong","tag-diario-armstrong","tag-municipalidad-de-armstrong","tag-stand-institucional","post_format-post-format-image"],"jetpack_publicize_connections":[],"jetpack_featured_media_url":"https:\/\/armstrongyregion.com.ar\/diario\/wp-content\/uploads\/2025\/06\/ARMSTRONG-AGRO-1-.jpg","jetpack_shortlink":"https:\/\/wp.me\/p62QDO-c5G","jetpack_sharing_enabled":true,"amp_enabled":true,"_links":{"self":[{"href":"https:\/\/armstrongyregion.com.ar\/diario\/wp-json\/wp\/v2\/posts\/46480","targetHints":{"allow":["GET"]}}],"collection":[{"href":"https:\/\/armstrongyregion.com.ar\/diario\/wp-json\/wp\/v2\/posts"}],"about":[{"href":"https:\/\/armstrongyregion.com.ar\/diario\/wp-json\/wp\/v2\/types\/post"}],"author":[{"embeddable":true,"href":"https:\/\/armstrongyregion.com.ar\/diario\/wp-json\/wp\/v2\/users\/1"}],"replies":[{"embeddable":true,"href":"https:\/\/armstrongyregion.com.ar\/diario\/wp-json\/wp\/v2\/comments?post=46480"}],"version-history":[{"count":1,"href":"https:\/\/armstrongyregion.com.ar\/diario\/wp-json\/wp\/v2\/posts\/46480\/revisions"}],"predecessor-version":[{"id":46486,"href":"https:\/\/armstrongyregion.com.ar\/diario\/wp-json\/wp\/v2\/posts\/46480\/revisions\/46486"}],"wp:featuredmedia":[{"embeddable":true,"href":"https:\/\/armstrongyregion.com.ar\/diario\/wp-json\/wp\/v2\/media\/46481"}],"wp:attachment":[{"href":"https:\/\/armstrongyregion.com.ar\/diario\/wp-json\/wp\/v2\/media?parent=46480"}],"wp:term":[{"taxonomy":"category","embeddable":true,"href":"https:\/\/armstrongyregion.com.ar\/diario\/wp-json\/wp\/v2\/categories?post=46480"},{"taxonomy":"post_tag","embeddable":true,"href":"https:\/\/armstrongyregion.com.ar\/diario\/wp-json\/wp\/v2\/tags?post=46480"}],"curies":[{"name":"wp","href":"https:\/\/api.w.org\/{rel}","templated":true}]}}