{"id":46467,"date":"2025-06-06T03:24:58","date_gmt":"2025-06-06T03:24:58","guid":{"rendered":"https:\/\/armstrongyregion.com.ar\/diario\/?p=46467"},"modified":"2025-06-06T03:25:01","modified_gmt":"2025-06-06T03:25:01","slug":"clara-garcia-agroactiva-muestra-a-santa-fe-como-motor-del-desarrollo-productivo-de-argentina","status":"publish","type":"post","link":"https:\/\/armstrongyregion.com.ar\/diario\/clara-garcia-agroactiva-muestra-a-santa-fe-como-motor-del-desarrollo-productivo-de-argentina\/","title":{"rendered":"Clara Garc\u00eda: \u00abAgroActiva muestra a Santa Fe como motor del desarrollo productivo de Argentina\u00bb"},"content":{"rendered":"\n<figure class=\"wp-block-image size-full\"><img loading=\"lazy\" decoding=\"async\" width=\"405\" height=\"270\" src=\"http:\/\/armstrongyregion.com.ar\/diario\/wp-content\/uploads\/2025\/06\/Clarita-Agroactiva-25.jpg\" alt=\"\" class=\"wp-image-46468\" srcset=\"https:\/\/armstrongyregion.com.ar\/diario\/wp-content\/uploads\/2025\/06\/Clarita-Agroactiva-25.jpg 405w, https:\/\/armstrongyregion.com.ar\/diario\/wp-content\/uploads\/2025\/06\/Clarita-Agroactiva-25-300x200.jpg 300w\" sizes=\"auto, (max-width: 405px) 100vw, 405px\" \/><\/figure>\n\n\n\n<h2 class=\"wp-block-heading\">La presidenta de la C\u00e1mara de Diputadas y Diputados particip\u00f3 de la apertura oficial de la 31\u00aa edici\u00f3n de la muestra que se desarrolla en Armstrong, junto al gobernador Pullaro. Durante su recorrida por el predio, contrapuso \u201cla sostenida vocaci\u00f3n innovadora y productiva\u201d del campo con \u201cel castigo de las retenciones, que no solo le quitan recursos y frenan su crecimiento, sino que, encima, no vuelven a la provincia en obras prioritarias\u201d<\/h2>\n\n\n\n<p>La presidenta de la C\u00e1mara de Diputadas y Diputados, Clara Garc\u00eda, visit\u00f3 la 31\u00aa edici\u00f3n de Agroactiva que se desarrolla en Armstrong y particip\u00f3 del acto de inauguraci\u00f3n oficial junto al gobernador Maximiliano Pullaro; la vicegobernadora Gisela Scaglia, y autoridades y funcionarios nacionales, provinciales y locales.<\/p>\n\n\n\n<p>\u201cAgroactiva es un orgullo para Santa Fe porque es hija de esta tierra y muestra como esta provincia bombea desarrollo hacia todo el pa\u00eds pese a no recibir a cambio ni siquiera el mantenimiento de las rutas nacionales por las que la producci\u00f3n llega a los puertos\u201d, expres\u00f3 Garc\u00eda en declaraciones period\u00edsticas.<\/p>\n\n\n\n<p>En ese marco, la legisladora valor\u00f3 \u201cel compromiso de la familia Nardi \u2013organizadora de la feria- con la agroindustria santafesina y argentina\u201d, al tiempo que tambi\u00e9n destac\u00f3 la presencia de la provincia a trav\u00e9s de un stand de enormes dimensiones que, seg\u00fan dijo, \u201crefleja la visi\u00f3n estrat\u00e9gica de un Estado que apoya a un sector que genera riqueza y trabajo\u201d.<\/p>\n\n\n\n<p>\u201cA\u00f1o a a\u00f1o \u2013continu\u00f3 Garc\u00eda- Agroactiva muestra c\u00f3mo los santafesinos trabajan, crean, fabrican, producen y vienen con todo su entusiasmo a exponerlo a todo el pa\u00eds y tambi\u00e9n al extranjero. La dicotom\u00eda campo-industria o campo-ciencia se ha diluido por completo porque la asociaci\u00f3n estrat\u00e9gica entre estos actores es un hecho hace rato. Hoy hablamos de Agrobioindustria, es decir, de la producci\u00f3n agropecuaria y la industria metalmec\u00e1nica m\u00e1s el aporte de la biotecnolog\u00eda e, inclusive, de la inteligencia artificial\u201d, remarc\u00f3.<\/p>\n\n\n\n<p>\u201cLejos de cultivar yuyos, como se dijo alguna vez, hay mucho conocimiento invertido para mejorar la productividad\u201d, sostuvo la legisladora y destac\u00f3 el rol de \u201ctodas las instituciones del arco cient\u00edfico-tecnol\u00f3gico, como el Inta, el Conicet, las universidades, inclusive, el Polo Tecnol\u00f3gico y la Agencia de Desarrollo de Rosario, donde la articulaci\u00f3n p\u00fablico-privada ha sido fundamental para lograr los resultados que vemos hoy. Adem\u00e1s, aqu\u00ed est\u00e1n presentes los sectores de la log\u00edstica, el transporte y los servicios financieros para potenciar a\u00fan m\u00e1s todo este entramado\u201d, detall\u00f3.<\/p>\n\n\n\n<p>En tal sentido, la titular de la C\u00e1mara baja contrapuso \u201cla sostenida vocaci\u00f3n innovadora y productiva que anima a todos esos actores con el castigo que se impone desde el gobierno nacional a trav\u00e9s de las retenciones, que no solo le quitan recursos al campo y frenan su crecimiento, sino que encima no vuelven a la provincia en obras prioritarias. No hablamos ya de grandes obras de infraestructura log\u00edstica para agilizar la llegada de la producci\u00f3n a los puertos; hoy vemos como ni siquiera se garantizan la transitabilidad de las rutas al punto de poner en riesgo la vida de las personas\u201d, cuestion\u00f3.<\/p>\n\n\n\n<p>Para finalizar, Garc\u00eda record\u00f3 las palabras del gobernador Pullaro al se\u00f1alar que \u201cla Argentina no sale adelante sin el campo, lo que en parte equivale a decir \u2013razon\u00f3- que no sale sin Santa Fe y para eso no necesitamos subsidios, sino solo las condiciones para desplegar nuestras capacidades\u201d.<\/p>\n","protected":false},"excerpt":{"rendered":"<p>Clara Garc\u00eda: \u00abAgroactiva muestra a Santa Fe como motor del desarrollo productivo de Argentina\u00bb<\/p>\n","protected":false},"author":1,"featured_media":46468,"comment_status":"open","ping_status":"open","sticky":false,"template":"","format":"image","meta":{"_jetpack_memberships_contains_paid_content":false,"footnotes":"","jetpack_publicize_message":"","jetpack_publicize_feature_enabled":true,"jetpack_social_post_already_shared":true,"jetpack_social_options":{"image_generator_settings":{"template":"highway","default_image_id":0,"enabled":false},"version":2}},"categories":[8,1,2,7,3],"tags":[33,8750,251,9196,1225,5030,3914,1358,3462,3381],"class_list":["post-46467","post","type-post","status-publish","format-image","has-post-thumbnail","hentry","category-deliberando","category-diario-armstrong","category-locales","category-politica","category-region","tag-a","tag-agroactiva-2","tag-argentina","tag-clara-garcia","tag-desarrollo","tag-diario-armstrong","tag-motor","tag-muestra","tag-productivo","tag-santa-fe","post_format-post-format-image"],"jetpack_publicize_connections":[],"jetpack_featured_media_url":"https:\/\/armstrongyregion.com.ar\/diario\/wp-content\/uploads\/2025\/06\/Clarita-Agroactiva-25.jpg","jetpack_shortlink":"https:\/\/wp.me\/p62QDO-c5t","jetpack_sharing_enabled":true,"amp_enabled":true,"_links":{"self":[{"href":"https:\/\/armstrongyregion.com.ar\/diario\/wp-json\/wp\/v2\/posts\/46467","targetHints":{"allow":["GET"]}}],"collection":[{"href":"https:\/\/armstrongyregion.com.ar\/diario\/wp-json\/wp\/v2\/posts"}],"about":[{"href":"https:\/\/armstrongyregion.com.ar\/diario\/wp-json\/wp\/v2\/types\/post"}],"author":[{"embeddable":true,"href":"https:\/\/armstrongyregion.com.ar\/diario\/wp-json\/wp\/v2\/users\/1"}],"replies":[{"embeddable":true,"href":"https:\/\/armstrongyregion.com.ar\/diario\/wp-json\/wp\/v2\/comments?post=46467"}],"version-history":[{"count":1,"href":"https:\/\/armstrongyregion.com.ar\/diario\/wp-json\/wp\/v2\/posts\/46467\/revisions"}],"predecessor-version":[{"id":46469,"href":"https:\/\/armstrongyregion.com.ar\/diario\/wp-json\/wp\/v2\/posts\/46467\/revisions\/46469"}],"wp:featuredmedia":[{"embeddable":true,"href":"https:\/\/armstrongyregion.com.ar\/diario\/wp-json\/wp\/v2\/media\/46468"}],"wp:attachment":[{"href":"https:\/\/armstrongyregion.com.ar\/diario\/wp-json\/wp\/v2\/media?parent=46467"}],"wp:term":[{"taxonomy":"category","embeddable":true,"href":"https:\/\/armstrongyregion.com.ar\/diario\/wp-json\/wp\/v2\/categories?post=46467"},{"taxonomy":"post_tag","embeddable":true,"href":"https:\/\/armstrongyregion.com.ar\/diario\/wp-json\/wp\/v2\/tags?post=46467"}],"curies":[{"name":"wp","href":"https:\/\/api.w.org\/{rel}","templated":true}]}}