{"id":46461,"date":"2025-06-06T03:10:13","date_gmt":"2025-06-06T03:10:13","guid":{"rendered":"https:\/\/armstrongyregion.com.ar\/diario\/?p=46461"},"modified":"2025-06-06T04:26:28","modified_gmt":"2025-06-06T04:26:28","slug":"patricia-rossi-asume-la-presidencia-del-centro-de-estudiantes-del-superior-de-comercio-n-51-con-la-lista-f5","status":"publish","type":"post","link":"https:\/\/armstrongyregion.com.ar\/diario\/patricia-rossi-asume-la-presidencia-del-centro-de-estudiantes-del-superior-de-comercio-n-51-con-la-lista-f5\/","title":{"rendered":"Patricia Rossi asume la Presidencia del Centro de Estudiantes del Superior de Comercio N\u00b0 51 con la Lista F5."},"content":{"rendered":"\n<figure class=\"wp-block-image size-large\"><img loading=\"lazy\" decoding=\"async\" width=\"535\" height=\"480\" src=\"http:\/\/armstrongyregion.com.ar\/diario\/wp-content\/uploads\/2025\/06\/PATRI-1--535x480.jpg\" alt=\"\" class=\"wp-image-46462\" srcset=\"https:\/\/armstrongyregion.com.ar\/diario\/wp-content\/uploads\/2025\/06\/PATRI-1--535x480.jpg 535w, https:\/\/armstrongyregion.com.ar\/diario\/wp-content\/uploads\/2025\/06\/PATRI-1--300x269.jpg 300w, https:\/\/armstrongyregion.com.ar\/diario\/wp-content\/uploads\/2025\/06\/PATRI-1-.jpg 600w\" sizes=\"auto, (max-width: 535px) 100vw, 535px\" \/><\/figure>\n\n\n\n<p>La comunidad educativa del Superior de Comercio N\u00b0 51 de Armstrong tiene una nueva conducci\u00f3n en su Centro de Estudiantes. <strong>Patricia Rossi<\/strong>, alumna de la carrera de Recursos Humanos, ha asumido la presidencia con la <strong>lista F5<\/strong>, marcando un nuevo cap\u00edtulo en la representaci\u00f3n estudiantil de la instituci\u00f3n. La entrega de su mandato fue realizada por <strong>Luciano Ceballos<\/strong>, alumno de tercer a\u00f1o tambi\u00e9n de la carrera de Recursos Humanos.<\/p>\n\n\n\n<figure class=\"wp-block-image size-full\"><img loading=\"lazy\" decoding=\"async\" width=\"300\" height=\"341\" src=\"http:\/\/armstrongyregion.com.ar\/diario\/wp-content\/uploads\/2025\/06\/CEBALLO.jpg\" alt=\"\" class=\"wp-image-46463\" srcset=\"https:\/\/armstrongyregion.com.ar\/diario\/wp-content\/uploads\/2025\/06\/CEBALLO.jpg 300w, https:\/\/armstrongyregion.com.ar\/diario\/wp-content\/uploads\/2025\/06\/CEBALLO-264x300.jpg 264w\" sizes=\"auto, (max-width: 300px) 100vw, 300px\" \/><\/figure>\n\n\n\n<p>En di\u00e1logo con nuestro medio, Rossi expres\u00f3 el esp\u00edritu que la impulsa en esta nueva gesti\u00f3n: \u00abQue podamos <strong>motivar a los estudiantes a presentarse con nuevas listas, nuevas propuestas y poder hacer una votaci\u00f3n democr\u00e1tica<\/strong>, ya que fuimos la \u00fanica lista que nos presentamos\u00bb.<\/p>\n\n\n\n<figure class=\"wp-block-image size-full\"><img loading=\"lazy\" decoding=\"async\" width=\"300\" height=\"279\" src=\"http:\/\/armstrongyregion.com.ar\/diario\/wp-content\/uploads\/2025\/06\/PATRI-SOLA.jpg\" alt=\"\" class=\"wp-image-46464\"\/><\/figure>\n\n\n\n<p>A pesar de haber sido la \u00fanica opci\u00f3n en esta oportunidad, Patricia Rossi dej\u00f3 en claro los objetivos centrales de su gesti\u00f3n: \u00ab<strong>Mejorar la comunicaci\u00f3n dentro de la instituci\u00f3n para generar un buen clima estudiantil<\/strong>. Digamos, lo cual va a favorecer indiscutiblemente\u00bb.<\/p>\n\n\n\n<p><strong>La nueva presidenta enfatiz\u00f3 la importancia de establecer puentes y canales efectivos de di\u00e1logo dentro del \u00e1mbito educativo, buscando as\u00ed un ambiente propicio para el desarrollo acad\u00e9mico y personal de todos los estudiantes.<\/strong><\/p>\n\n\n\n<figure class=\"wp-block-image size-large\"><img loading=\"lazy\" decoding=\"async\" width=\"403\" height=\"480\" src=\"http:\/\/armstrongyregion.com.ar\/diario\/wp-content\/uploads\/2025\/06\/CENTRO-ENTREGA-MANDO-403x480.jpg\" alt=\"\" class=\"wp-image-46465\" srcset=\"https:\/\/armstrongyregion.com.ar\/diario\/wp-content\/uploads\/2025\/06\/CENTRO-ENTREGA-MANDO-403x480.jpg 403w, https:\/\/armstrongyregion.com.ar\/diario\/wp-content\/uploads\/2025\/06\/CENTRO-ENTREGA-MANDO-252x300.jpg 252w, https:\/\/armstrongyregion.com.ar\/diario\/wp-content\/uploads\/2025\/06\/CENTRO-ENTREGA-MANDO.jpg 600w\" sizes=\"auto, (max-width: 403px) 100vw, 403px\" \/><\/figure>\n\n\n\n<p>Adem\u00e1s, Rossi destac\u00f3 la <strong>diversidad de la lista F5<\/strong>, un punto clave para su visi\u00f3n de un centro de estudiantes representativo: \u00abEstamos s\u00faper contentas, la idea era que la lista no fuera solo de un curso. Porque si bien nosotras estamos estudiando Recursos Humanos, lo cual requiere el trato con las personas, fuimos por todas las divisiones invitando a los estudiantes de las tres tecnicaturas, tanto a los compa\u00f1eros de Higiene y Seguridad al igual que a los de Gesti\u00f3n Industrial\u00bb. Esta estrategia busca que la lista abarque las diferentes realidades y necesidades de los estudiantes de todas las carreras y especialidades que se dictan en el Superior de Comercio.<\/p>\n\n\n\n<p>La conformaci\u00f3n de la lista F5 refleja este compromiso con la representatividad. Junto a Patricia Rossi, integran la nueva comisi\u00f3n: <strong>Florencia Aselborn<\/strong> como Vicepresidenta, <strong>Narela Stefoni<\/strong> en el rol de Tesorera, <strong>Fabricio Froschauer<\/strong> como Protesorero, y <strong>Morena Tonicelli<\/strong> ocupando el cargo de Secretaria General. Adem\u00e1s, la lista cuenta con <strong>vocales que representan a otras tecnicaturas<\/strong>, asegurando as\u00ed una voz para cada \u00e1rea acad\u00e9mica de la instituci\u00f3n.<\/p>\n","protected":false},"excerpt":{"rendered":"<p>Patricia Rossi Asume la Presidencia del Centro de Estudiantes del Superior de Comercio N\u00b0 51 con la Lista F5.<\/p>\n","protected":false},"author":1,"featured_media":46462,"comment_status":"open","ping_status":"open","sticky":false,"template":"","format":"image","meta":{"_jetpack_memberships_contains_paid_content":false,"footnotes":"","jetpack_publicize_message":"","jetpack_publicize_feature_enabled":true,"jetpack_social_post_already_shared":true,"jetpack_social_options":{"image_generator_settings":{"template":"highway","default_image_id":0,"enabled":false},"version":2}},"categories":[6,8,1,2,7,3],"tags":[11795,5030,11797,11794,10514,11796],"class_list":["post-46461","post","type-post","status-publish","format-image","has-post-thumbnail","hentry","category-cultura-entretenimiento","category-deliberando","category-diario-armstrong","category-locales","category-politica","category-region","tag-centro-de-estudiantes","tag-diario-armstrong","tag-lista-f5","tag-patricia-rossi","tag-presidencia","tag-sup-de-comercio-n-51","post_format-post-format-image"],"jetpack_publicize_connections":[],"jetpack_featured_media_url":"https:\/\/armstrongyregion.com.ar\/diario\/wp-content\/uploads\/2025\/06\/PATRI-1-.jpg","jetpack_shortlink":"https:\/\/wp.me\/p62QDO-c5n","jetpack_sharing_enabled":true,"amp_enabled":true,"_links":{"self":[{"href":"https:\/\/armstrongyregion.com.ar\/diario\/wp-json\/wp\/v2\/posts\/46461","targetHints":{"allow":["GET"]}}],"collection":[{"href":"https:\/\/armstrongyregion.com.ar\/diario\/wp-json\/wp\/v2\/posts"}],"about":[{"href":"https:\/\/armstrongyregion.com.ar\/diario\/wp-json\/wp\/v2\/types\/post"}],"author":[{"embeddable":true,"href":"https:\/\/armstrongyregion.com.ar\/diario\/wp-json\/wp\/v2\/users\/1"}],"replies":[{"embeddable":true,"href":"https:\/\/armstrongyregion.com.ar\/diario\/wp-json\/wp\/v2\/comments?post=46461"}],"version-history":[{"count":8,"href":"https:\/\/armstrongyregion.com.ar\/diario\/wp-json\/wp\/v2\/posts\/46461\/revisions"}],"predecessor-version":[{"id":46479,"href":"https:\/\/armstrongyregion.com.ar\/diario\/wp-json\/wp\/v2\/posts\/46461\/revisions\/46479"}],"wp:featuredmedia":[{"embeddable":true,"href":"https:\/\/armstrongyregion.com.ar\/diario\/wp-json\/wp\/v2\/media\/46462"}],"wp:attachment":[{"href":"https:\/\/armstrongyregion.com.ar\/diario\/wp-json\/wp\/v2\/media?parent=46461"}],"wp:term":[{"taxonomy":"category","embeddable":true,"href":"https:\/\/armstrongyregion.com.ar\/diario\/wp-json\/wp\/v2\/categories?post=46461"},{"taxonomy":"post_tag","embeddable":true,"href":"https:\/\/armstrongyregion.com.ar\/diario\/wp-json\/wp\/v2\/tags?post=46461"}],"curies":[{"name":"wp","href":"https:\/\/api.w.org\/{rel}","templated":true}]}}