{"id":46448,"date":"2025-06-05T23:01:07","date_gmt":"2025-06-05T23:01:07","guid":{"rendered":"https:\/\/armstrongyregion.com.ar\/diario\/?p=46448"},"modified":"2025-06-05T23:01:09","modified_gmt":"2025-06-05T23:01:09","slug":"el-intendente-luzzi-recibio-a-una-delegacion-brasilera","status":"publish","type":"post","link":"https:\/\/armstrongyregion.com.ar\/diario\/el-intendente-luzzi-recibio-a-una-delegacion-brasilera\/","title":{"rendered":"El Intendente Luzzi recibi\u00f3 a una delegaci\u00f3n brasilera."},"content":{"rendered":"\n<figure class=\"wp-block-image size-full\"><img loading=\"lazy\" decoding=\"async\" width=\"520\" height=\"390\" src=\"http:\/\/armstrongyregion.com.ar\/diario\/wp-content\/uploads\/2025\/06\/delegacion.brasilera-1-.jpg\" alt=\"\" class=\"wp-image-46451\" srcset=\"https:\/\/armstrongyregion.com.ar\/diario\/wp-content\/uploads\/2025\/06\/delegacion.brasilera-1-.jpg 520w, https:\/\/armstrongyregion.com.ar\/diario\/wp-content\/uploads\/2025\/06\/delegacion.brasilera-1--300x225.jpg 300w\" sizes=\"auto, (max-width: 520px) 100vw, 520px\" \/><\/figure>\n\n\n\n<p>En la ma\u00f1ana del mi\u00e9rcoles 4 de junio en el sal\u00f3n San Mart\u00edn de la Municipalidad de Armstrong, el<br>Intendente Guillermo Luzzi recibi\u00f3 al Prefeito de la ciudad de Sao Carlos (Brasil) Antonio Netto<br>Donato quien lleg\u00f3 a nuestra ciudad en el marco de la realizaci\u00f3n de la muestra AgroActiva 2025.<br>En la oportunidad y mediante el Decreto N\u00b0 042\/2025, Luzzi declar\u00f3 al funcionario visitante Hu\u00e9sped<br>de Honor de Armstrong.<\/p>\n\n\n\n<figure class=\"wp-block-image size-full\"><img loading=\"lazy\" decoding=\"async\" width=\"419\" height=\"315\" src=\"http:\/\/armstrongyregion.com.ar\/diario\/wp-content\/uploads\/2025\/06\/delegacion-brasilera-2-1-1.jpg\" alt=\"\" class=\"wp-image-46450\" srcset=\"https:\/\/armstrongyregion.com.ar\/diario\/wp-content\/uploads\/2025\/06\/delegacion-brasilera-2-1-1.jpg 419w, https:\/\/armstrongyregion.com.ar\/diario\/wp-content\/uploads\/2025\/06\/delegacion-brasilera-2-1-1-300x226.jpg 300w\" sizes=\"auto, (max-width: 419px) 100vw, 419px\" \/><\/figure>\n\n\n\n<p><br>Netto Donato se encontraba acompa\u00f1ado por el Viceprefeito de Sao Carlos Roselei Aparecido<br>Francoso. el Presidente del Centro de las Industrias del Estado de Sao Paulo (CIESP) Marcos Enrique<br>Dos Santos, la Presidente de la Asociaci\u00f3n Comercial e Industrial de San Carlos (ACISC) Ivone de<br>F\u00e1tima Manente Zanquim, un miembro de la Secretar\u00eda de Desarrollo Econ\u00f3mico y Director de la<br>ACISC Renato Martins Gonzaga Batista, el CEO Grupo Piccin Camilo Ramos, el director comercial<br>Grupo Piccin Marco Gobesso, el CEO del Grupo Crucianelli Gustavo Crucianelli, y el Gerente de<br>Finanzas del Grupo Crucianelli Adri\u00e1n Titarelli.<br>Participaron tambi\u00e9n del encuentro el Senador Provincial Pablo Verdecchia, el Presidente del<br>Concejo Municipal Alejandro Pertusati, la Concejal Garc\u00eda, y las secretarias de Educaci\u00f3n y Desarrollo<br>Integral Rosana Siri, de Gobierno Daniela P\u00e9rez, y de Obras P\u00fablicas Ing. Natalia Mart\u00ednez.<br>Dicha visita fortalece los v\u00ednculos de cooperaci\u00f3n, intercambio y hermanamiento entre su municipio<br>y nuestra ciudad, constituyendo un gesto de reconocimiento hacia el desarrollo de nuestra regi\u00f3n,<br>en especial por el v\u00ednculo establecido con una muy reconocida industria local.<\/p>\n","protected":false},"excerpt":{"rendered":"<p>El Intendente Luzzi recibi\u00f3 a una delegaci\u00f3n brasilera.<\/p>\n","protected":false},"author":1,"featured_media":46450,"comment_status":"open","ping_status":"open","sticky":false,"template":"","format":"image","meta":{"_jetpack_memberships_contains_paid_content":false,"footnotes":"","jetpack_publicize_message":"","jetpack_publicize_feature_enabled":true,"jetpack_social_post_already_shared":true,"jetpack_social_options":{"image_generator_settings":{"template":"highway","default_image_id":0,"enabled":false},"version":2}},"categories":[8,1,2,7,3],"tags":[11790,1183,5030,10184,496],"class_list":["post-46448","post","type-post","status-publish","format-image","has-post-thumbnail","hentry","category-deliberando","category-diario-armstrong","category-locales","category-politica","category-region","tag-brasilera","tag-delegacion","tag-diario-armstrong","tag-intendente-luzzi","tag-recibio","post_format-post-format-image"],"jetpack_publicize_connections":[],"jetpack_featured_media_url":"https:\/\/armstrongyregion.com.ar\/diario\/wp-content\/uploads\/2025\/06\/delegacion-brasilera-2-1-1.jpg","jetpack_shortlink":"https:\/\/wp.me\/p62QDO-c5a","jetpack_sharing_enabled":true,"amp_enabled":true,"_links":{"self":[{"href":"https:\/\/armstrongyregion.com.ar\/diario\/wp-json\/wp\/v2\/posts\/46448","targetHints":{"allow":["GET"]}}],"collection":[{"href":"https:\/\/armstrongyregion.com.ar\/diario\/wp-json\/wp\/v2\/posts"}],"about":[{"href":"https:\/\/armstrongyregion.com.ar\/diario\/wp-json\/wp\/v2\/types\/post"}],"author":[{"embeddable":true,"href":"https:\/\/armstrongyregion.com.ar\/diario\/wp-json\/wp\/v2\/users\/1"}],"replies":[{"embeddable":true,"href":"https:\/\/armstrongyregion.com.ar\/diario\/wp-json\/wp\/v2\/comments?post=46448"}],"version-history":[{"count":1,"href":"https:\/\/armstrongyregion.com.ar\/diario\/wp-json\/wp\/v2\/posts\/46448\/revisions"}],"predecessor-version":[{"id":46452,"href":"https:\/\/armstrongyregion.com.ar\/diario\/wp-json\/wp\/v2\/posts\/46448\/revisions\/46452"}],"wp:featuredmedia":[{"embeddable":true,"href":"https:\/\/armstrongyregion.com.ar\/diario\/wp-json\/wp\/v2\/media\/46450"}],"wp:attachment":[{"href":"https:\/\/armstrongyregion.com.ar\/diario\/wp-json\/wp\/v2\/media?parent=46448"}],"wp:term":[{"taxonomy":"category","embeddable":true,"href":"https:\/\/armstrongyregion.com.ar\/diario\/wp-json\/wp\/v2\/categories?post=46448"},{"taxonomy":"post_tag","embeddable":true,"href":"https:\/\/armstrongyregion.com.ar\/diario\/wp-json\/wp\/v2\/tags?post=46448"}],"curies":[{"name":"wp","href":"https:\/\/api.w.org\/{rel}","templated":true}]}}