{"id":46445,"date":"2025-06-05T22:57:47","date_gmt":"2025-06-05T22:57:47","guid":{"rendered":"https:\/\/armstrongyregion.com.ar\/diario\/?p=46445"},"modified":"2025-06-05T22:57:49","modified_gmt":"2025-06-05T22:57:49","slug":"5-de-junio-dia-mundial-del-medio-ambiente-2","status":"publish","type":"post","link":"https:\/\/armstrongyregion.com.ar\/diario\/5-de-junio-dia-mundial-del-medio-ambiente-2\/","title":{"rendered":"5 de junio D\u00eda Mundial del Medio Ambiente."},"content":{"rendered":"\n<figure class=\"wp-block-image size-full\"><img loading=\"lazy\" decoding=\"async\" width=\"256\" height=\"320\" src=\"http:\/\/armstrongyregion.com.ar\/diario\/wp-content\/uploads\/2025\/06\/medio-ambiente-25.jpg\" alt=\"\" class=\"wp-image-46446\" srcset=\"https:\/\/armstrongyregion.com.ar\/diario\/wp-content\/uploads\/2025\/06\/medio-ambiente-25.jpg 256w, https:\/\/armstrongyregion.com.ar\/diario\/wp-content\/uploads\/2025\/06\/medio-ambiente-25-240x300.jpg 240w\" sizes=\"auto, (max-width: 256px) 100vw, 256px\" \/><\/figure>\n\n\n\n<p>Desde hace algunos a\u00f1os, la Municipalidad de Armstrong lleva adelante el Programa \u201cYo Me<br>Comprometo\u201d cuyo objetivo es concientizar a la ciudadan\u00eda sobre la importancia del cuidado y<br>respeto del medio ambiente.<br>El 5 de junio se celebra el D\u00eda Mundial del Medio Ambiente, una&nbsp;fecha designada por las Naciones<br>Unidas para concienciar sobre la importancia de la protecci\u00f3n del medio ambiente.&nbsp;Este d\u00eda se<br>conmemora desde 1973 y tiene como objetivo principal fomentar la conciencia ambiental y<br>estimular la acci\u00f3n global en la protecci\u00f3n del planeta.<br>A continuaci\u00f3n, se enumeran actividades llevadas a cabo, entre otras, con el acompa\u00f1amiento de la<br>comunidad:<\/p>\n\n\n\n<ul class=\"wp-block-list\">\n<li>Formulaci\u00f3n de proyectos locales de mitigaci\u00f3n y adaptaci\u00f3n al cambio clim\u00e1tico.<\/li>\n\n\n\n<li>Compromiso como Ciudad Educadora en la concientizaci\u00f3n y difusi\u00f3n de las acciones de<br>reducci\u00f3n de gases de efecto invernadero, mitigaci\u00f3n y adaptaci\u00f3n contra el cambio<br>clim\u00e1tico.<\/li>\n\n\n\n<li>Construcci\u00f3n de una nueva planta de tratamiento.<\/li>\n\n\n\n<li>Econom\u00eda Circular: Adecuaci\u00f3n de la log\u00edstica de contenerizaci\u00f3n diferenciada, recolecci\u00f3n,<br>acopio, tratamiento y entrega de materiales.<\/li>\n\n\n\n<li>Promoci\u00f3n de acciones de triple impacto: social, econ\u00f3mico y ambiental.<\/li>\n\n\n\n<li>Recolecci\u00f3n y tratamiento de residuos secos urbanos para su posterior reciclado.<\/li>\n\n\n\n<li>Recolecci\u00f3n de aceite vegetal usado y saneamiento de grandes generadores comerciales<\/li>\n\n\n\n<li>Mejoras de la iluminaci\u00f3n en \u00e1reas p\u00fablicas con tecnolog\u00eda Led.<\/li>\n\n\n\n<li>Capacitaciones a empleados p\u00fablicos sobre ahorro energ\u00e9tico.<\/li>\n\n\n\n<li>Generaci\u00f3n de energ\u00edas limpias a trav\u00e9s de la instalaci\u00f3n de paneles fotovoltaicos.<\/li>\n\n\n\n<li>Fomento del compostaje y obtenci\u00f3n de abono org\u00e1nico a trav\u00e9s de la biodegradaci\u00f3n de<br>hojas secas recolectadas de los espacios p\u00fablicos.<\/li>\n\n\n\n<li>Planificaci\u00f3n estrat\u00e9gica de la forestaci\u00f3n en espacios p\u00fablicos.<\/li>\n\n\n\n<li>Buenas pr\u00e1cticas de poda y escamonda. Reutilizaci\u00f3n de los desechos como le\u00f1a o chip.<\/li>\n\n\n\n<li>Capacitaciones en compostaje domiciliario y entrega de composteras.<\/li>\n\n\n\n<li>Creaci\u00f3n del Centro de Almacenamiento Transitorio de para la trazabilidad y reutilizaci\u00f3n de<br>los residuos peligrosos provenientes de los agroqu\u00edmicos.<\/li>\n\n\n\n<li>Mantenimiento permanente y mejoras al sistema de desag\u00fces fluviales.<\/li>\n\n\n\n<li>Ampliaci\u00f3n de la red de efluentes cloacales y su \u00e1rea de decantaci\u00f3n y saneamiento.<\/li>\n\n\n\n<li>Trazado de bicisendas y fomento de la movilidad sustentable.<\/li>\n<\/ul>\n","protected":false},"excerpt":{"rendered":"<p>5 de junio D\u00eda Mundial del Medio Ambiente.<\/p>\n","protected":false},"author":1,"featured_media":46446,"comment_status":"open","ping_status":"open","sticky":false,"template":"","format":"image","meta":{"_jetpack_memberships_contains_paid_content":false,"footnotes":"","jetpack_publicize_message":"","jetpack_publicize_feature_enabled":true,"jetpack_social_post_already_shared":true,"jetpack_social_options":{"image_generator_settings":{"template":"highway","default_image_id":0,"enabled":false},"version":2}},"categories":[8,1,2,7,3],"tags":[11789,8609,5030,2896,1890],"class_list":["post-46445","post","type-post","status-publish","format-image","has-post-thumbnail","hentry","category-deliberando","category-diario-armstrong","category-locales","category-politica","category-region","tag-5-de-junio","tag-dia-2","tag-diario-armstrong","tag-medioambiente","tag-mundial","post_format-post-format-image"],"jetpack_publicize_connections":[],"jetpack_featured_media_url":"https:\/\/armstrongyregion.com.ar\/diario\/wp-content\/uploads\/2025\/06\/medio-ambiente-25.jpg","jetpack_shortlink":"https:\/\/wp.me\/p62QDO-c57","jetpack_sharing_enabled":true,"amp_enabled":true,"_links":{"self":[{"href":"https:\/\/armstrongyregion.com.ar\/diario\/wp-json\/wp\/v2\/posts\/46445","targetHints":{"allow":["GET"]}}],"collection":[{"href":"https:\/\/armstrongyregion.com.ar\/diario\/wp-json\/wp\/v2\/posts"}],"about":[{"href":"https:\/\/armstrongyregion.com.ar\/diario\/wp-json\/wp\/v2\/types\/post"}],"author":[{"embeddable":true,"href":"https:\/\/armstrongyregion.com.ar\/diario\/wp-json\/wp\/v2\/users\/1"}],"replies":[{"embeddable":true,"href":"https:\/\/armstrongyregion.com.ar\/diario\/wp-json\/wp\/v2\/comments?post=46445"}],"version-history":[{"count":1,"href":"https:\/\/armstrongyregion.com.ar\/diario\/wp-json\/wp\/v2\/posts\/46445\/revisions"}],"predecessor-version":[{"id":46447,"href":"https:\/\/armstrongyregion.com.ar\/diario\/wp-json\/wp\/v2\/posts\/46445\/revisions\/46447"}],"wp:featuredmedia":[{"embeddable":true,"href":"https:\/\/armstrongyregion.com.ar\/diario\/wp-json\/wp\/v2\/media\/46446"}],"wp:attachment":[{"href":"https:\/\/armstrongyregion.com.ar\/diario\/wp-json\/wp\/v2\/media?parent=46445"}],"wp:term":[{"taxonomy":"category","embeddable":true,"href":"https:\/\/armstrongyregion.com.ar\/diario\/wp-json\/wp\/v2\/categories?post=46445"},{"taxonomy":"post_tag","embeddable":true,"href":"https:\/\/armstrongyregion.com.ar\/diario\/wp-json\/wp\/v2\/tags?post=46445"}],"curies":[{"name":"wp","href":"https:\/\/api.w.org\/{rel}","templated":true}]}}