{"id":46441,"date":"2025-06-05T22:55:03","date_gmt":"2025-06-05T22:55:03","guid":{"rendered":"https:\/\/armstrongyregion.com.ar\/diario\/?p=46441"},"modified":"2025-06-05T22:55:06","modified_gmt":"2025-06-05T22:55:06","slug":"financiamiento-para-la-industria-y-un-departamento-belgrano-corazon-de-la-produccion","status":"publish","type":"post","link":"https:\/\/armstrongyregion.com.ar\/diario\/financiamiento-para-la-industria-y-un-departamento-belgrano-corazon-de-la-produccion\/","title":{"rendered":"Financiamiento para la industria y un departamento Belgrano, coraz\u00f3n de la producci\u00f3n."},"content":{"rendered":"\n<figure class=\"wp-block-image size-full\"><img loading=\"lazy\" decoding=\"async\" width=\"400\" height=\"267\" src=\"http:\/\/armstrongyregion.com.ar\/diario\/wp-content\/uploads\/2025\/06\/gobernador-2.jpg\" alt=\"\" class=\"wp-image-46442\" srcset=\"https:\/\/armstrongyregion.com.ar\/diario\/wp-content\/uploads\/2025\/06\/gobernador-2.jpg 400w, https:\/\/armstrongyregion.com.ar\/diario\/wp-content\/uploads\/2025\/06\/gobernador-2-300x200.jpg 300w\" sizes=\"auto, (max-width: 400px) 100vw, 400px\" \/><\/figure>\n\n\n\n<p>El Senador Verdecchia acompa\u00f1\u00f3 al Gobernador y su equipo productivo en la presentaci\u00f3n de las nuevas l\u00edneas de financiamiento para la industria que lanz\u00f3 el Gobierno. Se trata de m\u00e1s de 66.800 millones para financiar las tasas de cr\u00e9ditos para maquinaria agr\u00edcola,<br>capital de trabajo y proyectos estrat\u00e9gicos con m\u00e1s de 26 l\u00edneas de cr\u00e9dito.<\/p>\n\n\n\n<figure class=\"wp-block-image size-full\"><img loading=\"lazy\" decoding=\"async\" width=\"400\" height=\"320\" src=\"http:\/\/armstrongyregion.com.ar\/diario\/wp-content\/uploads\/2025\/06\/gobernador-1-.jpg\" alt=\"\" class=\"wp-image-46443\" srcset=\"https:\/\/armstrongyregion.com.ar\/diario\/wp-content\/uploads\/2025\/06\/gobernador-1-.jpg 400w, https:\/\/armstrongyregion.com.ar\/diario\/wp-content\/uploads\/2025\/06\/gobernador-1--300x240.jpg 300w\" sizes=\"auto, (max-width: 400px) 100vw, 400px\" \/><\/figure>\n\n\n\n<p>\u201cUna vez m\u00e1s se demuestra la decisi\u00f3n del Gobierno de apostar a una pol\u00edtica industrial que beneficie a todos los actores econ\u00f3micos, generando m\u00e1s trabajo y crecimiento para las ciudades y comunas, no solo de nuestro departamento si no de toda Santa Fe.\u201d declar\u00f3 Verdecchia.<\/p>\n\n\n\n<p>Adem\u00e1s agreg\u00f3 \u201cTrabajando mancumanadamente<br>logramos que m\u00e1s de 30 expositores de nuestro departamento muestren sus productos en el stand de la provincia. Esto sin dudas demuestra que somos el motor de la<br>industria de la maquinaria agr\u00edcola en todo el pa\u00eds\u201d.<\/p>\n","protected":false},"excerpt":{"rendered":"<p>Financiamiento para la industria y un departamento Belgrano, coraz\u00f3n de la producci\u00f3n.<\/p>\n","protected":false},"author":1,"featured_media":46443,"comment_status":"open","ping_status":"open","sticky":false,"template":"","format":"image","meta":{"_jetpack_memberships_contains_paid_content":false,"footnotes":"","jetpack_publicize_message":"","jetpack_publicize_feature_enabled":true,"jetpack_social_post_already_shared":true,"jetpack_social_options":{"image_generator_settings":{"template":"highway","default_image_id":0,"enabled":false},"version":2}},"categories":[8,1,2,7,3],"tags":[11788,10841,5030,1603,282],"class_list":["post-46441","post","type-post","status-publish","format-image","has-post-thumbnail","hentry","category-deliberando","category-diario-armstrong","category-locales","category-politica","category-region","tag-corazon-2","tag-departamento-belgrano","tag-diario-armstrong","tag-industria","tag-produccion","post_format-post-format-image"],"jetpack_publicize_connections":[],"jetpack_featured_media_url":"https:\/\/armstrongyregion.com.ar\/diario\/wp-content\/uploads\/2025\/06\/gobernador-1-.jpg","jetpack_shortlink":"https:\/\/wp.me\/p62QDO-c53","jetpack_sharing_enabled":true,"amp_enabled":true,"_links":{"self":[{"href":"https:\/\/armstrongyregion.com.ar\/diario\/wp-json\/wp\/v2\/posts\/46441","targetHints":{"allow":["GET"]}}],"collection":[{"href":"https:\/\/armstrongyregion.com.ar\/diario\/wp-json\/wp\/v2\/posts"}],"about":[{"href":"https:\/\/armstrongyregion.com.ar\/diario\/wp-json\/wp\/v2\/types\/post"}],"author":[{"embeddable":true,"href":"https:\/\/armstrongyregion.com.ar\/diario\/wp-json\/wp\/v2\/users\/1"}],"replies":[{"embeddable":true,"href":"https:\/\/armstrongyregion.com.ar\/diario\/wp-json\/wp\/v2\/comments?post=46441"}],"version-history":[{"count":1,"href":"https:\/\/armstrongyregion.com.ar\/diario\/wp-json\/wp\/v2\/posts\/46441\/revisions"}],"predecessor-version":[{"id":46444,"href":"https:\/\/armstrongyregion.com.ar\/diario\/wp-json\/wp\/v2\/posts\/46441\/revisions\/46444"}],"wp:featuredmedia":[{"embeddable":true,"href":"https:\/\/armstrongyregion.com.ar\/diario\/wp-json\/wp\/v2\/media\/46443"}],"wp:attachment":[{"href":"https:\/\/armstrongyregion.com.ar\/diario\/wp-json\/wp\/v2\/media?parent=46441"}],"wp:term":[{"taxonomy":"category","embeddable":true,"href":"https:\/\/armstrongyregion.com.ar\/diario\/wp-json\/wp\/v2\/categories?post=46441"},{"taxonomy":"post_tag","embeddable":true,"href":"https:\/\/armstrongyregion.com.ar\/diario\/wp-json\/wp\/v2\/tags?post=46441"}],"curies":[{"name":"wp","href":"https:\/\/api.w.org\/{rel}","templated":true}]}}