{"id":4642,"date":"2015-10-21T20:54:01","date_gmt":"2015-10-21T20:54:01","guid":{"rendered":"https:\/\/armstrongyregion.com.ar\/diario\/?p=4642"},"modified":"2015-10-21T20:54:01","modified_gmt":"2015-10-21T20:54:01","slug":"oficina-movil-de-anses-nuevamente-en-armstrong","status":"publish","type":"post","link":"https:\/\/armstrongyregion.com.ar\/diario\/oficina-movil-de-anses-nuevamente-en-armstrong\/","title":{"rendered":"Oficina m\u00f3vil de ANSES nuevamente en Armstrong."},"content":{"rendered":"<p><a href=\"http:\/\/armstrongyregion.com.ar\/diario\/wp-content\/uploads\/2015\/10\/anses_Armstrong.jpg\"><img loading=\"lazy\" decoding=\"async\" class=\"alignnone size-medium wp-image-4643\" src=\"http:\/\/armstrongyregion.com.ar\/diario\/wp-content\/uploads\/2015\/10\/anses_Armstrong-300x234.jpg\" alt=\"anses_Armstrong\" width=\"300\" height=\"234\" srcset=\"https:\/\/armstrongyregion.com.ar\/diario\/wp-content\/uploads\/2015\/10\/anses_Armstrong-300x234.jpg 300w, https:\/\/armstrongyregion.com.ar\/diario\/wp-content\/uploads\/2015\/10\/anses_Armstrong.jpg 655w\" sizes=\"auto, (max-width: 300px) 100vw, 300px\" \/><\/a>El Partido Justicialista de Armstrong comunica a toda la poblaci\u00f3n que el d\u00eda Jueves 22\/10 se har\u00e1 presente en nuestra ciudad la oficina m\u00f3vil de ANSES, la misma se ha gestionado oportunamente con el Senador electo Guillermo Cornaglia y el actual Intendente de Las Parejas, y candidato a Parlamentario del Mercosur Diego Mansilla.<br \/>\nLa atenci\u00f3n se realizar\u00e1 de 09 a 12 hs y de 14 a 17 hs en la Unidad B\u00e1sica del partido Justicialista de Armstrong cito en calle Fischer 269. Se podr\u00e1n realizar todas las tramitaciones respectivas de ANSES: Asignaciones Universales, Asignaciones Familiares, Ayuda Escolar Anual, Progresar, Procrear, Cr\u00e9ditos Argenta, constancias de CUIL y CUIT, programa HOGAR, consultas sobre Jubilaciones y Pensiones, etc.<\/p>\n","protected":false},"excerpt":{"rendered":"<p>El Partido Justicialista de Armstrong comunica a toda la poblaci\u00f3n que el d\u00eda Jueves 22\/10 se har\u00e1 presente en nuestra ciudad la oficina m\u00f3vil de ANSES, la misma se ha gestionado oportunamente con el Senador electo Guillermo Cornaglia y el actual Intendente de Las Parejas, y candidato a Parlamentario del Mercosur Diego Mansilla. La atenci\u00f3n <a href=\"https:\/\/armstrongyregion.com.ar\/diario\/oficina-movil-de-anses-nuevamente-en-armstrong\/\" title=\"Read more\" >&#8230;<\/a><\/p>\n","protected":false},"author":2,"featured_media":4643,"comment_status":"open","ping_status":"open","sticky":false,"template":"","format":"standard","meta":{"_jetpack_memberships_contains_paid_content":false,"footnotes":"","jetpack_publicize_message":"","jetpack_publicize_feature_enabled":true,"jetpack_social_post_already_shared":false,"jetpack_social_options":{"image_generator_settings":{"template":"highway","default_image_id":0,"enabled":false},"version":2}},"categories":[1,2,7],"tags":[1218,20,19,15,56,167,1654],"class_list":["post-4642","post","type-post","status-publish","format-standard","has-post-thumbnail","hentry","category-diario-armstrong","category-locales","category-politica","tag-anses","tag-armstrong","tag-de","tag-en","tag-movil","tag-nuevamente","tag-oficina"],"jetpack_publicize_connections":[],"jetpack_featured_media_url":"https:\/\/armstrongyregion.com.ar\/diario\/wp-content\/uploads\/2015\/10\/anses_Armstrong.jpg","jetpack_shortlink":"https:\/\/wp.me\/p62QDO-1cS","jetpack_sharing_enabled":true,"amp_enabled":true,"_links":{"self":[{"href":"https:\/\/armstrongyregion.com.ar\/diario\/wp-json\/wp\/v2\/posts\/4642","targetHints":{"allow":["GET"]}}],"collection":[{"href":"https:\/\/armstrongyregion.com.ar\/diario\/wp-json\/wp\/v2\/posts"}],"about":[{"href":"https:\/\/armstrongyregion.com.ar\/diario\/wp-json\/wp\/v2\/types\/post"}],"author":[{"embeddable":true,"href":"https:\/\/armstrongyregion.com.ar\/diario\/wp-json\/wp\/v2\/users\/2"}],"replies":[{"embeddable":true,"href":"https:\/\/armstrongyregion.com.ar\/diario\/wp-json\/wp\/v2\/comments?post=4642"}],"version-history":[{"count":0,"href":"https:\/\/armstrongyregion.com.ar\/diario\/wp-json\/wp\/v2\/posts\/4642\/revisions"}],"wp:featuredmedia":[{"embeddable":true,"href":"https:\/\/armstrongyregion.com.ar\/diario\/wp-json\/wp\/v2\/media\/4643"}],"wp:attachment":[{"href":"https:\/\/armstrongyregion.com.ar\/diario\/wp-json\/wp\/v2\/media?parent=4642"}],"wp:term":[{"taxonomy":"category","embeddable":true,"href":"https:\/\/armstrongyregion.com.ar\/diario\/wp-json\/wp\/v2\/categories?post=4642"},{"taxonomy":"post_tag","embeddable":true,"href":"https:\/\/armstrongyregion.com.ar\/diario\/wp-json\/wp\/v2\/tags?post=4642"}],"curies":[{"name":"wp","href":"https:\/\/api.w.org\/{rel}","templated":true}]}}